{"id":66526,"date":"2024-02-09T13:12:20","date_gmt":"2024-02-09T10:12:20","guid":{"rendered":"https:\/\/mersingazetesi.com\/?p=66526"},"modified":"2024-06-11T21:47:45","modified_gmt":"2024-06-11T18:47:45","slug":"penceremden-koylulerin-soz-hakki-ve-yetkisi-ellerinden-nasil-kurnazca-alindi","status":"publish","type":"post","link":"https:\/\/mersingazetesi.com\/index.php\/2024\/02\/09\/penceremden-koylulerin-soz-hakki-ve-yetkisi-ellerinden-nasil-kurnazca-alindi\/","title":{"rendered":"PENCEREMDEN: K\u00d6YL\u00dcLER\u0130N S\u00d6Z HAKKI VE YETK\u0130S\u0130 ELLER\u0130NDEN NASIL KURNAZCA ALINDI?"},"content":{"rendered":"<p>\u00d6nceki yaz\u0131m\u0131, Mersin \u00c7evre ve \u0130klim M\u00fcd\u00fcrl\u00fc\u011f\u00fc \u00f6n\u00fcnde \u00f6nceki g\u00fcn(8 \u015eubat 2024 Per\u015fembe) De\u011firmen\u00e7ay, Turun\u00e7lu, Karahac\u0131l\u0131 k\u00f6yl\u00fclerinin k\u00f6ylerinde TA\u015eOCA\u011eI a\u00e7\u0131lmamas\u0131 i\u00e7in \u00c7ED raporuna toplu itiraz dilek\u00e7eleri ile yapacaklar\u0131 eylemin duyurusu ile bitirmi\u015ftim.<br \/>\nEylemde k\u00f6yl\u00fcleri desteklemek i\u00e7in MER\u00c7ED (Mersin \u00c7evre Derne\u011fi), TMMOB Mimarlar Odas\u0131 ADD, \u00c7YDD ve di\u011fer Demokratik Kitle \u00d6rg\u00fctlerinin y\u00f6netici ve \u00fcyeleri kalabal\u0131k olarak kat\u0131ld\u0131.<\/p>\n<p>Kentimizde, Atat\u00fcrk Park\u0131\u2019na ek liman in\u015faat\u0131n\u0131 dayatan ve hukuku arkadan dola\u015fan, AKP destekli kirac\u0131 firman\u0131n, Atat\u00fcrk Park\u0131 ek liman iskelesi dolgusunda kullanaca\u011f\u0131 ta\u015f ocaklar\u0131n\u0131n \u00c7ED raporuna itiraz dilek\u00e7eleri verilmeden \u00f6nce k\u00f6yl\u00fcler ad\u0131na bas\u0131n a\u00e7\u0131klamas\u0131n\u0131 Turun\u00e7lu k\u00f6y\u00fc muhtar\u0131 okudu.<br \/>\nSlogan ve alk\u0131\u015flarla yap\u0131lan bas\u0131n a\u00e7\u0131klamas\u0131 sonunda kat\u0131lanlar\u0131n itiraz dilek\u00e7eleri \u0130l \u0130klim ve \u00c7evre M\u00fcd\u00fcrl\u00fc\u011f\u00fc\u2019ne verildi.<\/p>\n<p>AKP K\u00d6YLER\u0130 MAHALLE YAPARAK<br \/>\nNEDEN SAVUNMASIZ BIRAKTI?<\/p>\n<p>K\u00f6yler Anadolu K\u00fclt\u00fcr\u00fc\u2019n\u00fcn ve tar\u0131msal \u00fcretimin geleneksel merkezlerdir.<br \/>\nBunu \u00e7ok iyi bilen<br \/>\nMustafa Kemal ATAT\u00dcRK\u2019\u00fcn 1924 y\u0131l\u0131nda bizzat kaleme alarak olu\u015fturdu\u011fu k\u00f6y kanunu ile k\u00f6y t\u00fczel ki\u015filikler olu\u015fturulmu\u015f.<br \/>\nK\u00f6yler ve ortak mallar\u0131n\u0131n (meralar\u0131, sular\u0131 vb) korumas\u0131 k\u00f6y t\u00fczel ki\u015filiklerine yani k\u00f6yl\u00fclerin bizzat se\u00e7ti\u011fi muhtar ve ihtiyar meclisi(azalar\u0131na), yani sahiplerine teslim edilmi\u015ftir.<br \/>\nK\u00f6yde muhtar\u0131n izni ve haberi olmadan k\u00f6yl\u00fclerin aleyhine bir i\u015flem yap\u0131lamazd\u0131.<br \/>\nAKP\u2019nin, bat\u0131l\u0131 devletlerin istedi\u011fi \u015fekilde maden yasas\u0131n\u0131 de\u011fi\u015ftirerek ve madenlerin yabanc\u0131 \u015firketlerin i\u015fletmesine ve talan\u0131na a\u00e7\u0131ld\u0131.<br \/>\n2014 y\u0131l\u0131nda, kentte olan her konfor ve rahatl\u0131\u011f\u0131n k\u00f6ye gelece\u011fi vaatleri(\u015fekerleri) ile uygulamaya koydu\u011fu B\u00dcY\u00dcK\u015eEH\u0130R\/B\u00dcT\u00dcN\u015eEH\u0130R YASASI ile K\u00f6yler Mahalle yap\u0131lm\u0131\u015ft\u0131r.<br \/>\nB\u00f6ylelikle bizzat k\u00f6yl\u00fclerin do\u011frudan se\u00e7ti\u011fi muhtar ve azalar\u0131n kontrol\u00fcnde olan K\u00d6Y T\u00dcZEL K\u0130\u015e\u0130L\u0130KLER\u0130 ORTADAN KALDIRILMI\u015eTIR.<br \/>\nB\u00f6ylelikle k\u00f6ylerin s\u0131n\u0131rlar\u0131 i\u00e7indeki maden ocaklar\u0131n\u0131n i\u015fletme ruhsatlar\u0131 ile k\u00f6y\u00fcn meralar\u0131n\u0131n ve sular\u0131n\u0131n i\u015fletmesi Ankara ve kent merkezlerinden verilmekte, kentlerdeki t\u00fcm rahatl\u0131k k\u00f6ylere de gelecek kand\u0131rmas\u0131 ile k\u00f6ylerde ya\u015fayan K\u00d6YL\u00dcLER\u0130N S\u00d6Z HAKKI VE YETK\u0130S\u0130 ELLER\u0130NDEN KURNAZCA ALINMI\u015eTIR.<br \/>\nB\u00f6ylelikle k\u00f6yl\u00fclerin, \u00c7ED Raporu gibi sadece uzmanlar\u0131n bilebilece\u011fi teknik ve ayr\u0131nt\u0131l\u0131 rapora hem eri\u015fim a\u00e7\u0131s\u0131ndan, hemde ne anlama geldi\u011fini, nas\u0131l sonu\u00e7lar yarataca\u011f\u0131n\u0131 \u00f6nceden bilip, 15 g\u00fcn gibi k\u0131sa bir s\u00fcrede itiraz etme olanaklar\u0131 yoktur.<\/p>\n<p>Ayr\u0131ca, haberleri olsa bile, mahalle yap\u0131lan kendi k\u00f6y\u00fcm Arslank\u00f6y gibi Mersin\u2019e 60 km uzakl\u0131ktaki k\u00f6y\u00fcnde i\u015finde g\u00fcc\u00fcnde olan k\u00f6yl\u00fcler ve\/veya muhtar ve azalar\u0131n\u0131n pratik olarak, i\u015flerini g\u00fc\u00e7lerini b\u0131rak\u0131p, \u00f6zel ilgi ve ara\u00e7 deste\u011fi olmadan kendi kendilerinin organize olup kent merkezindeki ilgili m\u00fcd\u00fcrl\u00fcklere gelip, \u00c7ED RAPORLARINA \u0130T\u0130RAZ ETMES\u0130 BUG\u00dcNK\u00dc EKONOM\u0130K KO\u015eULLARDA M\u00dcMK\u00dcN DE\u011e\u0130LD\u0130R<br \/>\nBu ko\u015fullar bilin\u00e7li olarak planlanm\u0131\u015ft\u0131r.<\/p>\n<p>K\u00d6YLERDE PATLATILAN TA\u015eOCAKLARININ ZARARLARI<\/p>\n<p>8 Ocak 2024 per\u015fembe g\u00fcn\u00fc De\u011firmen\u00e7ay, Turun\u00e7lu ve Karahac\u0131l\u0131 k\u00f6yl\u00fclerinin verdikleri itiraz dilek\u00e7elerinde yer alan hususlar asl\u0131nda Maden ocaklar\u0131n\u0131n verdikleri zararlar\u0131 ortaya koymaktad\u0131r. \u0130tiraz dilek\u00e7esi metni tam olarak:<\/p>\n<p>\u201cMersin \u00c7evre \u015eehircilik ve \u0130klim De\u011fi\u015fikli\u011fi \u0130l M\u00fcd\u00fcrl\u00fc\u011f\u00fcne,<\/p>\n<p>MIP\u2019nin yapaca\u011f\u0131 yeni liman sahas\u0131 i\u00e7in yakla\u015f\u0131k 5.000.000 ton civar\u0131nda ta\u015f blok \u00e7\u0131kar\u0131lacak ve bunlar da liman dolgusu i\u00e7in kullan\u0131lacakt\u0131r.<br \/>\nTa\u015f bloklar\u0131n \u00e7\u0131kar\u0131laca\u011f\u0131 Mersin\u2019e 15-20 km mesafede olan Turun\u00e7lu ile De\u011firmen\u00e7ay ta\u015f ocaklar\u0131 sahalar\u0131ndaki \u00c7ED raporlar\u0131 ask\u0131ya al\u0131nm\u0131\u015ft\u0131r.<br \/>\nBunun ortaya \u00e7\u0131karaca\u011f\u0131 a\u015fa\u011f\u0131daki sorunlardan dolay\u0131 yasal haklar\u0131m\u0131 kullan\u0131yorum ve ta\u015f ocaklar\u0131n\u0131n kullan\u0131m haklar\u0131n\u0131n resmile\u015ftirilmesine itiraz ediyorum.<br \/>\n1. Ta\u015f bloklar\u0131n \u00e7\u0131kar\u0131lmas\u0131 i\u00e7in Anfo patlay\u0131c\u0131lar kullan\u0131lacak. Yo\u011fun ve \u015fiddetli patlatmalar sonucu b\u00f6lgede heyelanlar, \u00e7\u00f6kmeler ger\u00e7ekle\u015fecektir.(uyuyan \u00e7ocuklar\u0131n korkmas\u0131na, gelecekte ruhsal ve psikolojilerini etkileyecektir)<br \/>\n2. Patlamalar\u0131n ve y\u00fcklemelerin etrafa yayaca\u011f\u0131 yo\u011fun toz bulutlar\u0131 ve k\u00fc\u00e7\u00fck ta\u015f molek\u00fclleri, \u00e7evredeki yerle\u015fik binalara ve ya\u015fama zarar verecektir. Tar\u0131m yap\u0131lan alanlarda, ba\u011f ve bah\u00e7elerde, (bahar aylar\u0131nda tozla\u015fmay\u0131 \u00f6nleyerek) \u00f6nemli \u00f6l\u00e7\u00fcde verim d\u00fc\u015f\u00fckl\u00fc\u011f\u00fcne neden olacakt\u0131r.<br \/>\n3. G\u00fcr\u00fclt\u00fc ve g\u00f6r\u00fcnt\u00fc kirlili\u011fi olu\u015facak. Posalar, \u00e7amur at\u0131klar\u0131 \u00e7evreyi \u00e7ok kirletecek ve bu b\u00f6lgedeki tabiat\u0131n do\u011fal yap\u0131s\u0131nda bozulmalara yol a\u00e7acakt\u0131r.<br \/>\n4. Yo\u011fun sismik titre\u015fimler, yeralt\u0131 sular\u0131nda debi ve yatak de\u011fi\u015fimine yol a\u00e7acakt\u0131r. Bu durum, i\u00e7me ve sulamada kullan\u0131lan su seviyelerinde d\u00fc\u015fmelere neden olacakt\u0131r.<br \/>\n5. Sismik titre\u015fimler sonucu zemindeki topraklar do\u011fal \u00f6zelli\u011fini kaybedecek, ya\u011fmur sular\u0131 ile daha \u00e7abuk par\u00e7alanarak ufalanacakt\u0131r. Bu da olas\u0131 sellerle neden olacak ve erozyona yol a\u00e7acakt\u0131r.<br \/>\n6. Ta\u015f ocaklar\u0131ndan \u00e7\u0131kar\u0131lan her biri yakla\u015f\u0131k 2 ton a\u011f\u0131rl\u0131\u011f\u0131ndaki ta\u015flar; t\u0131rlarla ve b\u00fcy\u00fck tonajl\u0131 kamyonlarla ta\u015f\u0131nacakt\u0131r. Bu ta\u015f\u0131ma, zaten standart asfalt kal\u0131nl\u0131\u011f\u0131nda olmayan sathi kaplama yollara tarihi ve sanat yap\u0131lar\u0131na telafisi olanaks\u0131z b\u00fcy\u00fck zararlar verecektir.<\/p>\n<p>\u00c7OK ULUSLU \u015e\u0130RKETLER M\u0130LLET\u0130N EFEND\u0130S\u0130 M\u0130 OLUYOR?<\/p>\n<p>Atat\u00fcrk, \u201cMilletin hakiki efendisi \u00fcretici olan k\u00f6yl\u00fcl\u00fcd\u00fcr\u201d diyerek k\u00f6ye ve k\u00f6yl\u00fclere verdi\u011fi de\u011feri vurgulam\u0131\u015ft\u0131r.<\/p>\n<p>E\u011fer Maden Yasas\u0131 ve B\u00fcy\u00fck\u015fehir Yasas\u0131 de\u011fi\u015fmez ise veya bunu de\u011fi\u015ftirecek bir iktidar iradesi ortaya \u00e7\u0131kmaz ise sonu\u00e7ta Anadolu K\u00fclt\u00fcr\u00fcn\u00fcn as\u0131rlar boyu ya\u015fat\u0131ld\u0131\u011f\u0131 k\u00f6ylerimiz ya\u015fanmaz hale gelecek.<br \/>\nB\u00f6ylelikle k\u00f6yl\u00fcler yoksulla\u015facak, k\u00f6yden kente g\u00f6\u00e7 artacakt\u0131r.<br \/>\nK\u00f6yler bo\u015falacak,kentlere y\u0131\u011f\u0131lacak gen\u00e7 n\u00fcfus ile i\u015fsizlik artacak, asgari \u00fccrete raz\u0131 i\u015f bulamayan gen\u00e7lerimiz bunal\u0131ma girecek, aile mutsuzluklar\u0131 artacak bo\u015fanmalar, intiharlar artacakt\u0131r. Toplumsal geleneklerimizde ve de\u011ferlerimizde bozulma, sosyal \u00e7\u00fcr\u00fcme ve da\u011f\u0131lma ba\u015flayacakt\u0131r.<br \/>\n\u00d6te yandan, i\u015f vaadiyle k\u00f6yl\u00fclerin direncini kurmaya \u00e7al\u0131\u015fan \u00c7ok Uluslu \u015eirketler (\u00c7U\u015e) Mersin \u00f6zelinde, Mersin Liman Kirac\u0131s\u0131 ta\u015f ocaklar\u0131yla ya\u015fanmaz hale gelen k\u00f6ylerden kopup gelen gen\u00e7lerimizin ASGAR\u0130 \u00dcCRETL\u0130 K\u00d6LELER\u0130N efendisi olacakt\u0131r.<br \/>\nMersin\u2019in ve \u00c7ukurova\u2019n\u0131n kolonizasyon s\u00fcreci h\u0131zlanacak, Afrikal\u0131la\u015fma s\u00fcrecine girilecektir.<br \/>\nBu s\u00fcreci durdurmak i\u00e7in \u00f6n\u00fcm\u00fczdeki YEGANE FIRSAT 31 MART YEREL SE\u00c7\u0130MLER\u0130D\u0130R.<br \/>\nMersinliler ve k\u00f6yl\u00fcler bu f\u0131rsat\u0131 iyi de\u011ferlendirilerek kendileriyle birlikte m\u00fccadele edecek, kendilerini efendi g\u00f6ren, salt hizmet belediyecili\u011fi de\u011fil, \u00d6NLER\u0130NE D\u00dc\u015e\u00dcP, KEND\u0130LER\u0130YLE B\u0130RL\u0130KTE M\u00dcCADELE EDECEK G\u00d6N\u00dcL BELED\u0130YEC\u0130L\u0130\u011e\u0130 YAPACAK meclis \u00fcyelerini ve belediye ba\u015fkanlar\u0131n\u0131 se\u00e7mekten ba\u015fka \u00e7areleri yoktur.<br \/>\nG\u00fcn bug\u00fcnd\u00fcr..!<\/p>\n","protected":false},"excerpt":{"rendered":"<p>\u00d6nceki yaz\u0131m\u0131, Mersin \u00c7evre ve \u0130klim M\u00fcd\u00fcrl\u00fc\u011f\u00fc \u00f6n\u00fcnde \u00f6nceki g\u00fcn(8 \u015eubat 2024 Per\u015fembe) De\u011firmen\u00e7ay, Turun\u00e7lu, Karahac\u0131l\u0131 k\u00f6yl\u00fclerinin k\u00f6ylerinde TA\u015eOCA\u011eI a\u00e7\u0131lmamas\u0131 i\u00e7in \u00c7ED raporuna toplu itiraz dilek\u00e7eleri ile yapacaklar\u0131 eylemin duyurusu ile bitirmi\u015ftim. Eylemde k\u00f6yl\u00fcleri desteklemek i\u00e7in MER\u00c7ED (Mersin \u00c7evre Derne\u011fi), TMMOB Mimarlar Odas\u0131 ADD, \u00c7YDD ve di\u011fer Demokratik Kitle \u00d6rg\u00fctlerinin y\u00f6netici ve \u00fcyeleri kalabal\u0131k olarak [&hellip;]<\/p>\n","protected":false},"author":13,"featured_media":66074,"comment_status":"open","ping_status":"open","sticky":false,"template":"","format":"standard","meta":{"footnotes":""},"categories":[28],"tags":[],"class_list":["post-66526","post","type-post","status-publish","format-standard","has-post-thumbnail","hentry","category-serdar-erkan"],"views":162,"_links":{"self":[{"href":"https:\/\/mersingazetesi.com\/index.php\/wp-json\/wp\/v2\/posts\/66526","targetHints":{"allow":["GET"]}}],"collection":[{"href":"https:\/\/mersingazetesi.com\/index.php\/wp-json\/wp\/v2\/posts"}],"about":[{"href":"https:\/\/mersingazetesi.com\/index.php\/wp-json\/wp\/v2\/types\/post"}],"author":[{"embeddable":true,"href":"https:\/\/mersingazetesi.com\/index.php\/wp-json\/wp\/v2\/users\/13"}],"replies":[{"embeddable":true,"href":"https:\/\/mersingazetesi.com\/index.php\/wp-json\/wp\/v2\/comments?post=66526"}],"version-history":[{"count":0,"href":"https:\/\/mersingazetesi.com\/index.php\/wp-json\/wp\/v2\/posts\/66526\/revisions"}],"wp:featuredmedia":[{"embeddable":true,"href":"https:\/\/mersingazetesi.com\/index.php\/wp-json\/wp\/v2\/media\/66074"}],"wp:attachment":[{"href":"https:\/\/mersingazetesi.com\/index.php\/wp-json\/wp\/v2\/media?parent=66526"}],"wp:term":[{"taxonomy":"category","embeddable":true,"href":"https:\/\/mersingazetesi.com\/index.php\/wp-json\/wp\/v2\/categories?post=66526"},{"taxonomy":"post_tag","embeddable":true,"href":"https:\/\/mersingazetesi.com\/index.php\/wp-json\/wp\/v2\/tags?post=66526"}],"curies":[{"name":"wp","href":"https:\/\/api.w.org\/{rel}","templated":true}]}}