{"id":66398,"date":"2024-02-07T16:27:12","date_gmt":"2024-02-07T13:27:12","guid":{"rendered":"https:\/\/mersingazetesi.com\/?p=66398"},"modified":"2024-06-11T21:47:45","modified_gmt":"2024-06-11T18:47:45","slug":"penceremden-mersinin-tas-ocaklari-cile-ocaklarina-mi-donusuyor","status":"publish","type":"post","link":"https:\/\/mersingazetesi.com\/index.php\/2024\/02\/07\/penceremden-mersinin-tas-ocaklari-cile-ocaklarina-mi-donusuyor\/","title":{"rendered":"PENCEREMDEN: MERS\u0130N\u2019\u0130N TA\u015e OCAKLARI, \u00c7\u0130LE OCAKLARINA MI D\u00d6N\u00dc\u015e\u00dcYOR?"},"content":{"rendered":"<p> 1958 y\u0131l\u0131nda i\u015fletmeye a\u00e7\u0131lan Mersin Liman\u0131\u2019n\u0131 i\u00e7indeki \u2018mevcut kirac\u0131\u2019n\u0131n  ek iskele in\u015faat\u0131na Mersinliler kar\u015f\u0131 \u00e7\u0131k\u0131yor. Ancak, Mersinlilerin t\u00fcm itirazlar\u0131na ra\u011fmen, dayatma sonucu AKP iktidar\u0131 Mersinlileri yok sayarak, hukuki s\u00fcre\u00e7teki bu karar\u0131 yarg\u0131 ad\u0131mlar\u0131 ile e\u015fg\u00fcd\u00fcml\u00fc olarak s\u00fcrd\u00fcr\u00fcyor.<\/p>\n<p>Buna kar\u015f\u0131l\u0131k, Mersin\u2019e  sahip \u00e7\u0131kaca\u011f\u0131n\u0131  d\u00fc\u015f\u00fcnd\u00fc\u011f\u00fcm\u00fcz, yerel akt\u00f6rlerin ve y\u00f6netimlerin gev\u015fek davranmalar\u0131 nedeniyle hukuki m\u00fccadele kaybedilmi\u015f, vah\u015fi in\u015faat s\u00fcrecinin  ad\u0131mlar\u0131 se\u00e7im \u00f6ncesi karma\u015fada at\u0131lmaktad\u0131r.<\/p>\n<p>Vah\u015fi liman in\u015faat\u0131 dedi\u011fimiz daha ucuz ancak \u00e7evreye ve sa\u011fl\u0131\u011fa zararl\u0131 teknikle, yakla\u015f\u0131k 5 Milyon ton ta\u015f ( her biri 2.5 ton a\u011f\u0131rl\u0131\u011f\u0131nda) ile doldurularak yap\u0131lmas\u0131 g\u00f6ze al\u0131nd\u0131.  \u00dcstelik maliyeti dahada d\u00fc\u015f\u00fcrmek i\u00e7in Mersin\u2019in \u00e7ok yak\u0131nlar\u0131ndaki, yaylalardaki ta\u015f ocaklar\u0131ndan a\u011f\u0131r tonajl\u0131 ara\u00e7larla \u00c7ED raporunda belirtilen s\u00fcrede bitirilmesi i\u00e7in, \u015fimdilik Mersin\u2019e 15-20 km mesafede ayda 5000 k\u00fcs\u00fcr ara\u00e7la Mersin\u2019in i\u00e7inden ge\u00e7ecek a\u011f\u0131r tonajl\u0131 ara\u00e7larla  limana ta\u015f\u0131nmas\u0131 gerekiyor..!<\/p>\n<p>Halbuki 1950\u2019lerin ko\u015fullar\u0131nda Mersin Liman\u0131 yap\u0131l\u0131rken Hollanda Kraliyet \u0130n\u015faat Firmas\u0131, o g\u00fcn\u00fcn ko\u015fullar\u0131nda yakla\u015f\u0131k 2-2,5 tonluk liman ta\u015flar\u0131n\u0131, Erdemli taraflar\u0131nda  denizden mavnalarla ta\u015f\u0131yarak  yapt\u0131rd\u0131\u011f\u0131  biliniyor.<\/p>\n<p>MERS\u0130N\u2019E \u00c7OK DAHA AZ ZARAR VERECEK L\u0130MAN YAPIMI M\u00dcMK\u00dcN M\u00dc?<\/p>\n<p>Evet m\u00fcmk\u00fcn. Ancak \u00f6ncelikle Atat\u00fcrk Park\u0131 i\u00e7ine EK L\u0130MAN \u0130N\u015eAATINDAN VAZGE\u00c7\u0130LMES\u0130 GEREK\u0130YOR. <\/p>\n<p>\u00c7\u00fcnk\u00fc kirac\u0131 firman\u0131n  K\u00c2R HIRSI ile kent i\u00e7ine liman yapt\u0131rmak israr\u0131 D\u00fcnyada hi\u00e7 bir modern \u015fehircilik plan anlay\u0131\u015f\u0131na uygun de\u011fildir. <\/p>\n<p>Mersin\u2019in ihtiyac\u0131 olan ve 1\/100000\u2019lik planlarda ve 10. Kalk\u0131nma Plan\u0131\u2019nda yer alan daha b\u00fcy\u00fck Aktarma(HUB) Liman\u0131 Mersin\u2019in ger\u00e7ek ihtiyac\u0131d\u0131r. Ancak, 11. ve 12. Kalk\u0131nma Planlar\u0131ndan \u00e7\u0131kar\u0131larak tart\u0131\u015f\u0131lmas\u0131 bile istenmemektedir.<\/p>\n<p>Mersinliler kendi \u00e7\u0131karlar\u0131 i\u00e7in bir fedakarl\u0131\u011fa katlan\u0131lacaksa, \u00f6ncelikle daha b\u00fcy\u00fck ve rekabet yarat\u0131c\u0131 yeni liman talep etmelidirler.<\/p>\n<p>\u0130kinci olarak, \u00e7evreye daha az zarar verecek liman beton d\u00f6k\u00fcm direkler \u00fcst\u00fcnde Beton iskeleler olarak yap\u0131labilir. Daha pahal\u0131d\u0131r. Ancak \u00e7evreye daha duyarl\u0131 bir yap\u0131m tekni\u011fidir.<\/p>\n<p>\u00dc\u00e7\u00fcnc\u00fc olarak, maliyeti d\u00fc\u015f\u00fcrmek i\u00e7in do\u011fadan ta\u015f d\u00f6k\u00fcm ile  doldurulacaksa, bu ta\u015flar, TA\u015eEL\u0130 diye adland\u0131r\u0131lan, yerle\u015fim ve tar\u0131m alanlar\u0131na uzak bat\u0131 k\u0131y\u0131lar\u0131ndan maden ocaklar\u0131 a\u00e7\u0131larak,  T\u0130V\u0130KA olarak adland\u0131r\u0131lan ta\u015f\u0131y\u0131c\u0131larla denizden ta\u015f\u0131nmal\u0131d\u0131r. <\/p>\n<p> Sonraki yaz\u0131m\u0131zda Mersin\u2019in yak\u0131nlar\u0131nda ve yaylalar\u0131nda a\u00e7\u0131lacak yeni ta\u015f ocaklar\u0131n\u0131n nas\u0131l \u2018\u00e7ile ocaklar\u0131\u2019na d\u00f6n\u00fc\u015fece\u011fini ve olas\u0131 zararlar\u0131n\u0131 yazaca\u011f\u0131z. <\/p>\n<p>\u201cYEN\u0130 A\u00c7ILACAK TA\u015e OCAKLARI\u201d<\/p>\n<p>DE\u011e\u0130RMENDERE VE TURUN\u00c7LU\u2019DA A\u00c7ILACAK TA\u015eICAKLARINA K\u00d6YL\u00dcLER \u0130T\u0130RAZ ED\u0130YOR..!<\/p>\n<p>De\u011firmen\u00e7ay ve Turun\u00e7lu k\u00f6yl\u00fcleri bug\u00fcn( 8 \u015eUBAT PER\u015eEMBE) saat 12:30\u2019da \u0130klim ve \u00c7evre M\u00fcd\u00fcrl\u00fc\u011f\u00fc \u00f6n\u00fcnde t\u00fcm Mersinlileri, yapacaklar\u0131  bas\u0131n a\u00e7\u0131klamas\u0131na ve itirazlar\u0131na destek olmaya davet ediyorlar\u2026<\/p>\n<p>Mersin \u00c7evre \u015eehircilik ve \u0130klim De\u011fi\u015fikli\u011fi \u0130l M\u00fcd\u00fcrl\u00fc\u011f\u00fcne<br \/>\nMIP\u2019nin yapaca\u011f\u0131 yeni liman sahas\u0131 i\u00e7in yakla\u015f\u0131k 5.000.000 ton civar\u0131nda ta\u015f blok \u00e7\u0131kar\u0131lacak ve bunlar da liman dolgusu i\u00e7in kullan\u0131lacakt\u0131r. Ta\u015f bloklar\u0131n \u00e7\u0131kar\u0131laca\u011f\u0131 Mersin\u2019e 15-20 km mesafede olan Turun\u00e7lu ile De\u011firmen\u00e7ay ta\u015f ocaklar\u0131 sahalar\u0131ndaki \u00c7ED raporlar\u0131 ask\u0131ya al\u0131nm\u0131\u015ft\u0131r. Bunun ortaya \u00e7\u0131karaca\u011f\u0131 a\u015fa\u011f\u0131daki sorunlardan dolay\u0131 yasal haklar\u0131m\u0131 kullan\u0131yorum ve ta\u015f ocaklar\u0131n\u0131n kullan\u0131m haklar\u0131n\u0131n resmile\u015ftirilmesine itiraz ediyorum.<br \/>\n1. Ta\u015f bloklar\u0131n \u00e7\u0131kar\u0131lmas\u0131 i\u00e7in Anfo patlay\u0131c\u0131lar kullan\u0131lacak. Yo\u011fun ve \u015fiddetli patlatmalar sonucu b\u00f6lgede heyelanlar, \u00e7\u00f6kmeler ger\u00e7ekle\u015fecektir.<br \/>\n2. Patlamalar\u0131n ve y\u00fcklemelerin etrafa yayaca\u011f\u0131 yo\u011fun toz bulutlar\u0131 ve k\u00fc\u00e7\u00fck ta\u015f molek\u00fclleri, \u00e7evredeki yerle\u015fik binalara ve ya\u015fama zarar verecektir. Tar\u0131m yap\u0131lan alanlarda, ba\u011f ve bah\u00e7elerde \u00f6nemli \u00f6l\u00e7\u00fcde verim d\u00fc\u015f\u00fckl\u00fc\u011f\u00fcne neden olacakt\u0131r.<br \/>\n3. G\u00fcr\u00fclt\u00fc ve g\u00f6r\u00fcnt\u00fc kirlili\u011fi olu\u015facak. Posalar, \u00e7amur at\u0131klar\u0131 \u00e7evreyi \u00e7ok kirletecek ve bu b\u00f6lgedeki tabiat\u0131n do\u011fal yap\u0131s\u0131nda bozulmalara yol a\u00e7acakt\u0131r.<br \/>\n4. Yo\u011fun sismik titre\u015fimler, yeralt\u0131 sular\u0131nda debi ve yatak de\u011fi\u015fimine yol a\u00e7acakt\u0131r. Bu durum, i\u00e7me ve sulamada kullan\u0131lan su seviyelerinde d\u00fc\u015fmelere neden olacakt\u0131r.<br \/>\n5. Sismik titre\u015fimler sonucu zemindeki topraklar do\u011fal \u00f6zelli\u011fini kaybedecek,  ya\u011fmur sular\u0131 ile daha \u00e7abuk par\u00e7alanarak ufalanacakt\u0131r. Bu da olas\u0131 sellerle neden olacak ve erozyona yol a\u00e7acakt\u0131r.<br \/>\n6. Ta\u015f ocaklar\u0131ndan \u00e7\u0131kar\u0131lan her biri yakla\u015f\u0131k 2 ton a\u011f\u0131rl\u0131\u011f\u0131ndaki ta\u015flar; t\u0131rlarla ve b\u00fcy\u00fck tonajl\u0131 kamyonlarla ta\u015f\u0131nacakt\u0131r. Bu ta\u015f\u0131ma, zaten standart asfalt kal\u0131nl\u0131\u011f\u0131nda olmayan sathi kaplama yollara ve sanat yap\u0131lar\u0131na b\u00fcy\u00fck zararlar verecektir.<br \/>\nSayg\u0131lar\u0131mla arz ederim.<\/p>\n","protected":false},"excerpt":{"rendered":"<p>1958 y\u0131l\u0131nda i\u015fletmeye a\u00e7\u0131lan Mersin Liman\u0131\u2019n\u0131 i\u00e7indeki \u2018mevcut kirac\u0131\u2019n\u0131n ek iskele in\u015faat\u0131na Mersinliler kar\u015f\u0131 \u00e7\u0131k\u0131yor. Ancak, Mersinlilerin t\u00fcm itirazlar\u0131na ra\u011fmen, dayatma sonucu AKP iktidar\u0131 Mersinlileri yok sayarak, hukuki s\u00fcre\u00e7teki bu karar\u0131 yarg\u0131 ad\u0131mlar\u0131 ile e\u015fg\u00fcd\u00fcml\u00fc olarak s\u00fcrd\u00fcr\u00fcyor. Buna kar\u015f\u0131l\u0131k, Mersin\u2019e sahip \u00e7\u0131kaca\u011f\u0131n\u0131 d\u00fc\u015f\u00fcnd\u00fc\u011f\u00fcm\u00fcz, yerel akt\u00f6rlerin ve y\u00f6netimlerin gev\u015fek davranmalar\u0131 nedeniyle hukuki m\u00fccadele kaybedilmi\u015f, vah\u015fi in\u015faat [&hellip;]<\/p>\n","protected":false},"author":13,"featured_media":66074,"comment_status":"open","ping_status":"open","sticky":false,"template":"","format":"standard","meta":{"footnotes":""},"categories":[28],"tags":[],"class_list":["post-66398","post","type-post","status-publish","format-standard","has-post-thumbnail","hentry","category-serdar-erkan"],"views":251,"_links":{"self":[{"href":"https:\/\/mersingazetesi.com\/index.php\/wp-json\/wp\/v2\/posts\/66398","targetHints":{"allow":["GET"]}}],"collection":[{"href":"https:\/\/mersingazetesi.com\/index.php\/wp-json\/wp\/v2\/posts"}],"about":[{"href":"https:\/\/mersingazetesi.com\/index.php\/wp-json\/wp\/v2\/types\/post"}],"author":[{"embeddable":true,"href":"https:\/\/mersingazetesi.com\/index.php\/wp-json\/wp\/v2\/users\/13"}],"replies":[{"embeddable":true,"href":"https:\/\/mersingazetesi.com\/index.php\/wp-json\/wp\/v2\/comments?post=66398"}],"version-history":[{"count":0,"href":"https:\/\/mersingazetesi.com\/index.php\/wp-json\/wp\/v2\/posts\/66398\/revisions"}],"wp:featuredmedia":[{"embeddable":true,"href":"https:\/\/mersingazetesi.com\/index.php\/wp-json\/wp\/v2\/media\/66074"}],"wp:attachment":[{"href":"https:\/\/mersingazetesi.com\/index.php\/wp-json\/wp\/v2\/media?parent=66398"}],"wp:term":[{"taxonomy":"category","embeddable":true,"href":"https:\/\/mersingazetesi.com\/index.php\/wp-json\/wp\/v2\/categories?post=66398"},{"taxonomy":"post_tag","embeddable":true,"href":"https:\/\/mersingazetesi.com\/index.php\/wp-json\/wp\/v2\/tags?post=66398"}],"curies":[{"name":"wp","href":"https:\/\/api.w.org\/{rel}","templated":true}]}}