{"id":66073,"date":"2024-02-01T17:13:34","date_gmt":"2024-02-01T14:13:34","guid":{"rendered":"https:\/\/mersingazetesi.com\/?p=66073"},"modified":"2024-06-11T21:47:45","modified_gmt":"2024-06-11T18:47:45","slug":"muhalefet-partileri-31-mart-2024-secimlerini-boykot-etmeyi-neden-tartismalidirlar","status":"publish","type":"post","link":"https:\/\/mersingazetesi.com\/index.php\/2024\/02\/01\/muhalefet-partileri-31-mart-2024-secimlerini-boykot-etmeyi-neden-tartismalidirlar\/","title":{"rendered":"MUHALEFET PART\u0130LER\u0130  31 MART 2024 SE\u00c7\u0130MLER\u0130N\u0130  BOYKOT ETMEY\u0130 NEDEN TARTI\u015eMALIDIRLAR?"},"content":{"rendered":"<p>Anayasalar toplumsal s\u00f6zle\u015fmelerdir.<br \/>\nKendi yapt\u0131\u011f\u0131 , \u201c toplumsal  s\u00f6zle\u015fme\u201dye  uymayan bir iktidar me\u015fruiyetini kaybetmi\u015ftir.<\/p>\n<p>Halk\u0131n verdi\u011fi milletin vekilli\u011fini ve  Anayasay\u0131 yok saymak, halk\u0131n se\u00e7me ve se\u00e7ilme anayasal hakk\u0131na do\u011frudan m\u00fcdahale de\u011fil midir?<\/p>\n<p>Bu ko\u015fullarda yerel se\u00e7imlere gitmek ve demokratik yolla se\u00e7imle halk\u0131n iradesinin  sand\u0131\u011fa yans\u0131yaca\u011f\u0131n\u0131 ve sand\u0131ktan \u00e7\u0131kabilece\u011fini d\u00fc\u015f\u00fcnmek do\u011fru mudur? <\/p>\n<p>Bu tutum ,Anayasan\u0131n  maddelerini a\u00e7\u0131k\u00e7a yok say\u0131ld\u0131\u011f\u0131n\u0131 bir \u00e7ok sayg\u0131n hukuk\u00e7u da  AKP iktidar\u0131n\u0131n, ve meclisin tutumunu ele\u015ftirmekle beraber me\u015fru olmad\u0131\u011f\u0131 ulusal  bas\u0131nda  yer almaktad\u0131r.<\/p>\n<p>Ayr\u0131ca ba\u015fka kentlerde ve Mersin\u2019de ba\u015fta Akdeniz il\u00e7esi de olmak \u00fczere bir \u00e7ok mant\u0131k d\u0131\u015f\u0131 se\u00e7men kayd\u0131rma i\u015flemleri muhalefet partileri taraf\u0131ndan saptanm\u0131\u015f olup, itirazlar yap\u0131lm\u0131\u015fsa da,  il\u00e7e ve il se\u00e7im kurullar\u0131nda  bu itirazlar\u0131n  kabul edilmedi\u011fi  yerel ve ulusal bas\u0131nda yer alm\u0131\u015f olup, siyasi partilerin resmi temsilcileri taraf\u0131ndan ifade edilmektedir.<\/p>\n<p>Bu ko\u015fullarda , toplumsal s\u00f6zle\u015fmeye yasama, yarg\u0131 ve y\u00fcr\u00fctmenin uymad\u0131\u011f\u0131 ve bir bunal\u0131m oldu\u011fu bir ger\u00e7e\u011fi ortada durmakta de\u011fil midir?<\/p>\n<p>Bu nedenle, kan\u0131mca bu bunal\u0131mdan \u00e7\u0131k\u0131\u015f yolu, t\u00fcm muhalefet partilerin yerel se\u00e7imleri boykot etmeyi ciddi bir se\u00e7enek olarak  tart\u0131\u015fmas\u0131d\u0131r.<\/p>\n<p>Veya nas\u0131l bir demokratik ve me\u015fru yol bulunacaksa, Muhalefet partileri T\u00fcrk demokrasisine  ve halk\u0131n se\u00e7me ve se\u00e7ilme anayasal hakk\u0131na sahip \u00e7\u0131kmal\u0131d\u0131r..!<\/p>\n","protected":false},"excerpt":{"rendered":"<p>Anayasalar toplumsal s\u00f6zle\u015fmelerdir. Kendi yapt\u0131\u011f\u0131 , \u201c toplumsal s\u00f6zle\u015fme\u201dye uymayan bir iktidar me\u015fruiyetini kaybetmi\u015ftir. Halk\u0131n verdi\u011fi milletin vekilli\u011fini ve Anayasay\u0131 yok saymak, halk\u0131n se\u00e7me ve se\u00e7ilme anayasal hakk\u0131na do\u011frudan m\u00fcdahale de\u011fil midir? Bu ko\u015fullarda yerel se\u00e7imlere gitmek ve demokratik yolla se\u00e7imle halk\u0131n iradesinin sand\u0131\u011fa yans\u0131yaca\u011f\u0131n\u0131 ve sand\u0131ktan \u00e7\u0131kabilece\u011fini d\u00fc\u015f\u00fcnmek do\u011fru mudur? Bu tutum ,Anayasan\u0131n maddelerini [&hellip;]<\/p>\n","protected":false},"author":13,"featured_media":66074,"comment_status":"open","ping_status":"open","sticky":false,"template":"","format":"standard","meta":{"footnotes":""},"categories":[28],"tags":[],"class_list":["post-66073","post","type-post","status-publish","format-standard","has-post-thumbnail","hentry","category-serdar-erkan"],"views":151,"_links":{"self":[{"href":"https:\/\/mersingazetesi.com\/index.php\/wp-json\/wp\/v2\/posts\/66073","targetHints":{"allow":["GET"]}}],"collection":[{"href":"https:\/\/mersingazetesi.com\/index.php\/wp-json\/wp\/v2\/posts"}],"about":[{"href":"https:\/\/mersingazetesi.com\/index.php\/wp-json\/wp\/v2\/types\/post"}],"author":[{"embeddable":true,"href":"https:\/\/mersingazetesi.com\/index.php\/wp-json\/wp\/v2\/users\/13"}],"replies":[{"embeddable":true,"href":"https:\/\/mersingazetesi.com\/index.php\/wp-json\/wp\/v2\/comments?post=66073"}],"version-history":[{"count":0,"href":"https:\/\/mersingazetesi.com\/index.php\/wp-json\/wp\/v2\/posts\/66073\/revisions"}],"wp:featuredmedia":[{"embeddable":true,"href":"https:\/\/mersingazetesi.com\/index.php\/wp-json\/wp\/v2\/media\/66074"}],"wp:attachment":[{"href":"https:\/\/mersingazetesi.com\/index.php\/wp-json\/wp\/v2\/media?parent=66073"}],"wp:term":[{"taxonomy":"category","embeddable":true,"href":"https:\/\/mersingazetesi.com\/index.php\/wp-json\/wp\/v2\/categories?post=66073"},{"taxonomy":"post_tag","embeddable":true,"href":"https:\/\/mersingazetesi.com\/index.php\/wp-json\/wp\/v2\/tags?post=66073"}],"curies":[{"name":"wp","href":"https:\/\/api.w.org\/{rel}","templated":true}]}}