{"id":65653,"date":"2024-01-25T16:15:26","date_gmt":"2024-01-25T13:15:26","guid":{"rendered":"https:\/\/mersingazetesi.com\/?p=65653"},"modified":"2024-06-11T21:47:46","modified_gmt":"2024-06-11T18:47:46","slug":"penceremden-gazi-tbmm-ve-cumhuriyetimizin-chp-tarihi-mirasini-ret-mi-ediyor","status":"publish","type":"post","link":"https:\/\/mersingazetesi.com\/index.php\/2024\/01\/25\/penceremden-gazi-tbmm-ve-cumhuriyetimizin-chp-tarihi-mirasini-ret-mi-ediyor\/","title":{"rendered":"PENCEREMDEN: GAZ\u0130 TBMM VE CHP CUMHUR\u0130YET\u0130M\u0130Z\u0130N TAR\u0130H\u0130 M\u0130RASINI RET M\u0130 ED\u0130YOR?"},"content":{"rendered":"<p>23 Ocak 2024 tarihinde  Ter\u00f6r devleti PKK\/YPG nin destek\u00e7isi \u0130sve\u00e7\u2019in NATO&#8217;ya kat\u0131l\u0131m\u0131yla ilgili kanun teklifi, TBMM Genel Kurulunda kabul edildi. Genel Kurul&#8217;daki oylamada NATO \u00fcyeli\u011fi  Gazi Meclis\u2019de  AKP, CHP, MHP ve DEVA milletvekillerinden olu\u015fan 287 \u00fcye ile kabul edildi. 55 \u00fcye \u00e7ekimser. 4 \u00fcye RET verdi.<\/p>\n<p>Bu sonu\u00e7 ile T\u00fcrk Kurtulu\u015f sava\u015f\u0131n\u0131 y\u00f6neten ve kazanan Gazi TBMM\u2019 kendi tarihi miras ve \u00f6zg\u00f6revine(misyon) uygun olmayan tarihi bir hata yapt\u0131. <\/p>\n<p>\u00c7\u00fcnk\u00fc, T\u00fcrkiye Cumhuriyetinin giri\u015f kap\u0131s\u0131 TAM BA\u011eIMSIZLIK(Amasya Bildirgesi); \u00e7\u0131k\u0131\u015f kap\u0131s\u0131 YURTTA BARI\u015e D\u00dcNYA\u2019DA BARI\u015e\u2019d\u0131r.<\/p>\n<p>ANGLO NATO\u2019nun tek kutuplu D\u00fcnya\u2019 doktrini kapsam\u0131mda DO\u011eUYA DO\u011eRU GEN\u0130\u015eLEMES\u0130 giri\u015fimleri sonucu UKRAYNA -RUSYA sava\u015f\u0131 patlak vermi\u015f, D\u00fcnyada istikrars\u0131zl\u0131k  artm\u0131\u015ft\u0131r. \u0130laveten y\u0131llarca Avrupa\u2019da  NATO ile VAR\u015eOVA PAKTI aras\u0131nda N\u00fckleer Silahlanmaya kar\u015f\u0131 Bar\u0131\u015f\u0131n ve Detant\u2019\u0131n teminat\u0131 olmu\u015f  \u0130sve\u00e7 ve Finlandiya\u2019n\u0131n da, NATO  kafesine al\u0131nmas\u0131 D\u00fcnya\u2019da istikrars\u0131zl\u0131\u011f\u0131 ve gerginli\u011fi  art\u0131racak , Minsk Anla\u015fmas\u0131 \u00f6ncesi n\u00fckleer silahlanmay\u0131 art\u0131rd\u0131\u011f\u0131 gibi bar\u0131\u015f\u0131 riske sokacakt\u0131r. Bu durumda \u2018Yurtta ve D\u00fcnya\u2019da Bar\u0131\u015f\u2019 umudu azalacak, 3. D\u00fcnya Sava\u015f\u0131 olas\u0131l\u0131\u011f\u0131n\u0131 giderek g\u00fc\u00e7lendirecektir.<\/p>\n<p>\u00d6te yandan, TBMM\u2019deki say\u0131sal dengeyi sa\u011flayan  ve ulusal duyarl\u0131l\u0131\u011fa sahip iki partinin  CHP ve MHP nin evet oyu vermesi ve bunu bask\u0131 alt\u0131nda yapm\u0131\u015f g\u00f6r\u00fcnt\u00fcs\u00fc Cumhuriyetimizin Tam Ba\u011f\u0131ms\u0131zl\u0131k ve Bar\u0131\u015f \u015fiar\u0131na terstir. Bu yaz\u0131n\u0131n  ba\u015fl\u0131\u011f\u0131 bu nedenle  ortaya \u00e7\u0131km\u0131\u015ft\u0131r.<\/p>\n<p>Bu konudaki d\u00fc\u015f\u00fcncelerimi ilk kez en geni\u015f \u015fekilde payla\u015ft\u0131\u011f\u0131m 28 \u015eubat 2023  tarihli yaz\u0131m ( Olaf Palme ve \u0130sve\u00e7\u2019in NATO \u00dcyeli\u011fi) ile bug\u00fcnk\u00fc k\u00f6\u015fe yaz\u0131m\u0131 tamamlamak istiyorum.<\/p>\n<p>\u201c28 \u015eubat, hem D\u00fcnya\u2019da hem de \u00fclkemizde \u00f6nemli olaylar\u0131n ya\u015fand\u0131\u011f\u0131 bir tarihtir. Bu yaz\u0131m\u0131zda D\u00fcnya\u2019daki geli\u015fmeler g\u00fcndeme getirilecektir. <\/p>\n<p>\u0130sve\u00e7 Ba\u015fbakan\u0131 ve Avrupa Sosyal Demokratlar\u0131n\u0131n efsanevi lideri<\/p>\n<p>Olaf Palme, Avrupa\u2019da 1. D\u00fcnya sava\u015f\u0131n\u0131 destekleyen ve 2. D\u00fcnya sava\u015f\u0131nda Nazilere  kar\u015f\u0131 yetersiz kalan Avrupa Sosyal Demokratlar\u0131n\u0131n 2. D\u00fcnya sava\u015f\u0131ndan sonra parlayan bir y\u0131ld\u0131z\u0131 idi.<\/p>\n<p>1969-1976 ve 1982-1986 y\u0131llar\u0131 aras\u0131nda iki d\u00f6nem ba\u015fbakanl\u0131k yaparak \u0130skandinav tipi refah ve demokrasinin temellerini atm\u0131\u015ft\u0131r.<\/p>\n<p>\u00d6zellikle so\u011fuk sava\u015f y\u0131llar\u0131nda Alman lider Willy Brand ile beraber d\u0131\u015f politikada -Silahs\u0131zlanma ve Bar\u0131\u015f\u0131- savunmu\u015ftur.<\/p>\n<p>Bu \u00e7abalar\u0131n sonucu  1989 Berlin Duvar\u0131\u2019n\u0131n y\u0131k\u0131lmas\u0131 sonras\u0131nda ABD ve Rusya aras\u0131nda N\u00fckleer Silahlar\u0131n S\u0131n\u0131rland\u0131r\u0131lmas\u0131 anla\u015fmas\u0131 imzalanm\u0131\u015f, Ukrayna sava\u015f\u0131na kadar d\u00fcnya rahat bir soluk alm\u0131\u015ft\u0131r.  <\/p>\n<p>\u00d6te yandan \u0130sve\u00e7; iki kutuplu D\u00fcnya\u2019da  AKT\u0130F TARAF\u2019SIZLIK tutumu ve \u00fcretilen art\u0131 de\u011ferin daha adil da\u011f\u0131t\u0131lmas\u0131n\u0131 sa\u011flayan, kat\u0131l\u0131mc\u0131 demokrasi ile sendikalar\u0131n belirleyici oldu\u011fu sosyal refah devletini hayata ge\u00e7iren Sosyal Demokrasinin D\u00fcnya\u2019da \u00f6rnek g\u00f6sterilen bir \u00fclkesi olmu\u015ftur.<\/p>\n<p>OLAF PALME VE ANNA L\u0130NDH  NEDEN \u00d6LD\u00dcR\u00dcLD\u00dc?<\/p>\n<p>Olaf Palme\u2019nin d\u0131\u015f politikada, so\u011fuk sava\u015f y\u0131llar\u0131nda Sovyetler Birli\u011finin \u00c7ekoslavakya\u2019y\u0131 i\u015fgaline ve G\u00fcney Amerika dahil t\u00fcm diktat\u00f6rl\u00fcklere  kar\u015f\u0131 \u00e7\u0131km\u0131\u015f, detant (yumu\u015fama) politikalar\u0131n\u0131 desteklemi\u015ftir. Ancak, Filistin\u2019de \u0130srail\u2019lilerin  bask\u0131 ve \u015fiddetine, G\u00fcney Afrika\u2019da Apartehid (\u0131rk ayr\u0131mc\u0131l\u0131\u011f\u0131) rejimine kar\u015f\u0131 \u00e7\u0131kmas\u0131 ve Bandung  Bildirisiyle (Ulusal Ba\u011f\u0131ms\u0131zl\u0131k, i\u00e7 i\u015flerine kar\u0131\u015fmazl\u0131k, Bar\u0131\u015f \u0130\u00e7inde egemen Birlikte ya\u015fama, k\u00fclt\u00fcr ve kalk\u0131nma i\u00e7in i\u015fbirli\u011fi) uyumlu tutumu ve Latin Amerika\u2019da fa\u015fist askeri darbelere kar\u015f\u0131 \u00e7\u0131kmas\u0131 nedeniyle emperyal odaklar\u0131n tepkisini \u00e7ekti ve Olaf Palme 28 \u015eubat 1986 tarihinde suikastle \u00f6ld\u00fcr\u00fcld\u00fc.  11 Eyl\u00fcl 2003 y\u0131l\u0131nda, gene  suikast sonucu \u00f6ld\u00fcr\u00fclen \u0130sve\u00e7 D\u0131\u015fi\u015fleri Bakan\u0131 Anna Lindh de Olaf Palme gibi Isve\u00e7\u2019in sevilen politikac\u0131s\u0131yd\u0131. Bat\u0131n\u0131n ve Rusya\u2019n\u0131n D\u00fcnya\u2019n\u0131n her yerindeki  iki y\u00fczl\u00fc politikalar\u0131n\u0131 ele\u015ftiriyordu.<\/p>\n<p>Her ikisinin de \u00f6ld\u00fcr\u00fclmesinin etkisi, \u00f6zellikle \u0130sve\u00e7 ve Avrupa i\u00e7in, g\u00f6r\u00fcnd\u00fc\u011f\u00fcnden fazla oldu. Bat\u0131 bas\u0131n\u0131nda art\u0131k birka\u00e7 ku\u015fak i\u00e7in  belli liderlik vas\u0131flar\u0131na ve sahip oldu\u011fu entellekt\u00fcel birikimi \u00fcsl\u00fbbuna d\u00f6kebilecek politikac\u0131lar\u0131n \u0130sve\u00e7\u2019ten \u00e7\u0131kmas\u0131 zor olaca\u011f\u0131na dair yaz\u0131lar \u00e7\u0131kt\u0131. Keza zaten sinmeye meyilli olan toplumsal fig\u00fcrler, art\u0131k sesini \u00e7\u0131karamayacak duruma getirildi.<\/p>\n<p>Bug\u00fcn, Olaf Palme ve Willy Brand\u2019\u0131n temellerini att\u0131\u011f\u0131 ve \u0130skandinav b\u00f6lgesinin kendine \u00f6zg\u00fc geli\u015fimi ve \u00f6zerk Avrupa fikri,  \u0130sve\u00e7 ve Finlandiya\u2019n\u0131n NATO kafesine girmesiyle sonland\u0131r\u0131lacakt\u0131r.<\/p>\n<p>B\u00f6ylelikle art\u0131k \u00f6zelde \u0130sve\u00e7 ve Finlandiya , genelde AB uzun y\u0131llar Anglo-Sakson ve Br\u00fcksel\u2019deki tekelci b\u00fcrokrasinin dayatmalar\u0131 ile nereye \u00e7ekerse oraya gidecektir.<\/p>\n<p>Nitekim de, \u0130sve\u00e7 (ve Finlandiya) y\u0131llard\u0131r s\u00fcrd\u00fcrd\u00fc\u011f\u00fc \u2018aktif tarafs\u0131zl\u0131k\u2019 politikalar\u0131n\u0131 b\u0131rakarak, Ukrayna sava\u015f\u0131 ve Rus i\u015fgali ile \u0130sve\u00e7\u2019li politikac\u0131lar ve kitleler \u2018\u00f6c\u00fc geliyor\u2019 diye korkutulup, NATO ya girmeye ikna edildiler. B\u00f6ylelikle,  Angela Merkel \u2018in de siyasetten \u00e7ekilmesi ile \u00f6zerk Avrupa art\u0131k tamamen zay\u0131flad\u0131. <\/p>\n<p>KATILIMCI DEMOKRAS\u0130   GELECE\u011e\u0130N Y\u00d6NET\u0130M B\u0130\u00c7\u0130M\u0130D\u0130R<\/p>\n<p>Olaf Palme ; Refah\u0131, Bar\u0131\u015f\u0131, K\u00fclt\u00fcr\u00fc ve kat\u0131l\u0131mc\u0131 (m\u00fczakereci) demokrasiyi hayata ge\u00e7iren sosyal demokrat bir siyaset\u00e7idir . <\/p>\n<p>Kat\u0131l\u0131mc\u0131 demokrasinin ilk teorisyeni Jurgen Habermas \u2019d\u0131r. (ileti\u015fimci eylem filozofu), saydaml\u0131\u011f\u0131(ironi ve empatik olmay\u0131), m\u00fczakerecili\u011fi \u00e7o\u011fulcu kat\u0131l\u0131m\u0131 savunur.<\/p>\n<p>D\u00fcnya tarihinde algoritmik demokrasilerin geli\u015fimini s\u0131ralarsak; <\/p>\n<p>1-Monar\u015fi (kral+parlemento) son veren Devrimci Demokrasi(1789 Frans\u0131z Devrimi; 1917 Rus Devrimi  ve 1923 T\u00fcrk Devrimi)<\/p>\n<p>2-Temsili demokrasi(kad\u0131nlar ve gen\u00e7leri katan  genel oy eksenli merkezli)<\/p>\n<p>3-Liberal Demokrasi (Sermayenin bask\u0131n oldu\u011fu Anglo-Sakson demokrasi)<\/p>\n<p>4-Temsili ve \u00c7o\u011funluk\u00e7u Demokrasi (Parlementer demokrasi)<\/p>\n<p>5-Kat\u0131l\u0131mc\u0131(m\u00fczakereci)  Demokrasi <\/p>\n<p>6- Sim\u00fcle Demokrasi( m\u0131\u015f gibi s\u00f6zde ve distopik demokrasi)<\/p>\n<p>7- Varolu\u015fsal Demokrasi (BM ile uyumlu ,Do\u011fal varl\u0131\u011f\u0131, insanl\u0131\u011f\u0131 ve uygarl\u0131\u011f\u0131 savunan demokrasi) <\/p>\n<p>G\u00fcn\u00fcm\u00fczde demokrasilerin varl\u0131\u011f\u0131n\u0131  s\u00fcrd\u00fcr\u00fclebilmesi i\u00e7in g\u00fc\u00e7l\u00fc ekonomi, g\u00fcvenlik ve \u00f6zg\u00fcrl\u00fck\u00e7\u00fc tav\u0131r gerekiyor.<\/p>\n<p>Kat\u0131l\u0131mc\u0131(m\u00fczakereci) demokrasi , Olaf Palme\u2019nin uygarl\u0131\u011fa hediye etti\u011fi \u2018do\u011frudan demokrasi\u2019 de denilen halk\u0131n se\u00e7im ve sonras\u0131 s\u00fcre\u00e7lere de aktif kat\u0131ld\u0131\u011f\u0131 y\u00f6netim bi\u00e7imidir.<\/p>\n<p>Ancak, refah devleti i\u00e7in  tek ba\u015f\u0131na kat\u0131l\u0131mc\u0131 demokrasi de yeterli de\u011fildir. Bununla birlikte kamucu, halk\u00e7\u0131, k\u00fclt\u00fcrel ve planl\u0131 refah ekonomisi de hayata ge\u00e7medi\u011fi s\u00fcrece, tek ba\u015f\u0131na kat\u0131l\u0131mc\u0131 demokrasi de  ge\u00e7ersizdir.<\/p>\n<p>Birlikte d\u00fc\u015f\u00fcn\u00fcl\u00fcp planlanmad\u0131\u011f\u0131 takdirde hayata ge\u00e7irilmesi bu sat\u0131rlar\u0131n yazar\u0131na g\u00f6re  m\u00fcmk\u00fcn g\u00f6r\u00fclmemektedir.<\/p>\n<p>\u00d6zellikle \u00f6n\u00fcm\u00fczdeki se\u00e7imlerde, iktidara gelmesi beklenen millet ittifak\u0131n\u0131n  yerelde  \u2018kat\u0131l\u0131mc\u0131 demokrasi\u2019 ile Atat\u00fcrk\u2019\u00fcn karma ekonomisinin temelleri olan \u00f6zellikle kamucu, halk\u00e7\u0131 planlamac\u0131 ekonomiyi de hayata ge\u00e7irerek vah\u015fi(kurals\u0131z) neoliberal politikalara ve onun 22 y\u0131ll\u0131k yol arkada\u015flar\u0131 olan etnik\u00e7i \/mezhep\u00e7i  politikalara  pirim verilmemesi gerekmektedir.<\/p>\n<p>Aksi halde zamanla, bug\u00fcnk\u00fc iktidar\u0131n d\u00fc\u015ft\u00fc\u011f\u00fc yanl\u0131\u015flara d\u00fc\u015f\u00fclmesi ka\u00e7\u0131n\u0131lmaz olabilecektir.\u201d<\/p>\n<p>Takdir okuyucular\u0131nd\u0131r.<\/p>\n","protected":false},"excerpt":{"rendered":"<p>23 Ocak 2024 tarihinde Ter\u00f6r devleti PKK\/YPG nin destek\u00e7isi \u0130sve\u00e7\u2019in NATO&#8217;ya kat\u0131l\u0131m\u0131yla ilgili kanun teklifi, TBMM Genel Kurulunda kabul edildi. Genel Kurul&#8217;daki oylamada NATO \u00fcyeli\u011fi Gazi Meclis\u2019de AKP, CHP, MHP ve DEVA milletvekillerinden olu\u015fan 287 \u00fcye ile kabul edildi. 55 \u00fcye \u00e7ekimser. 4 \u00fcye RET verdi. Bu sonu\u00e7 ile T\u00fcrk Kurtulu\u015f sava\u015f\u0131n\u0131 y\u00f6neten ve kazanan [&hellip;]<\/p>\n","protected":false},"author":13,"featured_media":65167,"comment_status":"open","ping_status":"open","sticky":false,"template":"","format":"standard","meta":{"footnotes":""},"categories":[28],"tags":[],"class_list":["post-65653","post","type-post","status-publish","format-standard","has-post-thumbnail","hentry","category-serdar-erkan"],"views":77,"_links":{"self":[{"href":"https:\/\/mersingazetesi.com\/index.php\/wp-json\/wp\/v2\/posts\/65653","targetHints":{"allow":["GET"]}}],"collection":[{"href":"https:\/\/mersingazetesi.com\/index.php\/wp-json\/wp\/v2\/posts"}],"about":[{"href":"https:\/\/mersingazetesi.com\/index.php\/wp-json\/wp\/v2\/types\/post"}],"author":[{"embeddable":true,"href":"https:\/\/mersingazetesi.com\/index.php\/wp-json\/wp\/v2\/users\/13"}],"replies":[{"embeddable":true,"href":"https:\/\/mersingazetesi.com\/index.php\/wp-json\/wp\/v2\/comments?post=65653"}],"version-history":[{"count":0,"href":"https:\/\/mersingazetesi.com\/index.php\/wp-json\/wp\/v2\/posts\/65653\/revisions"}],"wp:featuredmedia":[{"embeddable":true,"href":"https:\/\/mersingazetesi.com\/index.php\/wp-json\/wp\/v2\/media\/65167"}],"wp:attachment":[{"href":"https:\/\/mersingazetesi.com\/index.php\/wp-json\/wp\/v2\/media?parent=65653"}],"wp:term":[{"taxonomy":"category","embeddable":true,"href":"https:\/\/mersingazetesi.com\/index.php\/wp-json\/wp\/v2\/categories?post=65653"},{"taxonomy":"post_tag","embeddable":true,"href":"https:\/\/mersingazetesi.com\/index.php\/wp-json\/wp\/v2\/tags?post=65653"}],"curies":[{"name":"wp","href":"https:\/\/api.w.org\/{rel}","templated":true}]}}