{"id":6542,"date":"2021-11-23T11:56:46","date_gmt":"2021-11-23T08:56:46","guid":{"rendered":"http:\/\/mersin.mesiad.org\/index.php\/2021\/11\/23\/mersinde-karantina-suresi-biten-vatandaslar-evlerine-gonderildi\/"},"modified":"2021-11-23T11:56:46","modified_gmt":"2021-11-23T08:56:46","slug":"mersinde-karantina-suresi-biten-vatandaslar-evlerine-gonderildi","status":"publish","type":"post","link":"https:\/\/mersingazetesi.com\/index.php\/2021\/11\/23\/mersinde-karantina-suresi-biten-vatandaslar-evlerine-gonderildi\/","title":{"rendered":"Mersin&#8217;de karantina s\u00fcresi biten vatanda\u015flar evlerine g\u00f6nderildi"},"content":{"rendered":"<p>Kuzey K\u0131br\u0131s T\u00fcrk Cumhuriyeti&#8217;nden (KKTC) gelen aralar\u0131nda bir bebe\u011fin de bulundu\u011fu \u00f6\u011frenci, asker ve vatanda\u015flardan olu\u015fan 594 ki\u015fi, Mersin&#8217;deki 14 g\u00fcnl\u00fck karantina s\u00fcresinin ard\u0131ndan evlerine g\u00f6nderildi. 25 otob\u00fcsle 44 farkl\u0131 ile g\u00f6nderilen vatanda\u015flar\u0131n yurtlardan ayr\u0131l\u0131\u015flar\u0131 s\u0131ras\u0131nda tek tek ate\u015fleri \u00f6l\u00e7\u00fcld\u00fc.\u00a0<br \/>\n\u00a0 Korona vir\u00fcs (Covid-19) salg\u0131n\u0131 nedeniyle KKTC&#8217;den getirilen ve 14 g\u00fcnl\u00fck karantina s\u00fcresini yerle\u015ftirildikleri Kredi Yurtlar Kurumuna ba\u011fl\u0131 Mersin K\u0131rk Ka\u015f\u0131k K\u0131z Yurdu&#8217;nda ge\u00e7iren bir bebek, 173 \u00f6\u011frenci ve 399 sivil vatanda\u015f, 15 asker ile 6 \u015fof\u00f6r, AFAD Mersin taraf\u0131ndan ara\u00e7larla sosyal mesafe kurallar\u0131na uyularak her koltukta bir ki\u015fi olacak \u015fekilde memleketlerine u\u011furland\u0131. 25 otob\u00fcsle 44 farkl\u0131 ile g\u00f6nderilen vatanda\u015flar\u0131n \u00e7\u0131k\u0131\u015fta tek tek tekrardan ate\u015fleri \u00f6l\u00e7\u00fcld\u00fc. Yo\u011fun g\u00fcvenlik \u00f6nlemleri alt\u0131nda g\u00f6t\u00fcr\u00fclen vatanda\u015flar, memleketlerinde ailelerine teslim edilecek.\u00a0\u00a0<br \/>\n\u00a0 25 Mart tarihinde KKTC&#8217;den yurda d\u00f6n\u00fc\u015f yapan 173 \u00f6\u011frenci, 399 sivil vatanda\u015f, 15 asker ve 6 \u015fof\u00f6r, Silifke Ta\u015fucu Liman\u0131&#8217;nda yap\u0131lan sa\u011fl\u0131k muayeneleri sonras\u0131 14 g\u00fcn s\u00fcresince tedbir ama\u00e7l\u0131 karantina uygulanmak \u00fczere Mersin&#8217;deki KYK yurtlar\u0131na yerle\u015ftirilmi\u015fti.\u00a0<\/p>\n<p>\u0130HA<\/p>\n","protected":false},"excerpt":{"rendered":"<p>Kuzey K\u0131br\u0131s T\u00fcrk Cumhuriyeti&#8217;nden (KKTC) gelen aralar\u0131nda bir bebe\u011fin de bulundu\u011fu \u00f6\u011frenci, asker ve vatanda\u015flardan olu\u015fan 594 ki\u015fi, Mersin&#8217;deki 14 g\u00fcnl\u00fck karantina s\u00fcresinin ard\u0131ndan evlerine g\u00f6nderildi. 25 otob\u00fcsle 44 farkl\u0131 ile g\u00f6nderilen vatanda\u015flar\u0131n yurtlardan ayr\u0131l\u0131\u015flar\u0131 s\u0131ras\u0131nda tek tek ate\u015fleri \u00f6l\u00e7\u00fcld\u00fc.\u00a0 \u00a0 Korona vir\u00fcs (Covid-19) salg\u0131n\u0131 nedeniyle KKTC&#8217;den getirilen ve 14 g\u00fcnl\u00fck karantina s\u00fcresini yerle\u015ftirildikleri Kredi [&hellip;]<\/p>\n","protected":false},"author":2,"featured_media":0,"comment_status":"open","ping_status":"open","sticky":false,"template":"","format":"standard","meta":{"footnotes":""},"categories":[],"tags":[],"class_list":["post-6542","post","type-post","status-publish","format-standard","hentry"],"views":16,"_links":{"self":[{"href":"https:\/\/mersingazetesi.com\/index.php\/wp-json\/wp\/v2\/posts\/6542","targetHints":{"allow":["GET"]}}],"collection":[{"href":"https:\/\/mersingazetesi.com\/index.php\/wp-json\/wp\/v2\/posts"}],"about":[{"href":"https:\/\/mersingazetesi.com\/index.php\/wp-json\/wp\/v2\/types\/post"}],"author":[{"embeddable":true,"href":"https:\/\/mersingazetesi.com\/index.php\/wp-json\/wp\/v2\/users\/2"}],"replies":[{"embeddable":true,"href":"https:\/\/mersingazetesi.com\/index.php\/wp-json\/wp\/v2\/comments?post=6542"}],"version-history":[{"count":0,"href":"https:\/\/mersingazetesi.com\/index.php\/wp-json\/wp\/v2\/posts\/6542\/revisions"}],"wp:attachment":[{"href":"https:\/\/mersingazetesi.com\/index.php\/wp-json\/wp\/v2\/media?parent=6542"}],"wp:term":[{"taxonomy":"category","embeddable":true,"href":"https:\/\/mersingazetesi.com\/index.php\/wp-json\/wp\/v2\/categories?post=6542"},{"taxonomy":"post_tag","embeddable":true,"href":"https:\/\/mersingazetesi.com\/index.php\/wp-json\/wp\/v2\/tags?post=6542"}],"curies":[{"name":"wp","href":"https:\/\/api.w.org\/{rel}","templated":true}]}}