{"id":65369,"date":"2024-01-21T13:57:14","date_gmt":"2024-01-21T10:57:14","guid":{"rendered":"https:\/\/mersingazetesi.com\/?p=65369"},"modified":"2024-06-11T21:47:46","modified_gmt":"2024-06-11T18:47:46","slug":"penceremden-24-ocak-kararlari-ve-siyasal-cinayetler","status":"publish","type":"post","link":"https:\/\/mersingazetesi.com\/index.php\/2024\/01\/21\/penceremden-24-ocak-kararlari-ve-siyasal-cinayetler\/","title":{"rendered":"PENCEREMDEN: 24 OCAK KARARLARI VE S\u0130YASAL C\u0130NAYETLER"},"content":{"rendered":"<p>Bu hafta 31. Adalet ve Demokrasi haftas\u0131na (24-31 Ocak 2024) girdik. <\/p>\n<p>1980 \u00f6ncesi ve sonras\u0131nda T\u00fcrkiye\u2019yi sarsan toplumsal fay hatlar\u0131n\u0131 derinle\u015ftiren ve \u00e7e\u015fitlendiren darbeler ve siyasal cinayetlerin temel hedefi 1980\u2019lerden sonra ba\u015flayan t\u00fcm D\u00fcnya\u2019ya getirilmek istenen Neo-liberal Yeni Kapitalist D\u00fcnya D\u00fczeni (YDD) ortam haz\u0131rlamakt\u0131r.  <\/p>\n<p>Ge\u00e7en 24 Ocak 2024 tarihinde k\u00f6\u015femde  yazd\u0131\u011f\u0131m yaz\u0131n\u0131n g\u00fcncelli\u011fini korumas\u0131 nedeniyle a\u015fa\u011f\u0131da tekrar aynen yay\u0131nl\u0131yorum.<\/p>\n<p>\u201c\u0130\u00e7inde bulundu\u011fumuz ADALET VE DEMOKRAS\u0130 HAFTASI\u2019nda, 30 y\u0131l \u00f6nce arabas\u0131na bomba tuza\u011f\u0131 ile katledilen ara\u015ft\u0131rmac\u0131 yazar ve Kalpaks\u0131z Kuvvac\u0131 U\u011fur Mumcu\u2019yu ve 1970\u2019li y\u0131llardan bug\u00fcne kadar, a\u011f\u0131zlar\u0131na, \u201cAtat\u00fcrk, Ba\u011f\u0131ms\u0131zl\u0131k ve Bar\u0131\u015f\u201d s\u00f6zc\u00fcklerini ald\u0131klar\u0131 i\u00e7in faili me\u00e7hul cinayetlerde katledilen, Bedrettin C\u00f6mert, \u00c7etin Eme\u00e7, Prof. Dr. Muammer Aksoy, Bahriye \u00dc\u00e7ok, Ahmet Taner K\u0131\u015flal\u0131, Necip Hablemito\u011flu, H\u0131rant Dink, Tahir El\u00e7i ve ad\u0131n\u0131 sayamad\u0131\u011f\u0131m\u0131z t\u00fcm ayd\u0131nlar\u0131m\u0131z i\u00e7in Atat\u00fcrk Park\u0131 i\u00e7indeki an\u0131t\u0131 \u00f6n\u00fcnde anma t\u00f6reni ger\u00e7ekle\u015ftirildi.<\/p>\n<p>Atat\u00fcrk\u00e7\u00fc D\u00fc\u015f\u00fcnce Derne\u011fi (ADD) Mersin \u015eubesi\u2019nin d\u00fczenledi\u011fi anma t\u00f6renine her y\u0131l oldu\u011fu gibi CHP \u0130l ve \u0130l\u00e7e \u00d6rg\u00fctleri de kat\u0131ld\u0131.<\/p>\n<p>Suikastlar\u0131n yak\u0131n tarihimizdeki izd\u00fc\u015f\u00fcmlerinin envanteri \u00e7\u0131kar\u0131ld\u0131\u011f\u0131nda \u00f6ncelikle Ocak ay\u0131 i\u00e7inde Atat\u00fcrk\u00e7\u00fc ayd\u0131nlar\u0131m\u0131za yap\u0131lan suikastlar ile birlikte Demirel h\u00fck\u00fcmeti taraf\u0131ndan ekonomide al\u0131nan 24 Ocak Kararlar\u0131 akla geliyor.<\/p>\n<p>Sondan ba\u015fa Kronolojik s\u0131rayla,:<\/p>\n<p>24 Ocak 1980\u2019de ekonomide 24 Ocak kararlar\u0131 al\u0131nd\u0131.<\/p>\n<p>31 Ocak 1990\u2019da ADD ba\u015fkan\u0131 Prof. Dr. Muammer Aksoy;<\/p>\n<p>24 Ocak 1993 de Cumhuriyet Gazetesi Yazar\u0131 U\u011fur Mumcu;<\/p>\n<p>24 Ocak 2001\u2019de, Diyarbak\u0131r\u2019l\u0131lartaraf\u0131ndan \u00e7ok sevilen Emniyet M\u00fcd\u00fcr\u00fc Gaffar Okan,<\/p>\n<p>19 Ocak  2007 \u2018de H\u0131rant D\u0130NK katledilmi\u015ftir..!<\/p>\n<p>24 OCAK KARARLARI T\u00dcRK\u0130YE EKONOM\u0130S\u0130NE SU\u0130KASTTIR!<\/p>\n<p>Ekonomist Prof. Dr. Duran B\u00fclb\u00fcl\u2019e g\u00f6re(*)<\/p>\n<p>\u201cBu kararlarla T\u00fcrkiye ekonomisi \u00f6nceki d\u00f6nemden ciddi bir kopu\u015f ya\u015fam\u0131\u015ft\u0131r. B\u00f6ylece T\u00fcrk ekonomisi ithal ikameci yap\u0131dan, ihracat\u00e7\u0131 kalk\u0131nma modeline ge\u00e7mi\u015ftir\u2026 Bu politikalarla sermaye g\u00fc\u00e7lendirilmeye \u00e7al\u0131\u015f\u0131lm\u0131\u015f ve geni\u015f halk kitleleri mali a\u00e7\u0131dan zorluklarla kar\u015f\u0131la\u015f\u0131lm\u0131\u015ft\u0131r.<\/p>\n<p>Mumcu\u2019nun bu kararlar i\u00e7in \u2018alaturka kapitalizm\u2019 ve \u2018\u00d6zal\u2019\u0131n yaln\u0131zca uygulay\u0131c\u0131s\u0131 oldu\u011fu IMF program\u0131\u2019  tabirini kullanm\u0131\u015ft\u0131r\u2026<\/p>\n<p>Mumcu, Cumhuriyet\u2019e zarar veren ter\u00f6rle ve geni\u015f halk kitlelerini bug\u00fcn oldu\u011fu gibi, o g\u00fcnlerde de yoksullu\u011fa g\u00f6t\u00fcren kara para anlay\u0131\u015flar\u0131na, yolsuzlu\u011fa ve yaratt\u0131\u011f\u0131 su\u00e7 ekonomisine diren\u00e7 g\u00f6sterdi\u011fini s\u00f6ylemi\u015ftir.<\/p>\n<p>Ayr\u0131ca Prof. B\u00fclb\u00fcl, \u201cMumcunun ekonomiyi felakete g\u00f6t\u00fcren neo liberal politikalara kar\u015f\u0131 da \u00e7etin bir m\u00fccadele verdi\u011fini\u201d  ifade etmektedir.<\/p>\n<p>Prof. B\u00fclb\u00fcl \u201csuikast\u0131n Mumcu\u2019nun \u015fahs\u0131nda \u00fclkemizin t\u00fcm yurtsever, ayd\u0131n, bilim insanlar\u0131 ve emek\u00e7ilerine d\u00fczenlendi\u011fine\u201d dikkat \u00e7ekmi\u015ftir.<\/p>\n<p>Bug\u00fcn \u00e7ok derinden ya\u015fad\u0131\u011f\u0131m\u0131z ekonomik bunal\u0131m\u0131n yap\u0131sal \u00f6zelli\u011finden (alaturka kapitalizm) dolay\u0131 faturas\u0131 yine yoksullara \u00e7\u0131kar\u0131lm\u0131\u015ft\u0131r.<\/p>\n<p>Bu defa sistem i\u00e7indeki tak\u0131nt\u0131l\u0131 hatal\u0131 maliye politikalar\u0131n\u0131n da etkisiyle \u00e7ok derin ya\u015fanmaktad\u0131r.<\/p>\n<p>Kamu tesis arazi ve mal varl\u0131klar\u0131n\u0131n \u00e7o\u011funu yabanc\u0131lara sat\u0131lmakta, ev sat\u0131n alanlara parayla vatanda\u015fl\u0131k verilmektedir!<\/p>\n<p>Ayr\u0131ca, yakla\u015f\u0131k 10 milyonu buldu\u011fu belirtilen m\u00fclteciler sorunu ile ekonomi cari a\u00e7\u0131k ve enflasyon Cumhuriyet tarihinin en y\u00fcksek seviyesine ula\u015fm\u0131\u015f, ekonominin \u00e7evrilmesi daha da g\u00fc\u00e7le\u015fmektedir.<\/p>\n<p>Her 20 y\u0131lda bir girdi\u011fimiz ekonomik ve sosyal, siyasi kriz ve bunal\u0131mlar, 24 Ocak kararlar\u0131yla ba\u015flayan yap\u0131sal bir s\u00fcre\u00e7tir.<\/p>\n<p>Atat\u00fcrk d\u00f6nemindeki gibi kamu maliyesini g\u00fc\u00e7lendiren HALK\u00c7I YAPISAL \u00d6NLEMLER al\u0131nmad\u0131k\u00e7a mevcut \u2018alaturka kapitalist ekonomik sistem\u2019 i\u00e7inde her 20 y\u0131lda kriz ve bunal\u0131mlar\u0131n tekrarlanaca\u011f\u0131 a\u015fikard\u0131r.<\/p>\n<p>PROF. DR. MUAMMER AKSOY NEDEN KATLED\u0130LD\u0130?<\/p>\n<p>31 Ocak 1990 tarihinde katledilen Anayasa Hukuk\u00e7usu ve ADD\u2019yi Ankara\u2019da 19 May\u0131s 1989 tarihinde kuran Prof. Dr. Muammer Aksoy,  100 y\u0131ld\u0131r b\u00f6lgedeki \u00e7\u0131karlar\u0131 i\u00e7in Atat\u00fcrk\u00e7\u00fc D\u00fc\u015f\u00fcnceyi ve T\u00fcrkiye Cumhuriyeti\u2019ni tehlike g\u00f6ren emperyalizmin hedef listesine al\u0131nd\u0131. \u00d6zellikle darbeler ve muht\u0131ralarla \u00fclkemizdeki 1960 ve 1970\u2019lerde gen\u00e7li\u011fin uyan\u0131\u015f\u0131 ile ba\u015flayan hareketi bast\u0131rmak ve Kom\u00fcnizmle M\u00fccadele dernekleri ile \u00f6rg\u00fctlenmeye \u00e7al\u0131\u015fan FET\u00d6 ve Siyasal \u0130slam\u2019\u0131n \u00f6n\u00fcn\u00fc a\u00e7arak iktidara gelmesine  \u00e7al\u0131\u015fan emperyalist odaklar i\u00e7in ADD\u2019ler bir engeldi.<\/p>\n<p>Mersin\u2019de bile \u015fubenin kurulu\u015funda tehdit ve suikastlar planlanm\u0131\u015ft\u0131r.<\/p>\n<p>1993 y\u0131l\u0131nda ADD Mersin \u015eubesi kurulma giri\u015fimleri s\u0131ras\u0131nda, kuruculardan rahmetli Dr. Soyer \u015eim\u015fek tehditler al\u0131nd\u0131\u011f\u0131n\u0131 sohbetlerinde ifade edilmi\u015ftir.<\/p>\n<p>Hatta bir defas\u0131nda muayenehanesine sipari\u015f etmedi\u011fi halde, bir \u2018yumurta paketi\u2018 b\u0131rak\u0131ld\u0131\u011f\u0131n\u0131, \u0130l Emniyet M\u00fcd\u00fcrl\u00fc\u011f\u00fc\u2019ne iletmesi sonras\u0131 paketin al\u0131n\u0131p g\u00f6t\u00fcr\u00fcld\u00fc\u011f\u00fcn\u00fc, birka\u00e7 kez yaz\u0131l\u0131 m\u00fcracaat edip, pakette ne oldu\u011funu yaz\u0131l\u0131 olarak sormas\u0131na ra\u011fmen, kendisine yan\u0131t verilmedi\u011fini anlatm\u0131\u015ft\u0131!<\/p>\n<p>Bu olaylar ADD\u2019lerin her yerde ve her zaman hedefe kondu\u011funun bir g\u00f6stergesidir.<\/p>\n<p>GAFFAR OKAN TER\u00d6RLE ANILAN B\u00d6LGEDE SEV\u0130LEN B\u0130R B\u00dcROKRATTI<\/p>\n<p>24 Ocak 2001 tarihinde Diyarbak\u0131r\u2019da bir grup taraf\u0131ndan d\u00f6n\u00fc\u015f yolunda arabas\u0131na d\u00fczenlenen silahl\u0131 sald\u0131r\u0131 sonras\u0131 katledildi.<\/p>\n<p>Diyarbak\u0131rl\u0131larla kurdu\u011fu i\u00e7ten diyalog ve Diyarbak\u0131rspor tak\u0131m\u0131na olan deste\u011fi nedeniyle Okan sevilen bir b\u00fcrokratt\u0131.<\/p>\n<p>Bu nedenle emperyalizm taraf\u0131ndan, o y\u0131llarda b\u00f6lge halk\u0131yla Devlet aras\u0131nda yarat\u0131lmaya \u00e7al\u0131\u015f\u0131lan gerginlik ve kutupla\u015fma \u00e7abalar\u0131n\u0131 engelleyen k\u00f6t\u00fc bir \u00f6rnekti.<\/p>\n<p>\u00d6zellikle 12 Eyl\u00fcl darbesiyle ba\u015flayan ve PKK eylemleri nedeniyle y\u0131llardan beri zirveye t\u0131rmanan b\u00f6lge halk\u0131nda devlete olan g\u00fcveni sars\u0131c\u0131 eylem ve olaylarla t\u0131rmanan gerilimi azaltan, \u015fefkatli bir Cumhuriyet b\u00fcrokrat\u0131 emperyalizmin i\u015fine gelmiyordu.<\/p>\n<p>Bu nedenle devlet i\u00e7indeki emperyalizmle i\u015fbirli\u011fi yapan odaklar\u0131n bilgisi ve katk\u0131s\u0131yla \u00f6ld\u00fcr\u00fcld\u00fc, su\u00e7 ta\u015feron \u00f6rg\u00fct Hizbullah\u2019\u0131n \u00fcst\u00fcne y\u0131k\u0131ld\u0131.<\/p>\n<p>Sonu\u00e7 olarak, yak\u0131n tarihimizde Ocak ay\u0131nda sembolik olarak ayn\u0131 ay ve tarihlere denk gelen ekonomik ve sosyal suikastlarla Atat\u00fcrk\u2019\u00fcn kurdu\u011fu Cumhuriyet\u2019in birikimleri ve insan kaynaklar\u0131 yok edilerek bug\u00fcnlerin yolu a\u00e7\u0131lm\u0131\u015ft\u0131r.<\/p>\n<p>Ekonomide 24 Ocak kararlar\u0131 ile neo liberal politikalar \u2018alaturka kapitalizm\u2019 -Hesaps\u0131z \u00f6zelle\u015ftirme, Siyaset, Tarikat, Ticaret \u00fc\u00e7geni ve kara para ekonomisi- hayata ge\u00e7irilmi\u015f, ekonomimiz tekrar krize s\u00fcr\u00fcklenmi\u015ftir.<\/p>\n<p>Bug\u00fcn K\u0130T\u2019ler ve birikimlerin hepsi \u00f6zelle\u015ftirilerek yabanc\u0131lara sat\u0131lm\u0131\u015f veya AVM yap\u0131lm\u0131\u015ft\u0131r.<\/p>\n<p>Hatta yolsuzluk, yoksulluk ve kara para ekonomisi ile g\u00fcn\u00fcm\u00fczde topraklar\u0131m\u0131z bile yabanc\u0131lara sat\u0131lmak durumunda kal\u0131nm\u0131\u015ft\u0131r.<\/p>\n<p>1970\u2019ler, 1980\u2019ler, 1990\u2019lar ve 2000\u2019lerde, 2010\u2019larda ve 2020\u2019lerde ya\u015fanan darbe, toplu katliam ve ayd\u0131nlar\u0131m\u0131za yap\u0131lan suikastlarla \u00fclkemizde \u00e7at\u0131\u015fma ortam\u0131 yarat\u0131lm\u0131\u015ft\u0131r.<\/p>\n<p>\u00dclkemiz 2023 se\u00e7imlerine giderken, g\u00fcn\u00fcm\u00fczde, 2022\u2019nin son g\u00fcnlerinde gene karanl\u0131k odaklar\u0131n planlad\u0131\u011f\u0131, ilgili ve yetkililerin sessiz kald\u0131\u011f\u0131 ve torbac\u0131lara i\u015fletilen eski \u00dclk\u00fc Ocaklar\u0131 Ba\u015fkan\u0131 Sinan Ate\u015f cinayeti, T\u00fcrkiye\u2019de i\u00e7 kutupla\u015fma ve \u00e7at\u0131\u015fma zeminine tekrar \u00e7ekilmeye \u00e7al\u0131\u015f\u0131lmaktad\u0131r.<\/p>\n<p>Ancak bug\u00fcn muhalefet partilerinin tamam\u0131n\u0131n ve \u00f6zellikle CHP\u2019nin bu cinayetin ayd\u0131nlat\u0131lmas\u0131 i\u00e7in ald\u0131klar\u0131 tutum \u00fcmit vericidir.<\/p>\n<p>Umar\u0131z ve dileriz ki \u00fclkemizin siyaset\u00e7ileri, emperyalizm ve yerli i\u015fbirlik\u00e7ilerinin her on y\u0131lda bir haz\u0131rlad\u0131klar\u0131 bu tuzaklar\u0131 bu defa g\u00f6r\u00fcrler.<\/p>\n<p>B\u00f6ylece, b\u00f6lgesinde bir bar\u0131\u015f adas\u0131 olarak ya\u015fayan Atat\u00fcrk Cumhuriyeti\u2019nin bir i\u00e7 \u00e7at\u0131\u015fma ve kaos ortam\u0131na s\u00fcr\u00fcklenmesi ve eyaletlere b\u00f6l\u00fcnerek \u201cYeni Sevr\u201dhayali i\u00e7inde bulundu\u011fumuz on y\u0131lda da engellenir.<\/p>\n<p>Demokrasilerde se\u00e7imler ve sand\u0131k b\u00f6ylesi d\u00f6nemlerde, toplumlara bir ar\u0131nma ve yenilenme f\u0131rsat\u0131 yarat\u0131r.<\/p>\n<p>Halk\u0131m\u0131z e\u015fsiz feraseti ile bu f\u0131rsat\u0131 yine kullanacak ve kaos bekleyenleri yine hayal k\u0131r\u0131kl\u0131\u011f\u0131na u\u011fratacakt\u0131r\u2026\u201ddiyerek o g\u00fcn ve bug\u00fcn de ge\u00e7erli d\u00fc\u015f\u00fcncelerimi payla\u015fm\u0131\u015ft\u0131m.<\/p>\n<p>ADD Mersin \u015eubesi ve Gen\u00e7li\u011fi olarak 20 Ocak 2024 saat 11:30\u2019da Cumhuriyetimizin 100. Y\u0131l\u0131nda An\u0131tkabir\u2019de Atam\u0131z\u0131n huzurundayd\u0131k.  Ebedi \u00f6nderimiz Atam\u0131z\u0131n ve II. Cumhurba\u015fkan\u0131m\u0131z  mezarlar\u0131n\u0131 ziyaret ettik. Gen\u00e7li\u011fimizle gurur duyduk. <\/p>\n<p>\u00d6te yandan ADD Mersin \u015eubesi taraf\u0131ndan 31 Ocak 2024 \u00c7ar\u015famba g\u00fcn\u00fc ADD Kurucu Genel Ba\u015fkan\u0131m\u0131z Prof. Dr. Muammer Aksoy, U\u011fur Mumcu ve di\u011fer faili me\u00e7hul cinayetlerde kaybetti\u011fimiz t\u00fcm Devrim \u015eehitlerimizi anma toplant\u0131s\u0131 ger\u00e7ekle\u015ftirilecek olup, yer ve saati duyurulacakt\u0131r.<br \/>\n(*) Cumhuriyet Gazetesi Sayfa 8 )<\/p>\n","protected":false},"excerpt":{"rendered":"<p>Bu hafta 31. Adalet ve Demokrasi haftas\u0131na (24-31 Ocak 2024) girdik. 1980 \u00f6ncesi ve sonras\u0131nda T\u00fcrkiye\u2019yi sarsan toplumsal fay hatlar\u0131n\u0131 derinle\u015ftiren ve \u00e7e\u015fitlendiren darbeler ve siyasal cinayetlerin temel hedefi 1980\u2019lerden sonra ba\u015flayan t\u00fcm D\u00fcnya\u2019ya getirilmek istenen Neo-liberal Yeni Kapitalist D\u00fcnya D\u00fczeni (YDD) ortam haz\u0131rlamakt\u0131r. Ge\u00e7en 24 Ocak 2024 tarihinde k\u00f6\u015femde yazd\u0131\u011f\u0131m yaz\u0131n\u0131n g\u00fcncelli\u011fini korumas\u0131 nedeniyle [&hellip;]<\/p>\n","protected":false},"author":13,"featured_media":65167,"comment_status":"open","ping_status":"open","sticky":false,"template":"","format":"standard","meta":{"footnotes":""},"categories":[28],"tags":[],"class_list":["post-65369","post","type-post","status-publish","format-standard","has-post-thumbnail","hentry","category-serdar-erkan"],"views":121,"_links":{"self":[{"href":"https:\/\/mersingazetesi.com\/index.php\/wp-json\/wp\/v2\/posts\/65369","targetHints":{"allow":["GET"]}}],"collection":[{"href":"https:\/\/mersingazetesi.com\/index.php\/wp-json\/wp\/v2\/posts"}],"about":[{"href":"https:\/\/mersingazetesi.com\/index.php\/wp-json\/wp\/v2\/types\/post"}],"author":[{"embeddable":true,"href":"https:\/\/mersingazetesi.com\/index.php\/wp-json\/wp\/v2\/users\/13"}],"replies":[{"embeddable":true,"href":"https:\/\/mersingazetesi.com\/index.php\/wp-json\/wp\/v2\/comments?post=65369"}],"version-history":[{"count":0,"href":"https:\/\/mersingazetesi.com\/index.php\/wp-json\/wp\/v2\/posts\/65369\/revisions"}],"wp:featuredmedia":[{"embeddable":true,"href":"https:\/\/mersingazetesi.com\/index.php\/wp-json\/wp\/v2\/media\/65167"}],"wp:attachment":[{"href":"https:\/\/mersingazetesi.com\/index.php\/wp-json\/wp\/v2\/media?parent=65369"}],"wp:term":[{"taxonomy":"category","embeddable":true,"href":"https:\/\/mersingazetesi.com\/index.php\/wp-json\/wp\/v2\/categories?post=65369"},{"taxonomy":"post_tag","embeddable":true,"href":"https:\/\/mersingazetesi.com\/index.php\/wp-json\/wp\/v2\/tags?post=65369"}],"curies":[{"name":"wp","href":"https:\/\/api.w.org\/{rel}","templated":true}]}}