{"id":65166,"date":"2024-01-17T13:21:43","date_gmt":"2024-01-17T10:21:43","guid":{"rendered":"https:\/\/mersingazetesi.com\/?p=65166"},"modified":"2024-06-11T21:47:46","modified_gmt":"2024-06-11T18:47:46","slug":"penceremden-mersin-baskanlarini-ve-meclis-uyelerini-ariyor-tum-belediye-baskanlari-ve-meclis-uyeleri-adaylarina-acik-mektup","status":"publish","type":"post","link":"https:\/\/mersingazetesi.com\/index.php\/2024\/01\/17\/penceremden-mersin-baskanlarini-ve-meclis-uyelerini-ariyor-tum-belediye-baskanlari-ve-meclis-uyeleri-adaylarina-acik-mektup\/","title":{"rendered":"PENCEREMDEN: MERS\u0130N BA\u015eKANLARINI VE MECL\u0130S \u00dcYELER\u0130N\u0130 ARIYOR..!  (T\u00dcM BELED\u0130YE BA\u015eKANLARI VE MECL\u0130S \u00dcYELER\u0130 ADAYLARINA A\u00c7IK MEKTUP)"},"content":{"rendered":"<p>\u00dclkemizde 1 Ocak 2024 itibariyle ba\u015flayan 31 Mart 2024 yerel se\u00e7imleri s\u00fcrecinde, t\u00fcm partilerin ve ittifaklar\u0131n Mersin\u2019de B\u00fcy\u00fck\u015fehir  ve Belediye Ba\u015fkan\u0131 ve \u0130l\u00e7e Belediye Ba\u015fkanlar\u0131 ile Meclis  \u00dcyesi adaylar\u0131n\u0131n yava\u015f yava\u015f netle\u015fti\u011fi s\u00fcrece girmi\u015f bulunmaktay\u0131z.  Mersin\u2019de adaylarda  aranacak en temel niteliklerden biri olan g\u00f6\u00e7ler kenti Mersin\u2019de her y\u00f6n\u00fcyle \u2018 Mersinli Olabilmeleri\u2019dir. Bundan kast\u0131m \u015f\u00f6venist  bir yakla\u015f\u0131mla atadan  dededen veya biyolojik olarak Mersinli olmak de\u011fildir. Ger\u00e7ekten Mersin\u2019i anlayabilen bir Mersinli olabilmektir ki kan\u0131mca depremden sonra artan imar rant\u0131 ba\u015fta olmak \u00fczere t\u00fcm Mersin\u2019in talan edilmesine do\u011fru giden bir s\u00fcre\u00e7te \u00e7ok \u00f6nemli oldu\u011funu d\u00fc\u015f\u00fcn\u00fcyorum.<\/p>\n<p> Bana g\u00f6re Mersinli olmak demek, temsil etti\u011fi il co\u011frafyas\u0131nda, \u2018Mersinli\u2019 olmay\u0131 gerektiriyor. Mersinli olmak, yukar\u0131da yazd\u0131\u011f\u0131m gibi illaki Mersin\u2019de atadan dededen Mersinli olmak de\u011fildir.<\/p>\n<p>Mersinli olmak demek, salt bir \u00f6v\u00fcnme ve \u0131rk\u00e7\u0131 bir  yakla\u015f\u0131m da de\u011fildir.<\/p>\n<p>Mersinli olmak, Mersin\u2019in tarihi sokaklar\u0131nda, mahallerinde, okullar\u0131nda, Stadyumlar\u0131nda, meydanlar\u0131nda, \u00e7orbac\u0131lar\u0131nda ve k\u00fcnefecilerinde, \u015falgamc\u0131, tur\u015fucular\u0131nda  \u00e7ocukluk ve ilk gen\u00e7lik an\u0131lar\u0131 olmak veya olanlar\u0131n duygu ve d\u00fc\u015f\u00fcncelerini anlayabilmek demektir.<\/p>\n<p>Mersinli olmak, g\u00f6\u00e7ler kenti olan Mersin\u2019in   okullar\u0131nda, sokaklar\u0131nda  ve ATAT\u00dcRK PARKINDA  ANISI OLMAK , olmasa bile Mersin\u2019deki her bir metre karenin ve binan\u0131n kent i\u00e7in de\u011ferini ve anlam\u0131n\u0131 bilmek demektir. <\/p>\n<p>Mersinli olmak demek, \u015eAHS\u0130 \u00c7IKAR VE EMELLER\u0130N\u0130, D\u00dc\u015eMANIN EMELLER\u0130YLE TEVH\u0130D EDENLERE KAR\u015eI , ge\u00e7mi\u015fte oldu\u011fu gibi  Mersinlileri arkas\u0131na alarak ortak ve kat\u0131l\u0131mc\u0131 bir y\u00f6netim anlay\u0131\u015f\u0131yla  CESARETLE KAR\u015eI   DURAB\u0130LMEK \u0130\u00c7\u0130N MERS\u0130NL\u0130LER\u0130N HAK VE \u00c7IKARLARINI KORUMAK DEMEKT\u0130R.<\/p>\n<p>MERS\u0130N\u2019DE B\u015eB BA\u015eKANI OLMAK DEMEK ; METRO, ATAT\u00dcRK PARKI\u2019NA L\u0130MAN  VE \u00c7AMLIBEL BARIK\u00c7I BARINA\u011eI G\u0130B\u0130 T\u00dcM KENT\u0130 \u0130LG\u0130LEND\u0130REN YA\u015eAMSAL MEGA YATIRIM VE  PROJELER\u0130 T\u00dcM BOYUTLARIYLA B\u015e VE \u0130L\u00c7E MECL\u0130S\u2019\u0130NDE  VE KENT KONSEYLER\u0130NDE , MESLEK ODALARINDA VE DEMOKRAT\u0130K K\u0130TLE \u00d6RG\u00dcTLER\u0130NDE TARTI\u015eMAYA A\u00c7AB\u0130LME \u00d6ZG\u00dcVEN\u0130NE SAH\u0130P OLAB\u0130LMEKTED\u0130R.<\/p>\n<p>Mersinli olmak demek, bug\u00fcnk\u00fc ekonomik i\u015fgal anlam\u0131na gelen \u00c7U\u015e\u2019un , Atat\u00fcrk Park\u0131n\u2019a ve Mersin\u2019in  ve Mersinlilerin \u00e7\u0131karlar\u0131na ve anayasal  ya\u015fam hakk\u0131na  kar\u015f\u0131 ekonomik SALDIRISINA VE TASALLUTUNA  KAR\u015eI  \u00c7IKMA kararl\u0131l\u0131k ve  cesaretini g\u00f6stermek demektir.<\/p>\n<p> Mersinli olmak ve Mersin\u2019de se\u00e7ilmi\u015f olmak demek, \u00f6zellikle neoliberal sistemin tam rekabet ortam\u0131n\u0131 sa\u011flamak, Mersinlilerin  ortalama milli gelirini ikiye katlayacak ANA AKTARMA KONTEYNER L\u0130MANI gibi stratejik bir yat\u0131r\u0131m\u0131 yapt\u0131rmak i\u00e7in yereli arkas\u0131na alarak seferber olmak , ger\u00e7ek anlamda Mersin Lobisi olu\u015fturmaya \u00e7aba g\u00f6stermektir. <\/p>\n<p>B\u00fcy\u00fck\u015fehir Belediye Ba\u015fkan\u0131 demek, \u015eehremini , yani kentin emanet edildi\u011fi, emin  ve en g\u00fcvenilir ki\u015fi demektir. Mersin\u2019in sahibi demektir.<\/p>\n<p>Mersin Belediye meclis \u00fcyesi demek , \u00f6ncelikle , Mersin\u2019i temsil etmek , temsil etti\u011fi ki\u015filerin hak ve \u00e7\u0131karlar\u0131n\u0131 koruyacak ki\u015fi demektir. <\/p>\n<p>Mersinli olmak demek,  sadece normal belediyecilik hizmetlerini yapmak (salt yol, hizmet yapmak ve \u00e7orba da\u011f\u0131tmak gibi gerekli,  ancak kal\u0131c\u0131 olmayan ge\u00e7ici hizmet ve yat\u0131r\u0131mlar) de\u011fil,  kentin ekonomik i\u015fgaline de ve her t\u00fcrl\u00fc  KENT SU\u00c7U, i\u015fleyen imar ve \u015fehircilik sald\u0131r\u0131lar\u0131na  kar\u015f\u0131 \u00f6nderlik yapacak, \u00f6nlem alacak kentle b\u00fct\u00fcnle\u015fecek  G\u00d6N\u00dcL BELED\u0130YEC\u0130L\u0130\u011e\u0130 demektir.<\/p>\n<p>Mersinli olmak demek, Mersinlilerin t\u00fcm hak ve \u00e7\u0131karlar\u0131n\u0131 korumak ve kent rant\u0131n\u0131n hak\u00e7a payla\u015f\u0131m\u0131 i\u00e7in Mersinlilerle \u2018tek y\u00fcrek\u2019 olabilmektir. <\/p>\n<p>Mersinli olmak demek,\u00f6ncelikle  Mersin\u2019in  ge\u00e7mi\u015findeki  askeri i\u015fgaline  en \u00f6nde \u00f6l\u00fcm\u00fc g\u00f6ze alarak \u015fehit olan Kozanl\u0131 Nail aste\u011fmen gibi m\u00fccadele ederek , 3 OCAK KUVVA-\u0130 M\u0130LL\u0130YE ve \u0130\u015eGALE KAR\u015eI ORTAK D\u0130REN\u0130\u015e RUHUNU kavrayabilmek, hissedebilmek ve  buna n\u00fcfuz etmektir.<\/p>\n<p>\u00d6zetle, Mersinli olmak, Mustafa Kemal Atat\u00fcrk\u2019\u00fcn \u2018 MERS\u0130NL\u0130LER MERS\u0130N\u2019E SAH\u0130P \u00c7IKINIZ..!\u2019 vasiyetine sahip \u00e7\u0131kma \u00f6zg\u00fcven ve bilincine sahip olmak demektir.<\/p>\n<p>Ger\u00e7ekten Mersinli olabilecek, Mersinlilerin g\u00f6n\u00fcllerine girecek ve bu yolda m\u00fccadele edecek , t\u00fcm adaylara ba\u015far\u0131lar dilerim. <\/p>\n<p>Unutmas\u0131nlar ki Mersin kendileriyle TEK Y\u00dcREK OLAB\u0130LECEK, G\u00d6N\u00dcL BELED\u0130YEC\u0130L\u0130\u011e\u0130 yapacak ba\u015fkan ve meclis \u00fcyelerini ar\u0131yor ve onun her zaman arkas\u0131nda olacakt\u0131r.<\/p>\n","protected":false},"excerpt":{"rendered":"<p>\u00dclkemizde 1 Ocak 2024 itibariyle ba\u015flayan 31 Mart 2024 yerel se\u00e7imleri s\u00fcrecinde, t\u00fcm partilerin ve ittifaklar\u0131n Mersin\u2019de B\u00fcy\u00fck\u015fehir ve Belediye Ba\u015fkan\u0131 ve \u0130l\u00e7e Belediye Ba\u015fkanlar\u0131 ile Meclis \u00dcyesi adaylar\u0131n\u0131n yava\u015f yava\u015f netle\u015fti\u011fi s\u00fcrece girmi\u015f bulunmaktay\u0131z. Mersin\u2019de adaylarda aranacak en temel niteliklerden biri olan g\u00f6\u00e7ler kenti Mersin\u2019de her y\u00f6n\u00fcyle \u2018 Mersinli Olabilmeleri\u2019dir. Bundan kast\u0131m \u015f\u00f6venist bir [&hellip;]<\/p>\n","protected":false},"author":13,"featured_media":65167,"comment_status":"open","ping_status":"open","sticky":false,"template":"","format":"standard","meta":{"footnotes":""},"categories":[28],"tags":[],"class_list":["post-65166","post","type-post","status-publish","format-standard","has-post-thumbnail","hentry","category-serdar-erkan"],"views":146,"_links":{"self":[{"href":"https:\/\/mersingazetesi.com\/index.php\/wp-json\/wp\/v2\/posts\/65166","targetHints":{"allow":["GET"]}}],"collection":[{"href":"https:\/\/mersingazetesi.com\/index.php\/wp-json\/wp\/v2\/posts"}],"about":[{"href":"https:\/\/mersingazetesi.com\/index.php\/wp-json\/wp\/v2\/types\/post"}],"author":[{"embeddable":true,"href":"https:\/\/mersingazetesi.com\/index.php\/wp-json\/wp\/v2\/users\/13"}],"replies":[{"embeddable":true,"href":"https:\/\/mersingazetesi.com\/index.php\/wp-json\/wp\/v2\/comments?post=65166"}],"version-history":[{"count":0,"href":"https:\/\/mersingazetesi.com\/index.php\/wp-json\/wp\/v2\/posts\/65166\/revisions"}],"wp:featuredmedia":[{"embeddable":true,"href":"https:\/\/mersingazetesi.com\/index.php\/wp-json\/wp\/v2\/media\/65167"}],"wp:attachment":[{"href":"https:\/\/mersingazetesi.com\/index.php\/wp-json\/wp\/v2\/media?parent=65166"}],"wp:term":[{"taxonomy":"category","embeddable":true,"href":"https:\/\/mersingazetesi.com\/index.php\/wp-json\/wp\/v2\/categories?post=65166"},{"taxonomy":"post_tag","embeddable":true,"href":"https:\/\/mersingazetesi.com\/index.php\/wp-json\/wp\/v2\/tags?post=65166"}],"curies":[{"name":"wp","href":"https:\/\/api.w.org\/{rel}","templated":true}]}}