{"id":64617,"date":"2024-01-08T16:39:11","date_gmt":"2024-01-08T13:39:11","guid":{"rendered":"https:\/\/mersingazetesi.com\/?p=64617"},"modified":"2024-06-11T21:47:46","modified_gmt":"2024-06-11T18:47:46","slug":"penceremden-vahap-secer-yapa-madiklarindan-da-sorumludur","status":"publish","type":"post","link":"https:\/\/mersingazetesi.com\/index.php\/2024\/01\/08\/penceremden-vahap-secer-yapa-madiklarindan-da-sorumludur\/","title":{"rendered":"PENCEREMDEN: VAHAP SE\u00c7ER VE MUSTAFA G\u00dcLTAK YAP(A)MADIKLARINDAN DA SORUMLUDUR..!"},"content":{"rendered":"<p>ADD Mersin \u015eubesi taraf\u0131ndan 6 Ocak 2024 Cumartesi g\u00fcn\u00fc TMMOB Mimarlar Odas\u0131nda ger\u00e7ekle\u015ftirilen ve taraf\u0131mdan y\u00f6netilen \u00a0EK L\u0130MAN \u0130N\u015eAATI MERS\u0130NL\u0130LER\u0130N YA\u015eAMINI VE \u00c7EVRES\u0130N\u0130 NASIL ETK\u0130LEYECEK konulu panel toplant\u0131da verilen bilgiler \u0131\u015f\u0131\u011f\u0131nda MERS\u0130N B\u015e. ve AKDEN\u0130Z B. BA\u015eKANLI\u011eININ \u00e7ok a\u011f\u0131r bir sorumluluk ve vebal \u00fcstlendi\u011fi ortaya \u00e7\u0131kt\u0131. Akdeniz Belediye Ba\u015fkan\u0131 Mustafa G\u00fcltak bu yat\u0131r\u0131m\u0131 AKP iktidar\u0131 ad\u0131na zaten savunucusudur. Onun bu yat\u0131r\u0131mdan siyasi beklentilerinin olmas\u0131 normaldir. Ancak Akdenizdeki mahallelerin sakinlerinin \u00a0ya\u015fayaca\u011f\u0131 sorun ve s\u0131k\u0131nt\u0131lardan acaba bilgisi var m\u0131? Olsa fikrini de\u011fi\u015ftirir mi?\u00a0 Pek sanm\u0131yorum. O nedenle yaz\u0131m\u0131n geri kalan\u0131nda \u00a0daha fazla duyarl\u0131l\u0131k bekledi\u011fimiz B\u015eB na ay\u0131raca\u011f\u0131m. Ancak \u00f6zellikle \u00a0\u015eehremini olan ve Mersin halk\u0131n\u0131n \u00e7\u0131karlar\u0131n\u0131 savunmakla y\u00fck\u00fcml\u00fc Mersin B\u015eB\u2019nin ek liman in\u015faat\u0131na kar\u015f\u0131 ve m\u00fcdahil oldu\u011fu davan\u0131n bir ka\u00e7 duru\u015fmas\u0131na belediye avukatlar\u0131n\u0131 dahi g\u00f6ndermedi\u011fi ve \u015fahsi olarak hi\u00e7 kat\u0131lmad\u0131\u011f\u0131 g\u00fcndeme geldi.\u00a0<br \/>\nGer\u00e7ekten de Vahap Se\u00e7er en son Dan\u0131\u015ftay ve sonras\u0131ndaki dava s\u00fcreci i\u00e7inde bu konuda, kendi \u015fahsi dava bile a\u00e7mam\u0131\u015f, bu nedenle son temyiz ba\u015fvuru \u00a0merci olan Anayasa Mahkemesi\u2019ne (AYM) a\u00e7t\u0131\u011f\u0131 davay\u0131 B\u015eB. t\u00fczel ki\u015filik \u00fczerinden a\u00e7\u0131lm\u0131\u015f ve do\u011fal olarak ret edildi\u011fi ortaya \u00e7\u0131km\u0131\u015ft\u0131.<br \/>\nZaten 2,5 milyonluk kenti temsil eden bir t\u00fczel ki\u015filik olan yerel y\u00f6netimin Mersin\u2019de \u00f6zellikle kent merkezinde \u00a0ya\u015fayanlar\u0131n en kutsal haklar\u0131 olan anayasal sa\u011fl\u0131kl\u0131 ya\u015fam haklar\u0131n\u0131 ellerinden alan ve hem in\u015faat s\u00fcresince hemde sonras\u0131nda KENT MERKEZ\u0130N\u0130 CEHENNEME \u00c7EV\u0130RECEK OLAN EK L\u0130MAN \u0130N\u015eAATI YATIRIMI\u2019na kar\u015f\u0131 a\u00e7t\u0131klar\u0131 davay\u0131 nas\u0131l kaybettikleri kolay izah edilebilecek bir durum de\u011fildir. \u00a0Dava bu haliyle sanki -dostlar al\u0131\u015fveri\u015fte g\u00f6rs\u00fcn- \u015fekli ile y\u00fcr\u00fct\u00fclm\u00fc\u015f bir dava izlenimi verilmektedir. Di\u011fer y\u00f6nden hukuk a\u00e7\u0131s\u0131ndan b\u00f6yle bir davan\u0131n y\u00fcr\u00fct\u00fclmesinde bir numaral\u0131 muhatap olan B\u015eB nin Ba\u015fkan\u0131 Se\u00e7er neden \u015fahsi dava a\u00e7arak hukuki y\u00f6nden daha g\u00fc\u00e7s\u00fcz ve etkisiz duruma d\u00fc\u015f\u00fclmesine neden oldu\u011fuda izaha muhta\u00e7t\u0131r. A\u00e7\u0131lsayd\u0131 \u015fahsi duru\u015fu ile hem bu m\u00fccadelede Mersinlileri y\u00fcreklendirmi\u015f olurdu, hemde AYM ne \u015fahsi dava a\u00e7\u0131lma hakk\u0131 ve bu dava \u00fczerinden hukuki s\u00fcre\u00e7 Mersinliler aleyhine usul y\u00f6n\u00fcnden olumsuz bitmemi\u015f olurdu.\u00a0<br \/>\nSonu\u00e7ta bir Mersinli olarak Vahap Se\u00e7er\u2019in bu davaya Y\u00dcRE\u011e\u0130N\u0130 KOYMADI\u011eI izlenimi vard\u0131r. Bir sava\u015fta askerler en \u00f6nde komutanlar\u0131n\u0131 g\u00f6rmez ise o sava\u015f ba\u015ftan kaybedilmi\u015ftir. \u00c7\u00fcnk\u00fc akerler sava\u015fma motivasyon ve heyecan\u0131n\u0131 komutanlar\u0131ndan al\u0131rlar. Ayr\u0131ca bu durum kar\u015f\u0131 taraf\u0131nda olumlu veya olumsuz \u00a0etkiler. Onlarda kar\u015f\u0131 taraf\u0131n komutan\u0131n\u0131 g\u00f6rmezlerse b\u00fcy\u00fck bir moral bulurlar.<br \/>\nDavay\u0131 parma\u011f\u0131n\u0131n ucuyla takibeden y\u00fcre\u011fini koymayan \u00a0bir B\u015eB n\u0131 kimse ciddiye almaz, o kent m\u00fccadele ba\u015ftan kaybedilmi\u015f demektir.<\/p>\n<p>DAVA S\u00dcREC\u0130NDE NEDEN B\u0130R KEZ STK VE DK\u00d6\u2019LER\u0130 TOPLAYIP \u00a0B\u0130LG\u0130 VERMED\u0130N\u0130Z?<\/p>\n<p>\u00d6nceki yaz\u0131lar\u0131mda belirtmi\u015ftim. Kat\u0131l\u0131mc\u0131 Demokrasiyi benimsemi\u015f Belediye Ba\u015fkanlar\u0131 \u00a0kent rant\u0131n\u0131 halk lehine payla\u015fmak isterlerse, halkla ve STK ve DK\u00d6(Demokratik Kitle \u00d6rg\u00fctleri) ile A\u00c7IK KAPI POL\u0130T\u0130KASI izlerler. Ancak temsili demokrasinin \u00a0zaaflar\u0131n\u0131 kurnazca kullanarak kent rant\u0131na g\u00f6z koyan lobiler ve \u00e7\u0131kar gruplar\u0131 Belediye Ba\u015fkanlar\u0131 ile ARKA KAPI POL\u0130T\u0130KASI \u00a0uygulamay\u0131 tercih ederler.<br \/>\nBug\u00fcn Vahap Se\u00e7er\u2019den en \u00e7ok \u015fikayet edilen konu kendisine muhtarlar\u0131n dahi ula\u015f\u0131lamad\u0131\u011f\u0131d\u0131r.Kan\u0131mca bir belediye ba\u015fkan\u0131n\u0131n i\u00e7ine d\u00fc\u015fece\u011fi en b\u00fcy\u00fck tuzak, \u00a0g\u00fc\u00e7 zehirlenmesinden kaynaklanan kendini ula\u015f\u0131lmaz k\u0131lmakt\u0131r.\u00d6te yandan Mersin\u2019de ula\u015f\u0131mda kullan\u0131lacak otob\u00fcslerin rengini bile halka sormakla \u00f6v\u00fcnen ( limon rengi otob\u00fcsler al\u0131nd\u0131) Mersin B\u00fcy\u00fck\u015fehir Belediyesi neden liman in\u015faat\u0131 ve metro gibi b\u00fcy\u00fck tutarda ki mega projelerde halk\u0131n tercihlerini sormad\u0131 ve bu projeleri ve yat\u0131r\u0131mlar\u0131 \u015feffaf bir \u015fekilde kentte tart\u0131\u015f\u0131lmas\u0131n\u0131 sa\u011flamad\u0131 vede anketler yapan bir tutum izlemedi?\u00a0<br \/>\n\u00d6zellikle s\u00f6z konusu liman yat\u0131r\u0131m\u0131nda mahkeme s\u00fcre\u00e7lerinde STK ve DK\u00d6 \u00a0toplay\u0131p GEL\u0130\u015eEN S\u00dcRE\u00c7LER HAKKINDA do\u011frudan bilgilendirmedi.\u00a0<br \/>\nBu konuda hi\u00e7 bir resim vermedi?\u00a0B\u015eB nin bu tutumu b\u00fcy\u00fck bir soru i\u015faretidir.\u00a0\u00d6te yandan daval\u0131k oldu\u011fu bir kurumla davan\u0131n bittikten sonra liman yap\u0131m s\u00fcreci ba\u015flamadan hemen \u00f6nce yetkilileri ile birlikte resim vermek veya B\u00fcy\u00fck\u015fehir belediyesinin bir spor tak\u0131m\u0131n\u0131n ve bu kurumla bir destek protokol\u00fc imzalamas\u0131 (ki muhtemelen bir maddi destek s\u00f6z konusu olacakt\u0131r) ger\u00e7ekten de izaha muhta\u00e7t\u0131r.<br \/>\nToplant\u0131da Liman yap\u0131m\u0131nda \u00e7evreye duyarl\u0131 olmayan vah\u015fi in\u015faat teknikleri uygulanaca\u011f\u0131 \u00c7ED raporundan al\u0131nan bilgiler do\u011frultusunda payla\u015f\u0131lm\u0131\u015ft\u0131r. \u00a04milyon 3 y\u00fcz bin ton ta\u015f dolgu yap\u0131lacak olup, yakla\u015f\u0131k ayda 5140 kamyon seferi olacakt\u0131r. Bu ara\u00e7lardan \u00e7\u0131kacak eksiz gazlar\u0131 ile kent merkezinde ya\u015fanan hava kirlili\u011fi solunum yollar\u0131 hastal\u0131klar\u0131nda b\u00fcy\u00fck bir art\u0131\u015f getirecektir. \u00a0<br \/>\nBu yat\u0131r\u0131mda kongre saray\u0131na bir ka\u00e7y\u00fcz metre mesafede ba\u015flayacak liman in\u015faat\u0131 ile B\u015eB Meclis toplant\u0131lar\u0131n\u0131n dahi g\u00fcr\u00fclt\u00fc ve tozdan yap\u0131labilece\u011fi \u015f\u00fcphelidir. \u00c7\u00fcnk\u00fc en k\u00fc\u00e7\u00fc\u011f\u00fc 2 tonluk kayalar\u0131n denize d\u00f6k\u00fclmesi ve \u00a0b\u00fcy\u00fck beton direklerin \u015fahmerdanlarla denize \u00e7ak\u0131lmas\u0131 \u00a0s\u00fcrecinde B\u00dcY\u00dcK B\u0130R TOZ, KOKU \u00a0VE G\u00dcR\u00dcLT\u00dc(~150 DB K\u0130RL\u0130L\u0130\u011e\u0130 OLU\u015eACAKTIR.Akdeniz il\u00e7esindeki 6-7 mahalleyi do\u011frudan etkileyecek bu yat\u0131r\u0131m s\u00fcreci i\u00e7inde bu \u00e7evrede baz\u0131 okullar\u0131n bile ta\u015f\u0131nmas\u0131 s\u00f6z konusudur.\u00a0 Bu mahallelerde olu\u015facak toz bulutlar\u0131 nedeniyle evlerde ve i\u015fyerlerinde \u00a0yaz s\u0131caklar\u0131nda \u00a0bile pencereler a\u00e7\u0131lmayacakt\u0131r. Yaylalarda a\u00e7\u0131lacak maden ocaklar\u0131ndaki patlamalar, toz bulutlar\u0131 nedeniyle \u00fcr\u00fcn kay\u0131plar\u0131 ve yollardaki trafik yo\u011funlu\u011fu kazalar ve yollardaki bozulmalar i\u015fin ba\u015fka bir y\u00f6n\u00fcd\u00fcr.\u00a0Mersin bu halk sa\u011fl\u0131\u011f\u0131n\u0131 riske atan bu b\u00fcy\u00fck fedakarl\u0131\u011f\u0131 T\u00fcrkiye\u2019de vergi verdi\u011fi bile \u015f\u00fcpheli \u00c7ok Uluslu \u015eirketin(\u00c7U\u015e) daha \u00a0fazla kar beklentisi i\u00e7in neden yap\u0131yor?\u00a0 Bu riskleri azaltmak i\u00e7in firma ve B\u00fcy\u00fck\u015fehir Belediyesi hangi \u00f6nlemleri alacak? Kar\u015f\u0131l\u0131\u011f\u0131nda Mersinliler ne kazanacak ? Vahap Se\u00e7er\u2019den Mersinliler olarak tatminkar bir a\u00e7\u0131klama \u00a0ve DK\u00d6 ve STK lar ile y\u00fczy\u00fcze toplant\u0131 yapmas\u0131 yapmas\u0131 ve sorulara yan\u0131t vererek kayg\u0131lar\u0131n\u0131 gidermesi gerekti\u011fi d\u00fc\u015f\u00fcncesindeyim.\u00a0<\/p>\n","protected":false},"excerpt":{"rendered":"<p>ADD Mersin \u015eubesi taraf\u0131ndan 6 Ocak 2024 Cumartesi g\u00fcn\u00fc TMMOB Mimarlar Odas\u0131nda ger\u00e7ekle\u015ftirilen ve taraf\u0131mdan y\u00f6netilen \u00a0EK L\u0130MAN \u0130N\u015eAATI MERS\u0130NL\u0130LER\u0130N YA\u015eAMINI VE \u00c7EVRES\u0130N\u0130 NASIL ETK\u0130LEYECEK konulu panel toplant\u0131da verilen bilgiler \u0131\u015f\u0131\u011f\u0131nda MERS\u0130N B\u015e. ve AKDEN\u0130Z B. BA\u015eKANLI\u011eININ \u00e7ok a\u011f\u0131r bir sorumluluk ve vebal \u00fcstlendi\u011fi ortaya \u00e7\u0131kt\u0131. Akdeniz Belediye Ba\u015fkan\u0131 Mustafa G\u00fcltak bu yat\u0131r\u0131m\u0131 AKP iktidar\u0131 [&hellip;]<\/p>\n","protected":false},"author":13,"featured_media":64208,"comment_status":"open","ping_status":"open","sticky":false,"template":"","format":"standard","meta":{"footnotes":""},"categories":[28],"tags":[],"class_list":["post-64617","post","type-post","status-publish","format-standard","has-post-thumbnail","hentry","category-serdar-erkan"],"views":222,"_links":{"self":[{"href":"https:\/\/mersingazetesi.com\/index.php\/wp-json\/wp\/v2\/posts\/64617","targetHints":{"allow":["GET"]}}],"collection":[{"href":"https:\/\/mersingazetesi.com\/index.php\/wp-json\/wp\/v2\/posts"}],"about":[{"href":"https:\/\/mersingazetesi.com\/index.php\/wp-json\/wp\/v2\/types\/post"}],"author":[{"embeddable":true,"href":"https:\/\/mersingazetesi.com\/index.php\/wp-json\/wp\/v2\/users\/13"}],"replies":[{"embeddable":true,"href":"https:\/\/mersingazetesi.com\/index.php\/wp-json\/wp\/v2\/comments?post=64617"}],"version-history":[{"count":0,"href":"https:\/\/mersingazetesi.com\/index.php\/wp-json\/wp\/v2\/posts\/64617\/revisions"}],"wp:featuredmedia":[{"embeddable":true,"href":"https:\/\/mersingazetesi.com\/index.php\/wp-json\/wp\/v2\/media\/64208"}],"wp:attachment":[{"href":"https:\/\/mersingazetesi.com\/index.php\/wp-json\/wp\/v2\/media?parent=64617"}],"wp:term":[{"taxonomy":"category","embeddable":true,"href":"https:\/\/mersingazetesi.com\/index.php\/wp-json\/wp\/v2\/categories?post=64617"},{"taxonomy":"post_tag","embeddable":true,"href":"https:\/\/mersingazetesi.com\/index.php\/wp-json\/wp\/v2\/tags?post=64617"}],"curies":[{"name":"wp","href":"https:\/\/api.w.org\/{rel}","templated":true}]}}