{"id":64469,"date":"2024-01-05T15:19:49","date_gmt":"2024-01-05T12:19:49","guid":{"rendered":"https:\/\/mersingazetesi.com\/?p=64469"},"modified":"2024-06-11T21:47:46","modified_gmt":"2024-06-11T18:47:46","slug":"penceremden-ataturk-parkina-dogru-liman-insaati-mersinlileri-ve-cevresini-etkileyecek","status":"publish","type":"post","link":"https:\/\/mersingazetesi.com\/index.php\/2024\/01\/05\/penceremden-ataturk-parkina-dogru-liman-insaati-mersinlileri-ve-cevresini-etkileyecek\/","title":{"rendered":"PENCEREMDEN: ATAT\u00dcRK PARKI\u2019NA DO\u011eRU L\u0130MAN \u0130N\u015eAATI  MERS\u0130NL\u0130LER\u0130 VE \u00c7EVRES\u0130N\u0130 ETK\u0130LEYECEK..!"},"content":{"rendered":"<p>\u00d6ncelikle T\u00fcm Mersin\u2019lilerin ADD MERSIN \u015eUBES\u0130\u2019nin  6 Ocak 2024 Cumartesi g\u00fcn\u00fc bug\u00fcn saat 13:30\u2019da TMMOB Mimarlar Odas\u0131\u2019nda d\u00fczenleyece\u011fi -MERS\u0130N L\u0130MANI GEN\u0130\u015eLEME YATIRIMININ KENT YA\u015eAMINA VE \u00c7EVRES\u0130NE ETK\u0130LER\u0130- konulu panel toplant\u0131y\u0131 k\u00f6\u015femden duyurmak istiyorum.<\/p>\n<p>ADD Mersin \u015fubesi ba\u015fta muhtarlar\u0131m\u0131z olmak \u00fczere t\u00fcm hem\u015ferilerimiz de davet edilmektedir.<\/p>\n<p>Bilindi\u011fi gibi Anayasa Mahkemesi (AYM) T\u00fcrkiye\u2019deki limanlar\u0131n kira s\u00fcresini ihalesiz 49 y\u0131ll\u0131\u011f\u0131na  uzatan yasay\u0131 CHP,  AYM g\u00f6t\u00fcrm\u00fc\u015ft\u00fc. AYM \u015fa\u015f\u0131rt\u0131c\u0131 bir \u015fekilde -oybirli\u011fi ile-yasay\u0131 iptal etmi\u015fti. Ancak iktidar bu karar\u0131 yok h\u00fckm\u00fcnde sayarak, kira s\u00fcresinin uzat\u0131lm\u0131\u015f gibi mevcut i\u015fletmecilere destek veren kararlar alm\u0131\u015ft\u0131. <\/p>\n<p>Bu s\u00fcre\u00e7te Mersin B\u015eB ve di\u011fer kurumlar\u0131n mevcut kirac\u0131 firman\u0131n Atat\u00fcrk Park\u0131 \u00f6n\u00fcne do\u011fru geni\u015fleme yat\u0131r\u0131m\u0131na kar\u015f\u0131 a\u00e7t\u0131\u011f\u0131 davalar, yarg\u0131n\u0131n i\u00e7inde bulundu\u011fu malum durum nedeniyle kaybettirildi.<\/p>\n<p>MERS\u0130N   B\u00dcY\u00dcK\u015eEH\u0130R BELED\u0130YES\u0130\u2019NE EMANET<\/p>\n<p>Mersin Belediyesi Ba\u015fkan\u0131 eski dille \u015eEHREM\u0130N\u0130\u2019dir. Yani \u015fehrin emanet edildi\u011fi g\u00fcvenilir ki\u015fidir. Bu y\u00f6n\u00fcyle ba\u015fta B\u00fcy\u00fck\u015fehir Belediye Ba\u015fkan\u0131, engelleyemedikleri Atat\u00fcrk Park\u0131 \u00f6n\u00fcne  geni\u015fleyecek Liman in\u015faat\u0131n\u0131n her a\u015famas\u0131nda Mersin\u2019e zarar vermemesi i\u00e7in \u00e7aba g\u00f6stermelidir. <\/p>\n<p>Ba\u015fta Liman\u2019\u0131n i\u00e7inde oldu\u011fu Akdeniz Belediye Ba\u015fkan\u0131n\u0131n  bu konuda \u0130\u015fletmeci \u015eirketin a\u011fz\u0131ndan konu\u015fmas\u0131, kent merkezinde yoksul mahallelerde ya\u015fayan yurtta\u015flar\u0131m\u0131z\u0131n in\u015faat s\u00fcresince 2-4 y\u0131l i\u00e7inde ya\u015fayaca\u011f\u0131  s\u0131k\u0131nt\u0131lar\u0131 anlatamamas\u0131 da tarihi bir vebaldir. <\/p>\n<p>Akdeniz\u2019in ve Toroslar\u2019\u0131n yoksul mahallelerinde ya\u015fayanlar\u0131n ya\u015fam\u0131n\u0131 cehenneme \u00e7evirecek bu yat\u0131r\u0131mla beraber, denizle ba\u011flant\u0131s\u0131 koptu\u011fu gibi, bir \u00e7ok hastal\u0131\u011fa da yakalanacaklard\u0131r.  Yetkilerini halk lehine kullan\u0131p kirac\u0131 firman\u0131n in\u015faat s\u00fcrecini denetlemedikleri ve yanl\u0131\u015f uygulamalara engel olmad\u0131klar\u0131 takdirde, bunun vebali B\u00fcy\u00fck\u015fehir ve Akdeniz Belediyesi\u2019nde olacakt\u0131r. <\/p>\n<p>VAHAP SE\u00c7ER BU VEBALE ORTAK OLMAYINIZ!<\/p>\n<p>Mersin\u2019in \u015eehremini B\u00fcy\u00fck\u015fehir Belediye Ba\u015fkan\u0131 Vahap Se\u00e7er\u2019dir. \u0130\u015fletmeci firman\u0131n, Mersin\u2019in modernle\u015fmesinin ilk ve en \u00f6nemli kamusal alanlar\u0131ndan biri ve kent belle\u011fi olan Atat\u00fcrk park\u0131na do\u011fru geni\u015fleme yat\u0131r\u0131m\u0131na Mersin B\u00fcy\u00fck\u015fehir Belediye Ba\u015fkan\u0131 Vahap Se\u00e7er,  \u0130stanbul B\u015eB Ekrem \u0130mamo\u011flu\u2019nun Kanal \u0130stanbul projesinde oldu\u011fu gibi Mersinlileri  arkas\u0131na al\u0131p m\u00fcdahil oldu\u011fu, hukuki s\u00fcre\u00e7te kararlara bizzat m\u00fcdahil oldu\u011fu g\u00f6r\u00fclmemi\u015f, hi\u00e7 bir davaya kat\u0131lmam\u0131\u015f  ve \u015fahsi dava dahi a\u00e7mam\u0131\u015ft\u0131r.<\/p>\n<p>Bu nedene AYM a\u00e7\u0131lan dava t\u00fczel ki\u015filik oldu\u011fu i\u00e7in ret edilmi\u015f oldu\u011fu bilgisi verilmi\u015ftir\u2026<\/p>\n<p>Hukuk s\u00fcreci ilerlerken Vahap Se\u00e7er, METRO in\u015faat\u0131n\u0131 ger\u00e7ekle\u015ftirmek  i\u00e7in g\u00f6sterdi\u011fi enerjiyi ve \u00e7abay\u0131,   -Mersin Liman\u0131  Geni\u015fleme Yat\u0131r\u0131m\u0131na-  kar\u015f\u0131 halk\u0131 arkas\u0131na alarak neden g\u00f6stermemi\u015ftir? <\/p>\n<p>Vahap Se\u00e7er\u2019in Atat\u00fcrk Park\u0131 Liman yat\u0131r\u0131m\u0131na kar\u015f\u0131 meslek odalar\u0131n\u0131, demokratik kitle \u00f6rg\u00fctlerini kent konseyini yan\u0131na al\u0131p Liman GEN\u0130\u015eLEME YATIRIMINA KAR\u015eI B\u0130RL\u0130KTE RES\u0130M VERD\u0130\u011e\u0130  H\u0130\u00c7 G\u00d6R\u00dcLMED\u0130..!<\/p>\n<p>ANCAK NEDENSE GE\u00c7T\u0130\u011e\u0130M\u0130Z G\u00dcNLERDE K\u0130RACI F\u0130RMA YETK\u0130L\u0130LER\u0130 \u0130LE B\u0130RL\u0130KTE MAKAMINDA RES\u0130M VERD\u0130\u011e\u0130 sosyal medyada yay\u0131nland\u0131.<\/p>\n<p>Bu resim Mersinlilerde soru i\u015fareti b\u0131rakm\u0131\u015ft\u0131r..!<\/p>\n<p>Elinizdeki B\u00fcy\u00fck\u015fehir Organizasyon g\u00fcc\u00fcn\u00fc ve yetkisini Mersinliler lehine kullanabilirsiniz, halk\u0131 arkan\u0131za alarak bu yanl\u0131\u015f yat\u0131r\u0131m\u0131 hala durdurabilirsiniz.<\/p>\n<p>LiMAN GEN\u0130\u015eLEME \u0130N\u015eAATI BA\u015eLIYOR!<\/p>\n<p>Mersin liman\u0131 i\u015fletmecisi ge\u00e7enlerde liman ihalesini tamamlayarak bir  firmaya yap\u0131m  ihalesini vermi\u015ftir. \u0130\u015fletmeci firman\u0131n zaman ge\u00e7irmeden kamu kurumlar\u0131na bu firmaya yard\u0131mc\u0131 olunmas\u0131 i\u00e7in  yazd\u0131\u011f\u0131 talimat gibi yaz\u0131  Ara\u015ft\u0131rmac\u0131-Yazar Abdullah Ayan taraf\u0131ndan yay\u0131nlanm\u0131\u015ft\u0131r. Bu yaz\u0131 acaba Mersin\u2019in i\u015fletmeci firma taraf\u0131ndan tahakk\u00fcm alt\u0131na al\u0131nmaya ba\u015flad\u0131\u011f\u0131n\u0131n g\u00f6stergesi midir? <\/p>\n<p>Mersinlilerin ADD Mersin \u015eubesi\u2019nin bug\u00fcnk\u00fc toplant\u0131s\u0131ndan \u00f6\u011frenecekleri \u00e7ok \u00f6nemli bilgiler olaca\u011f\u0131n\u0131 d\u00fc\u015f\u00fcn\u00fcyorum.<\/p>\n","protected":false},"excerpt":{"rendered":"<p>\u00d6ncelikle T\u00fcm Mersin\u2019lilerin ADD MERSIN \u015eUBES\u0130\u2019nin 6 Ocak 2024 Cumartesi g\u00fcn\u00fc bug\u00fcn saat 13:30\u2019da TMMOB Mimarlar Odas\u0131\u2019nda d\u00fczenleyece\u011fi -MERS\u0130N L\u0130MANI GEN\u0130\u015eLEME YATIRIMININ KENT YA\u015eAMINA VE \u00c7EVRES\u0130NE ETK\u0130LER\u0130- konulu panel toplant\u0131y\u0131 k\u00f6\u015femden duyurmak istiyorum. ADD Mersin \u015fubesi ba\u015fta muhtarlar\u0131m\u0131z olmak \u00fczere t\u00fcm hem\u015ferilerimiz de davet edilmektedir. Bilindi\u011fi gibi Anayasa Mahkemesi (AYM) T\u00fcrkiye\u2019deki limanlar\u0131n kira s\u00fcresini ihalesiz [&hellip;]<\/p>\n","protected":false},"author":13,"featured_media":64208,"comment_status":"open","ping_status":"open","sticky":false,"template":"","format":"standard","meta":{"footnotes":""},"categories":[28],"tags":[],"class_list":["post-64469","post","type-post","status-publish","format-standard","has-post-thumbnail","hentry","category-serdar-erkan"],"views":198,"_links":{"self":[{"href":"https:\/\/mersingazetesi.com\/index.php\/wp-json\/wp\/v2\/posts\/64469","targetHints":{"allow":["GET"]}}],"collection":[{"href":"https:\/\/mersingazetesi.com\/index.php\/wp-json\/wp\/v2\/posts"}],"about":[{"href":"https:\/\/mersingazetesi.com\/index.php\/wp-json\/wp\/v2\/types\/post"}],"author":[{"embeddable":true,"href":"https:\/\/mersingazetesi.com\/index.php\/wp-json\/wp\/v2\/users\/13"}],"replies":[{"embeddable":true,"href":"https:\/\/mersingazetesi.com\/index.php\/wp-json\/wp\/v2\/comments?post=64469"}],"version-history":[{"count":0,"href":"https:\/\/mersingazetesi.com\/index.php\/wp-json\/wp\/v2\/posts\/64469\/revisions"}],"wp:featuredmedia":[{"embeddable":true,"href":"https:\/\/mersingazetesi.com\/index.php\/wp-json\/wp\/v2\/media\/64208"}],"wp:attachment":[{"href":"https:\/\/mersingazetesi.com\/index.php\/wp-json\/wp\/v2\/media?parent=64469"}],"wp:term":[{"taxonomy":"category","embeddable":true,"href":"https:\/\/mersingazetesi.com\/index.php\/wp-json\/wp\/v2\/categories?post=64469"},{"taxonomy":"post_tag","embeddable":true,"href":"https:\/\/mersingazetesi.com\/index.php\/wp-json\/wp\/v2\/tags?post=64469"}],"curies":[{"name":"wp","href":"https:\/\/api.w.org\/{rel}","templated":true}]}}