{"id":64199,"date":"2023-12-31T16:52:40","date_gmt":"2023-12-31T13:52:40","guid":{"rendered":"https:\/\/mersingazetesi.com\/?p=64199"},"modified":"2024-06-11T21:47:46","modified_gmt":"2024-06-11T18:47:46","slug":"penceremden-haydi-mersin-3-ocak-zafer-yuruyusune","status":"publish","type":"post","link":"https:\/\/mersingazetesi.com\/index.php\/2023\/12\/31\/penceremden-haydi-mersin-3-ocak-zafer-yuruyusune\/","title":{"rendered":"PENCEREMDEN: HAYD\u0130 MERS\u0130N 3 OCAK ZAFER Y\u00dcR\u00dcY\u00dc\u015e\u00dcNE..!"},"content":{"rendered":"<p> Mersin i\u015fgalden kurtulu\u015funun 102. Y\u0131ld\u00f6n\u00fcm\u00fcne haz\u0131rlan\u0131yor. Toroslar Belediyesi\u2019nin geleneksel hale getirdi\u011fi Zafer Y\u00fcr\u00fc\u015f\u00fc, 3 OCAK 2023 \u00c7AR\u015eAMBA G\u00dcN\u00dc(YARIN) SAAT 08:00\u2019de  TOROSLAR ANIT KAV\u015eA\u011eINDAN BA\u015eLIYOR  ve Cumhuriyet Meydan\u0131\u2019nda bitiyor. <\/p>\n<p>Bu y\u0131l y\u00fcr\u00fcy\u00fc\u015f valili\u011fin resmi t\u00f6renleri ile birle\u015ftirilerek ger\u00e7ekle\u015ftiriliyor. Y\u00fcr\u00fcy\u00fc\u015f, Cumhuriyet Meydan\u0131\u2019nda yap\u0131lacak konu\u015fma, g\u00f6steri ve etkinliklerle resmi t\u00f6renlerle tamamlanacak. Cumhuriyetimizin 100. Y\u0131l\u0131nda 3 Ocak Zafer Y\u00fcr\u00fcy\u00fc\u015f\u00fc\u2019n\u00fcn siyaset \u00fcst\u00fc g\u00f6r\u00fclerek t\u00fcm ki\u015fi ve kurulu\u015flar\u0131n kat\u0131lmas\u0131 gerekti\u011fini d\u00fc\u015f\u00fcncesindeyim. \u00c7\u00fcnk\u00fc bug\u00fcn Mersin\u2019in en \u00f6zel g\u00fcnlerinden biridir. <\/p>\n<p> 100. YIL KUTLAMA MECL\u0130S\u0130\u2019N\u0130N \u00dcYE KURUMLARI PANKARTI \u0130LE KATILIYOR<\/p>\n<p> Mersin\u2019de kurulu\u015funu 21 Eyl\u00fcl 2023 g\u00fcn\u00fc yapt\u0131\u011f\u0131 bas\u0131n a\u00e7\u0131klamas\u0131 ile duyuran, i\u00e7inde Mersin Barosu, Mersin Kent Konseyi, MTSO, Mersin SMMMO, \u0130\u00e7el Sanat Klub\u00fc (ISK), ADD, \u00c7YDD, E\u011e\u0130T\u0130M-\u0130\u015e, YKKED ve Y\u0130RM\u0130 DOKUZ EK\u0130M K. DER. nin \u2018y\u00fcr\u00fctme kurulunu\u2019 olu\u015fturdu\u011fu 50\u2019ye yak\u0131n kurulu\u015ftan olu\u015fmaktad\u0131r. Mersin Cumhuriyetin 100. Y\u0131l\u0131n\u0131 Kutlama Meclisi olarak 21 Eyl\u00fcl 2023 tarihinde \u00d6zgecan Bar\u0131\u015f Meydan\u0131\u2019nda yap\u0131lan bas\u0131n a\u00e7\u0131klamas\u0131nda Atat\u00fcrk\u2019\u00fcn Mersin\u2019in jeopolitik konumu nedeniyle Mersin\u2019in \u00f6nemi a\u015fa\u011f\u0131daki \u015fekilde belirtilmi\u015fti. \u201cGazi Mustafa Kemal Atat\u00fcrk. Mersin\u2019imizin sosyal ve ekonomik yap\u0131s\u0131na, tar\u0131m ve ticaret potansiyeli ile jeopolitik konumuna \u00e7ok \u00f6nem verdi\u011finin bir g\u00f6stergesi olarak toplam on kez Mersin\u2019imizi ziyaret etmi\u015ftir. Bu ziyaretlerin ilki 5 Kas\u0131m 1918\u2019de milli m\u00fccadelenin tasarlanma a\u015famas\u0131nda Adana\u2019dan gizli olarak trenle gelerek Karamanc\u0131lar kona\u011f\u0131nda toplant\u0131 yapm\u0131\u015f, Ordu\u2019nun silahlar\u0131n\u0131n teslim edilmeyip da\u011f k\u00f6ylerine g\u00f6nderilmesini istemi\u015ftir. Son ziyaretini de Hatay konusundaki kararl\u0131l\u0131\u011f\u0131n\u0131 g\u00f6stermek \u00fczere 20 May\u0131s 1938\u2019de ger\u00e7ekle\u015ftirmi\u015ftir. Kurtulu\u015ftan 17 Mart 1923\u2019de Tarsus\u2019ta \u201cKara Fatma\u201d lakab\u0131yla bilinen Adile \u00c7avu\u015f, Atat\u00fcrk\u2019\u00fcn ayaklar\u0131na kapanarak \u201cBast\u0131\u011f\u0131n topra\u011fa kurban olay\u0131m Pa\u015fa\u2019m\u201d demi\u015f, Mustafa Kemal Pa\u015fa\u2019da e\u011filip kendisini yerden kald\u0131rarak \u201cKahraman T\u00fcrk kad\u0131n\u0131! Sen yerlerde s\u00fcr\u00fcnmeye de\u011fil omuzlar \u00fczerinde y\u00fckselmeye lay\u0131ks\u0131n.\u201d diyerek T\u00fcrk kad\u0131n\u0131na verdi\u011fi \u00f6nemi ilk kez Tarsus\u2019da vurgulam\u0131\u015ft\u0131r . Ayr\u0131ca T\u00fcrk k\u00f6yl\u00fcs\u00fcn\u00fc bilin\u00e7lendirmek i\u00e7in, onu \u00e7a\u011fda\u015f , bilin\u00e7li ve fenn\u00ee \u00fcretim yapmas\u0131na \u00f6rnek olmak \u00fczere Silifke\u2019de kurulmas\u0131n\u0131 te\u015fvik etti\u011fi T\u00fcrkiye\u2019de ilk kurulan kooperatifin 1 nolu \u00fcyesi olmu\u015ftur.  \u2018Mersinliler Mersin\u2019e sahip \u00e7\u0131k\u0131n\u0131z\u2019 diyerek bizlere b\u00fcy\u00fck bir g\u00f6rev veren Ata\u2019m\u0131za lay\u0131k olmak i\u00e7in hepimiz bug\u00fcnde bir araday\u0131z.\u201ddenilmektedir. <\/p>\n<p> Cumhuriyetin 100. Y\u0131l\u0131nda T\u00dcM MERS\u0130NL\u0130LER\u0130N \u00d6ZELL\u0130KLE GEN\u00c7LER\u0130M\u0130Z\u0130N 3 OCAK ZAFER Y\u00dcR\u00dcY\u00dc\u015e\u00dcNE KATILMASI kurtulu\u015f heyecan\u0131n\u0131n ve co\u015fkusunun gelece\u011fe ta\u015f\u0131nmas\u0131 a\u00e7\u0131s\u0131ndan \u00f6nemlidir.<br \/>\n Haydi Mersin..! <\/p>\n<p> Sa\u011fl\u0131\u011f\u0131 ve zaman\u0131 uygun olan t\u00fcm okurlar\u0131m\u0131z\u0131 3 OCAK ZAFER Y\u00dcR\u00dcY\u00dc\u015e\u00dc CO\u015eKUSUNU YA\u015eAMAK VE YA\u015eATMAK \u0130\u00c7\u0130N SAAT 08:00 DE TOROSLAR ANIT KAV\u015eA\u011eINDA TOPLANARAK \u201c100.YIL KUTLAMA MECL\u0130S\u0130 PANKARTI arkas\u0131nda y\u00fcr\u00fcmeye davet ediyorum\u2026 T\u00fcm okurlar\u0131m\u0131z\u0131n ve Mersinlilerin, 2024 y\u0131l\u0131n\u0131n sa\u011fl\u0131k, mutluluk ve bereket getirmesi dile\u011fiyle, 3 Ocak Mersin\u2019in Kurtulu\u015f Bayram\u0131\u2019n\u0131n 102. Y\u0131ld\u00f6n\u00fcm\u00fc kutlu olsun..! <\/p>\n","protected":false},"excerpt":{"rendered":"<p>Mersin i\u015fgalden kurtulu\u015funun 102. Y\u0131ld\u00f6n\u00fcm\u00fcne haz\u0131rlan\u0131yor. Toroslar Belediyesi\u2019nin geleneksel hale getirdi\u011fi Zafer Y\u00fcr\u00fc\u015f\u00fc, 3 OCAK 2023 \u00c7AR\u015eAMBA G\u00dcN\u00dc(YARIN) SAAT 08:00\u2019de TOROSLAR ANIT KAV\u015eA\u011eINDAN BA\u015eLIYOR ve Cumhuriyet Meydan\u0131\u2019nda bitiyor. Bu y\u0131l y\u00fcr\u00fcy\u00fc\u015f valili\u011fin resmi t\u00f6renleri ile birle\u015ftirilerek ger\u00e7ekle\u015ftiriliyor. Y\u00fcr\u00fcy\u00fc\u015f, Cumhuriyet Meydan\u0131\u2019nda yap\u0131lacak konu\u015fma, g\u00f6steri ve etkinliklerle resmi t\u00f6renlerle tamamlanacak. Cumhuriyetimizin 100. Y\u0131l\u0131nda 3 Ocak Zafer Y\u00fcr\u00fcy\u00fc\u015f\u00fc\u2019n\u00fcn [&hellip;]<\/p>\n","protected":false},"author":13,"featured_media":64208,"comment_status":"open","ping_status":"open","sticky":false,"template":"","format":"standard","meta":{"footnotes":""},"categories":[28],"tags":[],"class_list":["post-64199","post","type-post","status-publish","format-standard","has-post-thumbnail","hentry","category-serdar-erkan"],"views":214,"_links":{"self":[{"href":"https:\/\/mersingazetesi.com\/index.php\/wp-json\/wp\/v2\/posts\/64199","targetHints":{"allow":["GET"]}}],"collection":[{"href":"https:\/\/mersingazetesi.com\/index.php\/wp-json\/wp\/v2\/posts"}],"about":[{"href":"https:\/\/mersingazetesi.com\/index.php\/wp-json\/wp\/v2\/types\/post"}],"author":[{"embeddable":true,"href":"https:\/\/mersingazetesi.com\/index.php\/wp-json\/wp\/v2\/users\/13"}],"replies":[{"embeddable":true,"href":"https:\/\/mersingazetesi.com\/index.php\/wp-json\/wp\/v2\/comments?post=64199"}],"version-history":[{"count":0,"href":"https:\/\/mersingazetesi.com\/index.php\/wp-json\/wp\/v2\/posts\/64199\/revisions"}],"wp:featuredmedia":[{"embeddable":true,"href":"https:\/\/mersingazetesi.com\/index.php\/wp-json\/wp\/v2\/media\/64208"}],"wp:attachment":[{"href":"https:\/\/mersingazetesi.com\/index.php\/wp-json\/wp\/v2\/media?parent=64199"}],"wp:term":[{"taxonomy":"category","embeddable":true,"href":"https:\/\/mersingazetesi.com\/index.php\/wp-json\/wp\/v2\/categories?post=64199"},{"taxonomy":"post_tag","embeddable":true,"href":"https:\/\/mersingazetesi.com\/index.php\/wp-json\/wp\/v2\/tags?post=64199"}],"curies":[{"name":"wp","href":"https:\/\/api.w.org\/{rel}","templated":true}]}}