{"id":6324,"date":"2021-11-23T11:56:17","date_gmt":"2021-11-23T08:56:17","guid":{"rendered":"http:\/\/mersin.mesiad.org\/index.php\/2021\/11\/23\/mersinde-saglik-calisanlarina-ulasim-ucretsiz-oldu\/"},"modified":"2021-11-23T11:56:17","modified_gmt":"2021-11-23T08:56:17","slug":"mersinde-saglik-calisanlarina-ulasim-ucretsiz-oldu","status":"publish","type":"post","link":"https:\/\/mersingazetesi.com\/index.php\/2021\/11\/23\/mersinde-saglik-calisanlarina-ulasim-ucretsiz-oldu\/","title":{"rendered":"Mersin\u2019de sa\u011fl\u0131k \u00e7al\u0131\u015fanlar\u0131na ula\u015f\u0131m \u00fccretsiz oldu"},"content":{"rendered":"<div><span style=\"font-size: 12px;\">Mersin B\u00fcy\u00fck\u015fehir Belediye Ba\u015fkan\u0131 Vahap Se\u00e7er, korona vir\u00fcs salg\u0131n\u0131na kar\u015f\u0131 fedakarca \u00e7al\u0131\u015fan sa\u011fl\u0131k \u00e7al\u0131\u015fanlar\u0131 i\u00e7in belediye otob\u00fcslerini \u00fccretsiz yapt\u0131. 13 il\u00e7edeki sa\u011fl\u0131k \u00e7al\u0131\u015fanlar\u0131 belediye otob\u00fcslerini \u00fccretsiz olarak kullanacak.\u00a0<\/span><\/div>\n<div><span style=\"font-size: 12px;\">\u00a0 B\u00fcy\u00fck\u015fehir Belediyesi, bir yandan korona vir\u00fcs salg\u0131n\u0131na kar\u015f\u0131 al\u0131nan \u00f6nlemleri titizlikle s\u00fcrd\u00fcr\u00fcrken bir yandan da vir\u00fcs riskinin T\u00fcrkiye\u2019de de g\u00f6r\u00fclmeye ba\u015fland\u0131\u011f\u0131 g\u00fcnden bu yana fedakarca g\u00f6rev yapan sa\u011fl\u0131k \u00e7al\u0131\u015fanlar\u0131na bir nebze de olsa katk\u0131 sa\u011flayacak uygulamalara imza at\u0131yor. B\u00fcy\u00fck\u015fehir Belediye Ba\u015fkan\u0131 Se\u00e7er, bu kapsamda, Mersin genelinde belediye otob\u00fcslerinin sa\u011fl\u0131k \u00e7al\u0131\u015fanlar\u0131na \u00fccretsiz hizmet verece\u011fini a\u00e7\u0131klad\u0131. Ba\u015fkan Se\u00e7er, \u201cKorona salg\u0131n\u0131n\u0131n \u00fclkemizde ve kentimizde yay\u0131l\u0131m\u0131n\u0131n \u00f6nlenmesi amac\u0131yla gerekli \u00f6nlemleri al\u0131yoruz, almaya da devam edece\u011fiz. Bu m\u00fccadelenin en \u00f6n\u00fcnde, mesai g\u00f6zetmeksizin fedakarl\u0131kla g\u00f6rev yapan sa\u011fl\u0131k \u00e7al\u0131\u015fanlar\u0131m\u0131z, sa\u011fl\u0131k \u00e7al\u0131\u015fan\u0131 oldu\u011funu g\u00f6steren kimlik kart\u0131n\u0131 g\u00f6stermek suretiyle 13 il\u00e7emizdeki toplu ta\u015f\u0131ma ara\u00e7lar\u0131ndan \u00fccretsiz olarak faydalanabileceklerdir\u201d dedi.\u00a0<\/span><\/div>\n<div><span style=\"font-size: 12px;\">\u00a0<\/span><\/div>\n<div><span style=\"font-size: 12px;\">\u00a0 Otob\u00fcsleri kullananlar\u0131n say\u0131s\u0131 yar\u0131 yar\u0131ya azald\u0131\u00a0<\/span><\/div>\n<div><span style=\"font-size: 12px;\">\u00a0 \u00d6te yandan, korona vir\u00fcs salg\u0131n\u0131n T\u00fcrkiye\u2019de de risk olu\u015fturdu\u011funun a\u00e7\u0131klanmas\u0131n\u0131n ard\u0131ndan vatanda\u015flara \u201cEvde kal\u201d \u00e7a\u011fr\u0131s\u0131 yap\u0131lmas\u0131yla birlikte, Mersinliler de \u00e7a\u011fr\u0131ya uymaya ba\u015flad\u0131. Mersin B\u00fcy\u00fck\u015fehir Belediyesi Ula\u015f\u0131m Daire Ba\u015fkanl\u0131\u011f\u0131n\u0131n belediye otob\u00fcslerinden derledi\u011fi istatistiki bilgiler, \u201cEvde kal\u2019 \u00e7a\u011f\u0131r\u0131s\u0131na Mersinlilerin b\u00fcy\u00fck oranda uydu\u011funu g\u00f6steriyor. \u0130statistiklere g\u00f6re, hem 60-65 ya\u015f aral\u0131\u011f\u0131 yolcu say\u0131s\u0131nda hem genel yolcu say\u0131s\u0131nda yar\u0131 yar\u0131ya azalma oldu. 9 Mart-12 Mart tarihleri aras\u0131nda Mersin\u2019deki belediye otob\u00fcsleri 476 bin 273 yolcu ta\u015f\u0131d\u0131. 16 Mart-19 Mart aras\u0131nda ise belediye otob\u00fcsleriyle yolculuk edenlerin say\u0131s\u0131 212 bin 245 ki\u015fiye d\u00fc\u015ft\u00fc.\u00a0<\/span><\/div>\n<div><span style=\"font-size: 12px;\">\u00a0 60-65 ya\u015f aras\u0131 yolcu say\u0131s\u0131 da \u201cEvde kal\u201d \u00e7a\u011fr\u0131lar\u0131n\u0131n etkisiyle g\u00fcnden g\u00fcne azald\u0131. 16 Mart\u2019ta g\u00fcn i\u00e7inde 60-65 ya\u015f grubundan 2 bin 815 yolcu belediye otob\u00fcslerini kullan\u0131rken, bu say\u0131 17 Mart\u2019ta bin 783 ki\u015fiye, 18 Mart\u2019ta bin 691 ki\u015fiye, 19 Mart\u2019ta ise bin 395 ki\u015fiye geriledi.<\/span><\/div>\n<p>\u0130HA<\/p>\n","protected":false},"excerpt":{"rendered":"<p>Mersin B\u00fcy\u00fck\u015fehir Belediye Ba\u015fkan\u0131 Vahap Se\u00e7er, korona vir\u00fcs salg\u0131n\u0131na kar\u015f\u0131 fedakarca \u00e7al\u0131\u015fan sa\u011fl\u0131k \u00e7al\u0131\u015fanlar\u0131 i\u00e7in belediye otob\u00fcslerini \u00fccretsiz yapt\u0131. 13 il\u00e7edeki sa\u011fl\u0131k \u00e7al\u0131\u015fanlar\u0131 belediye otob\u00fcslerini \u00fccretsiz olarak kullanacak.\u00a0 \u00a0 B\u00fcy\u00fck\u015fehir Belediyesi, bir yandan korona vir\u00fcs salg\u0131n\u0131na kar\u015f\u0131 al\u0131nan \u00f6nlemleri titizlikle s\u00fcrd\u00fcr\u00fcrken bir yandan da vir\u00fcs riskinin T\u00fcrkiye\u2019de de g\u00f6r\u00fclmeye ba\u015fland\u0131\u011f\u0131 g\u00fcnden bu yana fedakarca g\u00f6rev [&hellip;]<\/p>\n","protected":false},"author":2,"featured_media":0,"comment_status":"open","ping_status":"open","sticky":false,"template":"","format":"standard","meta":{"footnotes":""},"categories":[],"tags":[],"class_list":["post-6324","post","type-post","status-publish","format-standard","hentry"],"views":16,"_links":{"self":[{"href":"https:\/\/mersingazetesi.com\/index.php\/wp-json\/wp\/v2\/posts\/6324","targetHints":{"allow":["GET"]}}],"collection":[{"href":"https:\/\/mersingazetesi.com\/index.php\/wp-json\/wp\/v2\/posts"}],"about":[{"href":"https:\/\/mersingazetesi.com\/index.php\/wp-json\/wp\/v2\/types\/post"}],"author":[{"embeddable":true,"href":"https:\/\/mersingazetesi.com\/index.php\/wp-json\/wp\/v2\/users\/2"}],"replies":[{"embeddable":true,"href":"https:\/\/mersingazetesi.com\/index.php\/wp-json\/wp\/v2\/comments?post=6324"}],"version-history":[{"count":0,"href":"https:\/\/mersingazetesi.com\/index.php\/wp-json\/wp\/v2\/posts\/6324\/revisions"}],"wp:attachment":[{"href":"https:\/\/mersingazetesi.com\/index.php\/wp-json\/wp\/v2\/media?parent=6324"}],"wp:term":[{"taxonomy":"category","embeddable":true,"href":"https:\/\/mersingazetesi.com\/index.php\/wp-json\/wp\/v2\/categories?post=6324"},{"taxonomy":"post_tag","embeddable":true,"href":"https:\/\/mersingazetesi.com\/index.php\/wp-json\/wp\/v2\/tags?post=6324"}],"curies":[{"name":"wp","href":"https:\/\/api.w.org\/{rel}","templated":true}]}}