{"id":61055,"date":"2023-11-12T17:57:10","date_gmt":"2023-11-12T14:57:10","guid":{"rendered":"https:\/\/mersingazetesi.com\/?p=61055"},"modified":"2024-06-11T21:47:46","modified_gmt":"2024-06-11T18:47:46","slug":"penceremden-tesekkurler-mersin","status":"publish","type":"post","link":"https:\/\/mersingazetesi.com\/index.php\/2023\/11\/12\/penceremden-tesekkurler-mersin\/","title":{"rendered":"PENCEREMDEN: TE\u015eEKK\u00dcRLER MERS\u0130N..!"},"content":{"rendered":"<p><img loading=\"lazy\" decoding=\"async\" src=\"http:\/\/mersingazetesi.com\/wp-content\/uploads\/2023\/11\/image_67163393-scaled.jpg\" alt=\"\" width=\"1920\" height=\"2560\" class=\"alignnone size-full wp-image-61060\" srcset=\"https:\/\/mersingazetesi.com\/wp-content\/uploads\/2023\/11\/image_67163393-scaled.jpg 1920w, https:\/\/mersingazetesi.com\/wp-content\/uploads\/2023\/11\/image_67163393-225x300.jpg 225w, https:\/\/mersingazetesi.com\/wp-content\/uploads\/2023\/11\/image_67163393-768x1024.jpg 768w, https:\/\/mersingazetesi.com\/wp-content\/uploads\/2023\/11\/image_67163393-1152x1536.jpg 1152w, https:\/\/mersingazetesi.com\/wp-content\/uploads\/2023\/11\/image_67163393-1536x2048.jpg 1536w, https:\/\/mersingazetesi.com\/wp-content\/uploads\/2023\/11\/image_67163393-1024x1365.jpg 1024w\" sizes=\"auto, (max-width: 1920px) 100vw, 1920px\" \/><\/p>\n<p>\u00dclkemizde bu y\u0131l\u0131n \u015eubat ay\u0131nda art arda gelen ve Do\u011fu ve G\u00fcneydo\u011fu\u2019daki 11 ilimizi etkileyen ve 6 \u015eubat, 20 \u015eubat 2023 deprem felaketlerinden sonra ve Mart 2023 ba\u015f\u0131nda ilan edilen erken se\u00e7im nedeniyle T\u00fcrkiye Cumhuriyetimizin 100. Y\u0131l\u0131 g\u00fcndeme gelmedi veya getirilmedi.<\/p>\n<p>28 May\u0131s 2023 son tur se\u00e7imler sonras\u0131, Mersin\u2019de ADD, \u00c7YDD, E\u011e\u0130T\u0130M \u0130\u015e, YKKED ve 29 Ekim Kad\u0131nlar Derne\u011fi Mersin \u015eubeleri\u2019nin, ge\u00e7ti\u011fimiz  Temmuz ay\u0131 ba\u015f\u0131nda bas\u0131n yoluyla kamuoyuna yapt\u0131\u011f\u0131 \u00e7a\u011fr\u0131ya yan\u0131t veren 45\u2019e yak\u0131n Dernek, Meslek Odas\u0131, Kul\u00fcp vb. bir araya geldi.<\/p>\n<p>Mersin, Cumhuriyetin 100. Y\u0131l\u0131n\u0131 Kutlama Meclisi\u2019ni kurmu\u015f ve i\u00e7inden  Mersin Barosu, Mersin Kent Konseyi, Mersin SMMMO, MTSO ve \u0130\u00e7el Sanat Kl\u00fcb\u00fc (ISK) ile \u00e7a\u011fr\u0131 komitesinin be\u015f \u00fcyesinin de oldu\u011fu bir 100. Y\u0131l y\u00fcr\u00fctme kurulu olu\u015fturulmu\u015ftur. <\/p>\n<p>21 Eyl\u00fcl 2023 g\u00fcn\u00fc Adnan Menderes Bulvar\u0131 \u00fczerinde \u00d6zgecan Aslan Bar\u0131\u015f Meydan\u0131\u2019nda yap\u0131lan bas\u0131n a\u00e7\u0131klamas\u0131 ile t\u00fcm Mersinlilere meclise ve etkinliklere kat\u0131l\u0131m \u00e7a\u011fr\u0131s\u0131 sonucunda meclis toplant\u0131lar\u0131nda ele al\u0131nan etkinlikler ger\u00e7ekle\u015ftirildi..<\/p>\n<p>Meclis \u00fcyesi kurumlardan y\u00fcr\u00fctme kurulunda gelen \u00f6neriler \u00e7er\u00e7evesinde y\u00fcr\u00fctme kurulu taraf\u0131ndan benimsenen ortak etkinlikler; \u2018Cumhuriyetin 100. Y\u0131l\u0131 B\u00fcy\u00fck Cumhuriyet Y\u00fcr\u00fcy\u00fc\u015f\u00fc\u2019, 28 Ekim 2023 Cumartesi g\u00fcn\u00fc ve \u2018100. Cumhuriyet Konseri\u2019 (G\u00f6k\u00e7e Yorgun keman Jiao Li Piyano Resitali ) 31 Ekim 2023 Sal\u0131 g\u00fcn\u00fc b\u00fcy\u00fck bir kat\u0131l\u0131m ve co\u015fkuyla ger\u00e7ekle\u015ftirildi. <\/p>\n<p>Bunun yan\u0131s\u0131ra, 29 Ekim Haftas\u0131 \u00f6ncesi, sonras\u0131 ve sonras\u0131nda 100. Y\u0131l Meclis \u00dcyesi Kurumlar\u0131 kendi alanlar\u0131nda d\u00fczenledikleri bir \u00e7ok etkinlikle 100. Y\u0131l\u0131 \u00e7o\u015fkuyla kutlad\u0131lar.<br \/>\nBir k\u0131s\u0131m meclis \u00fcyeleri etkinliklerini  3 Ocak 2024 \u2018e kadar planlamaya devam ediyorlar.<\/p>\n<p>Mersin\u2019de Cumhuriyetin 100. Y\u0131l\u0131 etkinliklerini  d\u00fczenleyen, emek veren  kat\u0131lan t\u00fcm kurumlara  ve  etkinlikleri Nersin\u2019e duyuran \u00f6zverili yerl medyam\u0131za ve kat\u0131lan t\u00fcm Mersinlilere selam olsun\u2026<\/p>\n<p>Ya\u015fas\u0131n sonsuza kadar \u00fcniter, laik, demokratik Cumhuriyet\u2026<\/p>\n<p>Ve onu kuran Mustafa Kemal Atat\u00fcrk ve yol arkada\u015flar\u0131 ile t\u00fcm \u015fehit ve gazilerimiz\u2026<\/p>\n","protected":false},"excerpt":{"rendered":"<p>\u00dclkemizde bu y\u0131l\u0131n \u015eubat ay\u0131nda art arda gelen ve Do\u011fu ve G\u00fcneydo\u011fu\u2019daki 11 ilimizi etkileyen ve 6 \u015eubat, 20 \u015eubat 2023 deprem felaketlerinden sonra ve Mart 2023 ba\u015f\u0131nda ilan edilen erken se\u00e7im nedeniyle T\u00fcrkiye Cumhuriyetimizin 100. Y\u0131l\u0131 g\u00fcndeme gelmedi veya getirilmedi. 28 May\u0131s 2023 son tur se\u00e7imler sonras\u0131, Mersin\u2019de ADD, \u00c7YDD, E\u011e\u0130T\u0130M \u0130\u015e, YKKED ve [&hellip;]<\/p>\n","protected":false},"author":13,"featured_media":61057,"comment_status":"open","ping_status":"open","sticky":false,"template":"","format":"standard","meta":{"footnotes":""},"categories":[28],"tags":[],"class_list":["post-61055","post","type-post","status-publish","format-standard","has-post-thumbnail","hentry","category-serdar-erkan"],"views":135,"_links":{"self":[{"href":"https:\/\/mersingazetesi.com\/index.php\/wp-json\/wp\/v2\/posts\/61055","targetHints":{"allow":["GET"]}}],"collection":[{"href":"https:\/\/mersingazetesi.com\/index.php\/wp-json\/wp\/v2\/posts"}],"about":[{"href":"https:\/\/mersingazetesi.com\/index.php\/wp-json\/wp\/v2\/types\/post"}],"author":[{"embeddable":true,"href":"https:\/\/mersingazetesi.com\/index.php\/wp-json\/wp\/v2\/users\/13"}],"replies":[{"embeddable":true,"href":"https:\/\/mersingazetesi.com\/index.php\/wp-json\/wp\/v2\/comments?post=61055"}],"version-history":[{"count":0,"href":"https:\/\/mersingazetesi.com\/index.php\/wp-json\/wp\/v2\/posts\/61055\/revisions"}],"wp:featuredmedia":[{"embeddable":true,"href":"https:\/\/mersingazetesi.com\/index.php\/wp-json\/wp\/v2\/media\/61057"}],"wp:attachment":[{"href":"https:\/\/mersingazetesi.com\/index.php\/wp-json\/wp\/v2\/media?parent=61055"}],"wp:term":[{"taxonomy":"category","embeddable":true,"href":"https:\/\/mersingazetesi.com\/index.php\/wp-json\/wp\/v2\/categories?post=61055"},{"taxonomy":"post_tag","embeddable":true,"href":"https:\/\/mersingazetesi.com\/index.php\/wp-json\/wp\/v2\/tags?post=61055"}],"curies":[{"name":"wp","href":"https:\/\/api.w.org\/{rel}","templated":true}]}}