{"id":60085,"date":"2023-10-27T14:54:55","date_gmt":"2023-10-27T11:54:55","guid":{"rendered":"https:\/\/mersingazetesi.com\/?p=60085"},"modified":"2024-06-11T22:00:47","modified_gmt":"2024-06-11T19:00:47","slug":"add-kurucu-uyesi-prof-dr-mustafa-altintas-yerel-basin-ve-ismail-kucukkaya-4","status":"publish","type":"post","link":"https:\/\/mersingazetesi.com\/index.php\/2023\/10\/27\/add-kurucu-uyesi-prof-dr-mustafa-altintas-yerel-basin-ve-ismail-kucukkaya-4\/","title":{"rendered":"ADD KURUCU \u00dcYES\u0130 Prof. Dr. Mustafa ALTINTA\u015e: YEREL BASIN VE \u0130SMA\u0130L K\u00dc\u00c7\u00dcKKAYA -4"},"content":{"rendered":"<p>NASIL B\u0130R YEREL BASIN ?<\/p>\n<p>Konumuz yerel bas\u0131n oldu\u011fundan, yayg\u0131n medyan\u0131n ve internet sitelerini merce\u011fimizden uzak tutacakt\u0131r. Yerel bas\u0131n\u0131n, y\u00f6renin sorunlar\u0131 konusunda bilgilendirmede bulunmas\u0131, kamuoyu olu\u015fturma, yerel y\u00f6netim ile merkezi y\u00f6netim organlar\u0131n\u0131 uyarma, onlar\u0131 y\u00f6re halk\u0131 ad\u0131na denetlemesinin \u00f6n\u00fcnde, ba\u011f\u0131ms\u0131z ve \u00f6zg\u00fcr olmamas\u0131 ilk s\u0131ray\u0131 almaktad\u0131r.<br \/>\nBunun da nedeni ekonomik ba\u011f\u0131ml\u0131l\u0131\u011f\u0131 gelmektedir.<\/p>\n<p>Yayg\u0131n ve yerel gazetelerin iki gelir kayna\u011f\u0131 bulunmaktad\u0131r. Bunlar; gazete okurlar\u0131na yap\u0131lan sat\u0131\u015f gelirleri (bayi sat\u0131\u015flar\u0131 ve abonelikler) ile B\u0130K arac\u0131l\u0131\u011f\u0131 ile yay\u0131mlanan resmi ilan ve reklam geliridir.<br \/>\n\u0130kinci kaynak, B\u0130K taraf\u0131ndan da\u011f\u0131t\u0131m\u0131 yap\u0131lan resmi ilanlar ile, \u00f6zel ilan ve reklamlardan elde edilmektedir.<br \/>\nBunlara, \u00e7ok s\u0131n\u0131rl\u0131 olan \u00f6zel reklam ve ilanlar\u0131 ekledi\u011fimizde, toplam gelirler, durmaks\u0131z\u0131n artan maliyetlerin gerisinde kalmakta ve gelir-gider dengesizli\u011fi giderek katlan\u0131lamaz boyutlara varmaktad\u0131r.<br \/>\nBu darbo\u011faz\u0131n artmas\u0131 \u00e7o\u011fu yerel bas\u0131n organlar\u0131n\u0131n kapat\u0131lmas\u0131na neden olmaktad\u0131r.<\/p>\n<p>Yaz\u0131l\u0131 bas\u0131n ara\u00e7lar\u0131, gazete, dergi ve benzerleri giderek okuyucu yitirmektedir. \u00d6zel ilan ve reklamlar da, dijital ara\u00e7lar\u0131n devreye girmesi ile, giderek ortadan \u00e7ekilmektedir. Kala kala, tek kaynak olarak, Bas\u0131n \u0130lan Kurumu ve Valilikler taraf\u0131ndan verilen resmi ilan gelirleri kalmaktad\u0131r. Bu nedenle giderek daralan gelirlere kar\u015f\u0131n, artan giderler aras\u0131ndaki a\u00e7\u0131k, dayan\u0131lmaz boyutlara varm\u0131\u015f bulunmaktad\u0131r.<\/p>\n<p>Yan\u0131s\u0131ra, siyasal bask\u0131lar da yerel bas\u0131n\u0131 cendereye almaktad\u0131r. B\u0130K de, merkezi y\u00f6netim organlar\u0131n\u0131n yada iktidar yanda\u015f\u0131 trollerin \u201csay\u0131n(!) muhbir yurtta\u015f\u201d kimli\u011fi ile yapt\u0131klar\u0131 ba\u015fvurular\u0131, inceleme gere\u011fi duymadan yapt\u0131r\u0131ma konu k\u0131lmas\u0131 ve iki ay s\u00fcre ile resmi ilan ve reklamlardan yoksun k\u0131lmas\u0131, kan damarlar\u0131n\u0131n t\u0131kanmas\u0131na neden olmaktad\u0131r.<\/p>\n<p>Bir ba\u015fka ekonomik bask\u0131, \u201cmerkezi y\u00f6netim b\u00fct\u00e7esine tabi idareler, il \u00f6zel idareleri, belediyeler, k\u00f6yler, kamu iktisadi te\u015febb\u00fcsleri, kamu hukuku t\u00fczel ki\u015fili\u011fini haiz kurulu\u015flar ile sermayesinin yar\u0131s\u0131ndan fazlas\u0131 bu kurulu\u015flara ait veya bunlar\u0131n % 50\u2019den fazla sermaye pay\u0131 olan i\u015ftiraklerinin \u00f6zel il\u00e2nlar\u0131\u201dndan kaynaklanmaktad\u0131r. Yan\u0131s\u0131ra ekonomik g\u00fc\u00e7 ve siyasal g\u00fc\u00e7 dev\u015firen ve kamu kaynaklar\u0131 ile beslenen kimi yasa d\u0131\u015f\u0131 \u00f6rg\u00fctler, kendileri ile ilgili haberlere sans\u00fcr zorlamas\u0131nda bulunmaktad\u0131rlar. Son zamanlarda \u00f6rneklerini ya\u015famakta oldu\u011fumuz kimi yarg\u0131 organlar\u0131 da, bu bask\u0131ya katk\u0131da bulunmaktad\u0131r.<\/p>\n<p>\u015eimdi size, s\u0131radan bir yerel bas\u0131n organ\u0131n\u0131n ayl\u0131k katlanmakta olduklar\u0131 harcamalar\u0131n\u0131 g\u00f6stermek isterim:<br \/>\nBas\u0131mevinin Kurulu\u015f Giderleri : 2.000.000.- \/ 10 y\u0131lda amorti etti\u011fini d\u00fc\u015f\u00fcnelim, bunun ayl\u0131k pay\u0131 : 20.000.-<br \/>\nZorunlu 8 Bas\u0131n \u00c7al\u0131\u015fan\u0131 ile<br \/>\nidari 2 \u00e7al\u0131\u015fana yap\u0131lan \u00f6deme : 200.000.-<br \/>\nB\u00fcro Giderleri : 100.000<br \/>\nToplam Ayl\u0131k Giderler : 320.000.-<\/p>\n<p>Yani, bir yerel gazetenin her sabah kap\u0131s\u0131n\u0131n a\u00e7\u0131lmas\u0131, 10.000.- TLs\u0131n\u0131 gerektirmektedir. Ortalama resmi ve \u00f6zel ilan ve reklam gelirleri + sat\u0131\u015f gelirinin, ayda ortalama 150.000.-, g\u00fcnde 5.000.- TLs\u0131 oldu\u011funu varsayd\u0131\u011f\u0131m\u0131zda, g\u00fcnl\u00fck a\u00e7\u0131k 5.000.- TLs\u0131 olmaktad\u0131r.<\/p>\n<p>Bu ise, mesle\u011fin, bas\u0131n eti\u011fine ve ilkelerine uygun yap\u0131lmas\u0131n\u0131 ortadan kald\u0131rmaktad\u0131r.<br \/>\nMerkezi y\u00f6netim birimleri ve yerel y\u00f6netim birimleri, yanl\u0131\u015f ve eksiklilerinde yol g\u00f6sterecek \u00f6zg\u00fcr bas\u0131n\u0131 ayakta tutmak yerine, onlar\u0131n kalemlerini ya sat\u0131n almaya yada k\u0131rmaya y\u00f6nelerek, ay\u0131rd\u0131nda olmayarak bindikleri dal\u0131 kesme ak\u0131l d\u0131\u015f\u0131l\u0131\u011f\u0131na y\u00f6neliyorlar.<\/p>\n<p>\u0130smail K\u00fc\u00e7\u00fckkaya, \u00e7\u00f6z\u00fcm\u00fc halk\u0131n ve kurulu\u015flar\u0131n yerel gazeteye al\u0131c\u0131 olmas\u0131n\u0131 \u00f6neriyor.<br \/>\nBundan umut g\u00f6rm\u00fcyorum. \u00d6ncelikle B\u0130K, resmi ilan ve reklamlardan kimi yerel gazeteleri iki aya varan s\u00fcrede yoksun k\u0131lma yetkisini giyotin gibi, siyasi nedenlerle kullanmamal\u0131, bunun yarg\u0131 karar\u0131na dayand\u0131r\u0131lmas\u0131 ger\u00e7ekle\u015ftirilmelidir.<\/p>\n<p>Cumhurba\u015fkan\u0131n\u0131n, B\u0130K \u00fcyelerini belirleme yetkisi yasadan \u00e7\u0131kart\u0131lmal\u0131, alan\u0131n karar organ\u0131n\u0131n olu\u015fumunda, demokratik s\u00fcre\u00e7lerden se\u00e7ilen meslek mensuplar\u0131 a\u011f\u0131rl\u0131kl\u0131 olmal\u0131d\u0131r.<br \/>\nStat\u00fc, Anayasan\u0131n 135inci Maddesinde yer alan \u201cKamu Kurumu Niteli\u011findeki Meslek Kurulu\u015flar\u0131\u201d benzeri olmal\u0131d\u0131r.<\/p>\n<p>B\u0130K\u2019nin, arac\u0131l\u0131\u011f\u0131 ile da\u011f\u0131t\u0131lan ilan ve reklamlardan ald\u0131\u011f\u0131 y\u00fczde 15 Komisyon ile ilan ve reklamlardan al\u0131nan y\u00fczde 20 oran\u0131ndaki KDV s\u0131f\u0131rlanmal\u0131d\u0131r.<br \/>\nB\u0130K Genel Kurul \u00fcyeli\u011fi, y\u00fcksek \u00fccretlere konu bir yemlenme kanal\u0131 olmamal\u0131, bu hizmet imeceye d\u00f6n\u00fc\u015ft\u00fcr\u00fclmelidir.<\/p>\n<p>Bas\u0131n kurulu\u015flar\u0131nda zorunlu \u00e7al\u0131\u015ft\u0131r\u0131lanlar\u0131n vergi y\u00fck\u00fc kald\u0131r\u0131lmal\u0131 yada tek oranl\u0131 k\u0131l\u0131nmal\u0131d\u0131r.<\/p>\n<p>B\u0130K Yasas\u0131nda yer alan, yard\u0131mlara i\u015flerlik kazand\u0131r\u0131lmal\u0131d\u0131r.<\/p>\n<p>Bunlar, giderleri azalt\u0131c\u0131 \u00f6nermeler.<br \/>\nGelirleri art\u0131r\u0131c\u0131 \u00f6nermem ise, siyasal partilere yap\u0131lan y\u0131ll\u0131k yard\u0131mlar\u0131n, yerel bas\u0131na da sa\u011flanmas\u0131d\u0131r. Siyasal partilere yap\u0131lan devlet yard\u0131m\u0131n\u0131n gerek\u00e7esi, onlar\u0131n demokrasinin vazge\u00e7ilmez unsuru olmalar\u0131d\u0131r.<br \/>\nVe, genel se\u00e7imde ald\u0131klar\u0131 oya dayand\u0131r\u0131lmaktad\u0131r. \u00d6zg\u00fcr bas\u0131n, geni\u015f anlam\u0131 ile \u00f6zg\u00fcr medya da, halk\u0131n egemenli\u011finin kullan\u0131lmas\u0131nda yads\u0131namaz i\u015fleve sahip olup, d\u00f6rd\u00fcnc\u00fc erk olarak nitelenmektedir.<\/p>\n<p>Merkezi ve yerel y\u00f6netim b\u00fct\u00e7elerinden belirlenmi\u015f bir oran, belirlenecek \u00f6l\u00e7\u00fctlere g\u00f6re da\u011f\u0131t\u0131lmal\u0131d\u0131r.<br \/>\nB\u00f6yle bir i\u015fleyi\u015f sa\u011flan\u0131rsa, merkezi ve yerel y\u00f6netim hizmetlerinin nitelikleri artarken, maliyetlerinde savurganl\u0131k \u00f6nlenecektir, diye ummaktay\u0131m.<br \/>\nToplum kendisi taraf\u0131ndan \u00f6denen vergi, har\u00e7, ceza ve benzerlerinden \u00f6denen merkezi ve yerel y\u00f6netim b\u00fct\u00e7esinden ayr\u0131lacak bu \u00f6denek konusunda istemci olursa, \u00e7ok \u00f6zlemini \u00e7ekti\u011fimiz demokratik hukuk devletine eri\u015febilme olana\u011f\u0131na sahip olacakt\u0131r.<br \/>\nYani bas\u0131n \u00f6zg\u00fcrl\u00fc\u011f\u00fcn\u00fcn g\u00fc\u00e7lendirilmesi, medya sahipleri, bas\u0131n emek\u00e7ileri i\u00e7in olmay\u0131p, demokratik hukuk devletinin g\u00fc\u00e7lendirilmesi i\u00e7in gerekmektedir.<\/p>\n<p>Besleme bas\u0131na merkezi ve yerel y\u00f6netim b\u00fct\u00e7elerinden \u201csusma yada bireysel \u00f6vg\u00fc\u201d kar\u015f\u0131l\u0131\u011f\u0131 olarak yap\u0131lan musluklar kesilmelidir. Bu y\u00f6ntem, halk\u0131n vergileri ile, halk\u0131n bilgilenme, halk ad\u0131na denetimini t\u0131kamaktad\u0131r ve \u00f6zg\u00fcr bas\u0131n\u0131n a\u011fz\u0131n\u0131n kapat\u0131lmas\u0131d\u0131r.<br \/>\n\u00d6nermelerim, bu alanda yeniden d\u00fc\u015f\u00fcnmeye yol a\u00e7arsa bundan mutluluk duyaca\u011f\u0131m.<\/p>\n","protected":false},"excerpt":{"rendered":"<p>NASIL B\u0130R YEREL BASIN ? Konumuz yerel bas\u0131n oldu\u011fundan, yayg\u0131n medyan\u0131n ve internet sitelerini merce\u011fimizden uzak tutacakt\u0131r. Yerel bas\u0131n\u0131n, y\u00f6renin sorunlar\u0131 konusunda bilgilendirmede bulunmas\u0131, kamuoyu olu\u015fturma, yerel y\u00f6netim ile merkezi y\u00f6netim organlar\u0131n\u0131 uyarma, onlar\u0131 y\u00f6re halk\u0131 ad\u0131na denetlemesinin \u00f6n\u00fcnde, ba\u011f\u0131ms\u0131z ve \u00f6zg\u00fcr olmamas\u0131 ilk s\u0131ray\u0131 almaktad\u0131r. Bunun da nedeni ekonomik ba\u011f\u0131ml\u0131l\u0131\u011f\u0131 gelmektedir. Yayg\u0131n ve yerel [&hellip;]<\/p>\n","protected":false},"author":16,"featured_media":60042,"comment_status":"open","ping_status":"open","sticky":false,"template":"","format":"standard","meta":{"footnotes":""},"categories":[38],"tags":[],"class_list":["post-60085","post","type-post","status-publish","format-standard","has-post-thumbnail","hentry","category-add-kurucu-uyesi-prof-dr-mustafa-altintas"],"views":347,"_links":{"self":[{"href":"https:\/\/mersingazetesi.com\/index.php\/wp-json\/wp\/v2\/posts\/60085","targetHints":{"allow":["GET"]}}],"collection":[{"href":"https:\/\/mersingazetesi.com\/index.php\/wp-json\/wp\/v2\/posts"}],"about":[{"href":"https:\/\/mersingazetesi.com\/index.php\/wp-json\/wp\/v2\/types\/post"}],"author":[{"embeddable":true,"href":"https:\/\/mersingazetesi.com\/index.php\/wp-json\/wp\/v2\/users\/16"}],"replies":[{"embeddable":true,"href":"https:\/\/mersingazetesi.com\/index.php\/wp-json\/wp\/v2\/comments?post=60085"}],"version-history":[{"count":0,"href":"https:\/\/mersingazetesi.com\/index.php\/wp-json\/wp\/v2\/posts\/60085\/revisions"}],"wp:featuredmedia":[{"embeddable":true,"href":"https:\/\/mersingazetesi.com\/index.php\/wp-json\/wp\/v2\/media\/60042"}],"wp:attachment":[{"href":"https:\/\/mersingazetesi.com\/index.php\/wp-json\/wp\/v2\/media?parent=60085"}],"wp:term":[{"taxonomy":"category","embeddable":true,"href":"https:\/\/mersingazetesi.com\/index.php\/wp-json\/wp\/v2\/categories?post=60085"},{"taxonomy":"post_tag","embeddable":true,"href":"https:\/\/mersingazetesi.com\/index.php\/wp-json\/wp\/v2\/tags?post=60085"}],"curies":[{"name":"wp","href":"https:\/\/api.w.org\/{rel}","templated":true}]}}