{"id":59253,"date":"2023-10-12T16:22:41","date_gmt":"2023-10-12T13:22:41","guid":{"rendered":"https:\/\/mersingazetesi.com\/?p=59253"},"modified":"2024-06-11T22:00:47","modified_gmt":"2024-06-11T19:00:47","slug":"add-kurucu-uyesi-prof-dr-mustafa-altintas-yerel-basin-ve-ismail-kucukkaya","status":"publish","type":"post","link":"https:\/\/mersingazetesi.com\/index.php\/2023\/10\/12\/add-kurucu-uyesi-prof-dr-mustafa-altintas-yerel-basin-ve-ismail-kucukkaya\/","title":{"rendered":"ADD KURUCU \u00dcYES\u0130 Prof. Dr. Mustafa ALTINTA\u015e: YEREL BASIN VE \u0130SMA\u0130L K\u00dc\u00c7\u00dcKKAYA"},"content":{"rendered":"<p>A) Neden Bu Yaz\u0131?<\/p>\n<p>\u0130smail K\u00fc\u00e7\u00fckkaya, gen\u00e7 ve yetenekli bir TV Programc\u0131s\u0131.<br \/>\nHaftada be\u015f g\u00fcn evlerimize \u201cYeni Bir Sabah Program\u0131\u201d, iki haftad\u0131r da Sal\u0131 ak\u015famlar\u0131 K\u00fcr\u015fat O\u011fuz ile birlikte \u201cAsl\u0131nda Program\u0131\u201d ile evlerimize konuk olmakta.<br \/>\nK\u00fc\u00e7\u00fckkaya, sabah programlar\u0131nda \u201cYayg\u0131n \u201c ve \u201cYerel\u201d Gazetelerde \u00f6ne \u00e7\u0131kan haber ve de\u011ferlendirmeleri aktararak bilgilenmemizi sa\u011flamakta. Bunu yaparken, yerel gazetelerin \u00f6nemini ve onlar\u0131n ya\u015fam sava\u015f\u0131m\u0131nda \u00e7ok zorland\u0131klar\u0131n\u0131 hayk\u0131rmaktad\u0131r. Ve yerel, merkezi y\u00f6netim birimleri ile, do\u011frudan yurtta\u015flara da seslenerek, yerel gazete sat\u0131n al\u0131nmas\u0131 \u00e7a\u011fr\u0131s\u0131nda bulunmu\u015ftur.<br \/>\nK\u00fc\u00e7\u00fckkaya\u2019y\u0131, \u00f6zellikle yerel gazetelere verdi\u011fi destek i\u00e7in kutlamak gerek. Etkinli\u011fi tart\u0131\u015fmas\u0131z olan K\u00fc\u00e7\u00fckkaya\u2019n\u0131n bu kampanyas\u0131, beni yerel gazetelerin sorunlar\u0131n\u0131 irdelemeye zorlad\u0131.<\/p>\n<p>B) Bu Yaz\u0131n\u0131n Hedef Kitlesi<\/p>\n<p>\u0130lk yapt\u0131\u011f\u0131m i\u015f, yerel gazetelerinin yayg\u0131nl\u0131\u011f\u0131 konusunda bilgilenmek oldu. 10 Ekim 2023 g\u00fcnl\u00fc Bas\u0131n \u0130lan Kurumu\u2019un sayfas\u0131na girdim.<br \/>\n81 ilimizde; 21\u2019i \u201cYayg\u0131n\u201d ve 574\u2019\u00fc \u201cYerel\u201d olmak \u00fczere toplamda 595 g\u00fcnl\u00fck gazete yay\u0131mlanmakta. Her ilimizde say\u0131s\u0131 1 ile 31\u2019e kadar de\u011fi\u015fim g\u00f6stermektedir.<br \/>\nBu say\u0131lar yaln\u0131zca merkez il\u00e7edeki de\u011fil, il i\u00e7indeki il\u00e7eleri de kapsamaktad\u0131r.<br \/>\nTek yerel gazetenin yay\u0131mland\u0131\u011f\u0131 illerimiz; Bayburt, Kars ve Mu\u015f\u2019tur. En \u00e7ok yerel gazetenin yay\u0131mland\u0131\u011f\u0131 \u00fc\u00e7 ilimiz ise, 31 ile Bal\u0131kesir, 27 ile Antalya, 24 ile Konya\u2019d\u0131r. Gazetemizin yay\u0131mland\u0131\u011f\u0131 Mersin\u2019de bu say\u0131 15 (bunun 7\u2019si il\u00e7elerde yay\u0131mlanmaktad\u0131r), Adana\u2019da ise 14.<\/p>\n<p>C) Alan\u0131 D\u00fczenleyen Yasal Kurallar<\/p>\n<p>\u0130kincisi yapt\u0131\u011f\u0131m i\u015f, alan\u0131 d\u00fczenleyen yasalara bakmak oldu. Bunlar\u0131n ba\u015f\u0131nda ise, Anayasan\u0131n ilgili maddeleri gelmektedir. Burada da bir se\u00e7ki yapt\u0131m. 28inci maddede tan\u0131mlanan \u201cBas\u0131n ve Yay\u0131mla \u0130lgili H\u00fck\u00fcmler\u201d ile ilgili ve \u201cbas\u0131n \u00f6zg\u00fcrl\u00fc\u011f\u00fcn\u00fcn\u201d g\u00fcvencesi olan kimi maddeleri de burada s\u0131ralama zorunlulu\u011funu duydum. Bunlar\u0131, aynen aktar\u0131yorum:<\/p>\n<p>II. Cumhuriyetin nitelikleri<br \/>\nMadde 2 \u2013 T\u00fcrkiye Cumhuriyeti, toplumun huzuru, milli dayan\u0131\u015fma ve adalet anlay\u0131\u015f\u0131 i\u00e7inde, insan haklar\u0131na sayg\u0131l\u0131, Atat\u00fcrk milliyet\u00e7ili\u011fine ba\u011fl\u0131, ba\u015flang\u0131\u00e7ta belirtilen temel ilkelere dayanan, demokratik, laik ve sosyal bir hukuk Devletidir.<\/p>\n<p>V. Devletin temel ama\u00e7 ve g\u00f6revleri<br \/>\nMadde 5 \u2013 Devletin temel ama\u00e7 ve g\u00f6revleri, T\u00fcrk milletinin ba\u011f\u0131ms\u0131zl\u0131\u011f\u0131n\u0131 ve b\u00fct\u00fcnl\u00fc\u011f\u00fcn\u00fc, \u00fclkenin b\u00f6l\u00fcnmezli\u011fini, Cumhuriyeti ve demokrasiyi korumak, ki\u015filerin ve toplumun refah, huzur ve mutlulu\u011funu sa\u011flamak; ki\u015finin temel hak ve h\u00fcrriyetlerini, sosyal hukuk devleti ve adalet ilkeleriyle ba\u011fda\u015fmayacak surette s\u0131n\u0131rlayan siyasal, ekonomik ve sosyal engelleri kald\u0131rmaya, insan\u0131n maddi ve manevi varl\u0131\u011f\u0131n\u0131n geli\u015fmesi i\u00e7in gerekli \u015fartlar\u0131 haz\u0131rlamaya \u00e7al\u0131\u015fmakt\u0131r.<\/p>\n<p>C. Haberle\u015fme h\u00fcrriyeti<br \/>\nMadde 22 \u2013 (De\u011fi\u015fik: 3\/10\/2001-4709\/7 md.) Herkes, haberle\u015fme h\u00fcrriyetine sahiptir. Haberle\u015fmenin gizlili\u011fiesast\u0131r. Mill\u00ee g\u00fcvenlik, kamu d\u00fczeni, su\u00e7 i\u015flenmesinin \u00f6nlenmesi, genel sa\u011fl\u0131k ve genel ahl\u00e2k\u0131n korunmas\u0131 veya ba\u015fkalar\u0131n\u0131n hak ve \u00f6zg\u00fcrl\u00fcklerinin korunmas\u0131 sebeplerinden biri veya birka\u00e7\u0131na ba\u011fl\u0131 olarak usul\u00fcne g\u00f6re verilmi\u015f h\u00e2kim karar\u0131 olmad\u0131k\u00e7a; yine bu sebeplere ba\u011fl\u0131 olarak gecikmesinde sak\u0131nca bulunan hallerde de kanunla yetkili k\u0131l\u0131nm\u0131\u015f merciin yaz\u0131l\u0131 emri bulunmad\u0131k\u00e7a; haberle\u015fme engellenemez ve gizlili\u011fine dokunulamaz. Yetkili merciin karar\u0131 yirmid\u00f6rt saat i\u00e7inde g\u00f6revli h\u00e2kimin onay\u0131na sunulur. H\u00e2kim, karar\u0131n\u0131 k\u0131rksekiz saat i\u00e7inde a\u00e7\u0131klar; aksi halde, karar kendili\u011finden kalkar.<\/p>\n<p>VIII. D\u00fc\u015f\u00fcnceyi a\u00e7\u0131klama ve yayma h\u00fcrriyeti<br \/>\nMadde 26 \u2013 Herkes, d\u00fc\u015f\u00fcnce ve kanaatlerini s\u00f6z, yaz\u0131, resim veya ba\u015fka yollarla tek ba\u015f\u0131na veya toplu olarak a\u00e7\u0131klama ve yayma hakk\u0131na sahiptir. Bu h\u00fcrriyet Resm\u00ee makamlar\u0131n m\u00fcdahalesi olmaks\u0131z\u0131n haber veya fikir almak ya da vermek serbestli\u011fini de kapsar. Bu f\u0131kra h\u00fckm\u00fc, radyo, televizyon, sinema veya benzeri yollarla yap\u0131lan yay\u0131mlar\u0131n izin sistemine ba\u011flanmas\u0131na engel de\u011fildir. Bu h\u00fcrriyetlerin kullan\u0131lmas\u0131, mill\u00ee g\u00fcvenlik, kamu d\u00fczeni, kamu g\u00fcvenli\u011fi, Cumhuriyetin temel nitelikleri ve Devletin \u00fclkesi ve milleti ile b\u00f6l\u00fcnmez b\u00fct\u00fcnl\u00fc\u011f\u00fcn\u00fcn korunmas\u0131, su\u00e7lar\u0131n \u00f6nlenmesi, su\u00e7lular\u0131n cezaland\u0131r\u0131lmas\u0131, Devlet s\u0131rr\u0131 olarak usul\u00fcnce belirtilmi\u015f bilgilerin a\u00e7\u0131klanmamas\u0131, ba\u015fkalar\u0131n\u0131n \u015f\u00f6hret veya haklar\u0131n\u0131n, \u00f6zel ve aile hayatlar\u0131n\u0131n yahut kanunun \u00f6ng\u00f6rd\u00fc\u011f\u00fc meslek s\u0131rlar\u0131n\u0131n korunmas\u0131 veya yarg\u0131lama g\u00f6revinin gere\u011fine uygun olarak yerine getirilmesi ama\u00e7lar\u0131yla s\u0131n\u0131rlanabilir.<\/p>\n<p>(M\u00fclga f\u0131kra: 3\/10\/2001-4709\/9 md.) Haber ve d\u00fc\u015f\u00fcnceleri yayma ara\u00e7lar\u0131n\u0131n kullan\u0131lmas\u0131na ili\u015fkin d\u00fczenleyici h\u00fck\u00fcmler, bunlar\u0131n yay\u0131m\u0131n\u0131 engellememek kayd\u0131yla, d\u00fc\u015f\u00fcnceyi a\u00e7\u0131klama ve yayma h\u00fcrriyetinin s\u0131n\u0131rlanmas\u0131 say\u0131lmaz. (Ek f\u0131kra: 3\/10\/2001-4709\/9 md.) D\u00fc\u015f\u00fcnceyi a\u00e7\u0131klama ve yayma h\u00fcrriyetinin kullan\u0131lmas\u0131nda uygulanacak \u015fekil, \u015fart ve usuller kanunla d\u00fczenlenir.<br \/>\n(Devam Edecek)<\/p>\n","protected":false},"excerpt":{"rendered":"<p>A) Neden Bu Yaz\u0131? \u0130smail K\u00fc\u00e7\u00fckkaya, gen\u00e7 ve yetenekli bir TV Programc\u0131s\u0131. Haftada be\u015f g\u00fcn evlerimize \u201cYeni Bir Sabah Program\u0131\u201d, iki haftad\u0131r da Sal\u0131 ak\u015famlar\u0131 K\u00fcr\u015fat O\u011fuz ile birlikte \u201cAsl\u0131nda Program\u0131\u201d ile evlerimize konuk olmakta. K\u00fc\u00e7\u00fckkaya, sabah programlar\u0131nda \u201cYayg\u0131n \u201c ve \u201cYerel\u201d Gazetelerde \u00f6ne \u00e7\u0131kan haber ve de\u011ferlendirmeleri aktararak bilgilenmemizi sa\u011flamakta. Bunu yaparken, yerel gazetelerin [&hellip;]<\/p>\n","protected":false},"author":16,"featured_media":59028,"comment_status":"open","ping_status":"open","sticky":false,"template":"","format":"standard","meta":{"footnotes":""},"categories":[38],"tags":[],"class_list":["post-59253","post","type-post","status-publish","format-standard","has-post-thumbnail","hentry","category-add-kurucu-uyesi-prof-dr-mustafa-altintas"],"views":213,"_links":{"self":[{"href":"https:\/\/mersingazetesi.com\/index.php\/wp-json\/wp\/v2\/posts\/59253","targetHints":{"allow":["GET"]}}],"collection":[{"href":"https:\/\/mersingazetesi.com\/index.php\/wp-json\/wp\/v2\/posts"}],"about":[{"href":"https:\/\/mersingazetesi.com\/index.php\/wp-json\/wp\/v2\/types\/post"}],"author":[{"embeddable":true,"href":"https:\/\/mersingazetesi.com\/index.php\/wp-json\/wp\/v2\/users\/16"}],"replies":[{"embeddable":true,"href":"https:\/\/mersingazetesi.com\/index.php\/wp-json\/wp\/v2\/comments?post=59253"}],"version-history":[{"count":0,"href":"https:\/\/mersingazetesi.com\/index.php\/wp-json\/wp\/v2\/posts\/59253\/revisions"}],"wp:featuredmedia":[{"embeddable":true,"href":"https:\/\/mersingazetesi.com\/index.php\/wp-json\/wp\/v2\/media\/59028"}],"wp:attachment":[{"href":"https:\/\/mersingazetesi.com\/index.php\/wp-json\/wp\/v2\/media?parent=59253"}],"wp:term":[{"taxonomy":"category","embeddable":true,"href":"https:\/\/mersingazetesi.com\/index.php\/wp-json\/wp\/v2\/categories?post=59253"},{"taxonomy":"post_tag","embeddable":true,"href":"https:\/\/mersingazetesi.com\/index.php\/wp-json\/wp\/v2\/tags?post=59253"}],"curies":[{"name":"wp","href":"https:\/\/api.w.org\/{rel}","templated":true}]}}