{"id":5847,"date":"2021-11-23T11:54:41","date_gmt":"2021-11-23T08:54:41","guid":{"rendered":"http:\/\/mersin.mesiad.org\/index.php\/2021\/11\/23\/kiraladiklari-arabayi-calindi-diye-ihbar-etmisler\/"},"modified":"2021-11-23T11:54:41","modified_gmt":"2021-11-23T08:54:41","slug":"kiraladiklari-arabayi-calindi-diye-ihbar-etmisler","status":"publish","type":"post","link":"https:\/\/mersingazetesi.com\/index.php\/2021\/11\/23\/kiraladiklari-arabayi-calindi-diye-ihbar-etmisler\/","title":{"rendered":"Kiralad\u0131klar\u0131 arabay\u0131, \u00e7al\u0131nd\u0131 diye ihbar etmi\u015fler"},"content":{"rendered":"<p>Mersin\u2019e ba\u015fka ilden gelen ve geldikleri araban\u0131n plakas\u0131yla \u00e7ald\u0131klar\u0131 ara\u00e7lar\u0131 il d\u0131\u015f\u0131na \u00e7\u0131kard\u0131klar\u0131 iddia edilen \u015fah\u0131slardan biri tutukland\u0131. Yakalanan \u015fahs\u0131n yalan ihbarda bulunarak, kiralad\u0131\u011f\u0131 arac\u0131n \u00e7al\u0131nd\u0131\u011f\u0131n\u0131 da ihbar etti\u011fi ancak bu arac\u0131 ba\u015fkas\u0131na satarak, par\u00e7alatt\u0131\u011f\u0131 belirlendi.\u00a0<br \/>\nEdinilen bilgiye g\u00f6re, \u0130l Emniyet M\u00fcd\u00fcrl\u00fc\u011f\u00fc Asayi\u015f \u015eube M\u00fcd\u00fcrl\u00fc\u011f\u00fcne ba\u011fl\u0131 H\u0131rs\u0131zl\u0131k B\u00fcro Amirli\u011fine gelen m\u00fc\u015fteki U.\u00c7. ve B.F.B., arabalar\u0131n\u0131n \u00e7al\u0131nd\u0131\u011f\u0131n\u0131 ihbar ederek, \u00e7alan \u015fah\u0131slardan \u015fikayet\u00e7i oldu. Bunun \u00fczerine \u00e7al\u0131\u015fma ba\u015flatan ekipler, ara\u00e7lar\u0131 ba\u015fka ilden \u00e7al\u0131nan ara\u00e7lar\u0131n ayn\u0131s\u0131yla gelen 3 ki\u015finin \u00e7ald\u0131\u011f\u0131n\u0131 belirledi. Plaka tan\u0131ma sistemi \u00fczerinden de inceleme yapan ekipler, \u00e7al\u0131nan ara\u00e7lar\u0131n sahte plakayla \u015fehir d\u0131\u015f\u0131na \u00e7\u0131kar\u0131ld\u0131\u011f\u0131n\u0131, g\u00f6t\u00fcren ki\u015filerin A.B., Y.T. ve K.U. isimli \u015fah\u0131slar oldu\u011funu tespit etti. \u015eah\u0131slar\u0131 yakalamak i\u00e7in belirlenen adreslere e\u015f zamanl\u0131 operasyon yapan ekipler, A.B.\u2019yi g\u00f6zalt\u0131na al\u0131rken, di\u011fer 2 ki\u015fiyi ise adreslerinde bulamad\u0131. \u015eah\u0131slar\u0131n arabalar\u0131 yanlar\u0131nda getirdikleri \u2018ara\u00e7 beyin\u2019 ile \u00e7ald\u0131klar\u0131 ve baz\u0131 olaylarda ikiz plaka kulland\u0131klar\u0131 ortaya \u00e7\u0131kt\u0131.\u00a0<\/p>\n<p>\nA.B.\u2019nin yap\u0131lan sorgusunda Mersin\u2019de kiralad\u0131\u011f\u0131 bir arac\u0131 Tarsus il\u00e7esinde meydana gelen evden h\u0131rs\u0131zl\u0131k olay\u0131nda \u00e7al\u0131nd\u0131\u011f\u0131n\u0131 beyan ederek, m\u00fcracaatta bulundu\u011fu, ancak yap\u0131lan \u00e7al\u0131\u015fmalarda bu arac\u0131n \u00e7al\u0131nmad\u0131\u011f\u0131, kendisiyle hareket eden Y.T. ve K.U. isimli \u015fah\u0131slar\u0131n y\u00f6nlendirmesiyle \u00e7al\u0131nt\u0131 m\u00fcracaat\u0131 yapt\u0131\u011f\u0131 arac\u0131 Adana\u2019da satt\u0131klar\u0131 ve par\u00e7alatt\u0131\u011f\u0131 ortaya \u00e7\u0131kt\u0131.\u00a0<br \/>\nEmniyetteki ifadesinin ard\u0131ndan adliyeye sevk edilen A.B., \u00e7\u0131kar\u0131ld\u0131\u011f\u0131 mahkemece tutukland\u0131. \u00a0<\/p>\n<p>\u0130HA<\/p>\n","protected":false},"excerpt":{"rendered":"<p>Mersin\u2019e ba\u015fka ilden gelen ve geldikleri araban\u0131n plakas\u0131yla \u00e7ald\u0131klar\u0131 ara\u00e7lar\u0131 il d\u0131\u015f\u0131na \u00e7\u0131kard\u0131klar\u0131 iddia edilen \u015fah\u0131slardan biri tutukland\u0131. Yakalanan \u015fahs\u0131n yalan ihbarda bulunarak, kiralad\u0131\u011f\u0131 arac\u0131n \u00e7al\u0131nd\u0131\u011f\u0131n\u0131 da ihbar etti\u011fi ancak bu arac\u0131 ba\u015fkas\u0131na satarak, par\u00e7alatt\u0131\u011f\u0131 belirlendi.\u00a0 Edinilen bilgiye g\u00f6re, \u0130l Emniyet M\u00fcd\u00fcrl\u00fc\u011f\u00fc Asayi\u015f \u015eube M\u00fcd\u00fcrl\u00fc\u011f\u00fcne ba\u011fl\u0131 H\u0131rs\u0131zl\u0131k B\u00fcro Amirli\u011fine gelen m\u00fc\u015fteki U.\u00c7. ve B.F.B., arabalar\u0131n\u0131n [&hellip;]<\/p>\n","protected":false},"author":2,"featured_media":0,"comment_status":"open","ping_status":"open","sticky":false,"template":"","format":"standard","meta":{"footnotes":""},"categories":[],"tags":[],"class_list":["post-5847","post","type-post","status-publish","format-standard","hentry"],"views":15,"_links":{"self":[{"href":"https:\/\/mersingazetesi.com\/index.php\/wp-json\/wp\/v2\/posts\/5847","targetHints":{"allow":["GET"]}}],"collection":[{"href":"https:\/\/mersingazetesi.com\/index.php\/wp-json\/wp\/v2\/posts"}],"about":[{"href":"https:\/\/mersingazetesi.com\/index.php\/wp-json\/wp\/v2\/types\/post"}],"author":[{"embeddable":true,"href":"https:\/\/mersingazetesi.com\/index.php\/wp-json\/wp\/v2\/users\/2"}],"replies":[{"embeddable":true,"href":"https:\/\/mersingazetesi.com\/index.php\/wp-json\/wp\/v2\/comments?post=5847"}],"version-history":[{"count":0,"href":"https:\/\/mersingazetesi.com\/index.php\/wp-json\/wp\/v2\/posts\/5847\/revisions"}],"wp:attachment":[{"href":"https:\/\/mersingazetesi.com\/index.php\/wp-json\/wp\/v2\/media?parent=5847"}],"wp:term":[{"taxonomy":"category","embeddable":true,"href":"https:\/\/mersingazetesi.com\/index.php\/wp-json\/wp\/v2\/categories?post=5847"},{"taxonomy":"post_tag","embeddable":true,"href":"https:\/\/mersingazetesi.com\/index.php\/wp-json\/wp\/v2\/tags?post=5847"}],"curies":[{"name":"wp","href":"https:\/\/api.w.org\/{rel}","templated":true}]}}