{"id":5732,"date":"2021-11-23T11:54:34","date_gmt":"2021-11-23T08:54:34","guid":{"rendered":"http:\/\/mersin.mesiad.org\/index.php\/2021\/11\/23\/mersin-buyuksehir-belediyesi-4-bin-200-ogrenciye-ucretsiz-kurs-hizmeti-veriyor\/"},"modified":"2021-11-23T11:54:34","modified_gmt":"2021-11-23T08:54:34","slug":"mersin-buyuksehir-belediyesi-4-bin-200-ogrenciye-ucretsiz-kurs-hizmeti-veriyor","status":"publish","type":"post","link":"https:\/\/mersingazetesi.com\/index.php\/2021\/11\/23\/mersin-buyuksehir-belediyesi-4-bin-200-ogrenciye-ucretsiz-kurs-hizmeti-veriyor\/","title":{"rendered":"Mersin B\u00fcy\u00fck\u015fehir Belediyesi, 4 bin 200 \u00f6\u011frenciye \u00fccretsiz kurs hizmeti veriyor"},"content":{"rendered":"<p><span style=\"font-family: sans-serif; font-size: 14px; text-align: justify; background-color: rgb(242, 244, 245);\">Mersin B\u00fcy\u00fck\u015fehir Belediyesi&#8217;nin, 2019-2020 e\u011fitim-\u00f6\u011fretim d\u00f6neminde, merkezde ve 7 il\u00e7edeki E\u011fitim ve \u00d6\u011fretimi Destekleme Kurs Merkezleri&#8217;nde 4 bin 200 gence \u00fccretsiz kurs hizmeti sundu\u011fu bildirildi.<\/span><br style=\"box-sizing: border-box; font-family: sans-serif; font-size: 14px; text-align: justify; background-color: rgb(242, 244, 245);\" \/><br \/>\n<span style=\"font-family: sans-serif; font-size: 14px; text-align: justify; background-color: rgb(242, 244, 245);\">B\u00fcy\u00fck\u015fehir Belediyesi&#8217;nden yap\u0131lan a\u00e7\u0131klamaya g\u00f6re, E\u011fitim ve \u00d6\u011fretimi Destekleme Kurslar\u0131nda \u00f6\u011frenim g\u00f6ren 4 bin 200 gencin 2 bin 261\u2019i k\u0131zlardan olu\u015fuyor. Merkezde e\u011fitim alan k\u0131z \u00f6\u011frenciler, hem zorlu ya\u015fam m\u00fccadelesi kar\u015f\u0131s\u0131nda hayata hem de \u00fcniversite hayali i\u00e7in derslerine s\u0131k\u0131 s\u0131k\u0131 tutunuyor. O \u00f6\u011frencilerden ikisi ise Nesrin Ayan ve Merve Sungur.<\/span><br style=\"box-sizing: border-box; font-family: sans-serif; font-size: 14px; text-align: justify; background-color: rgb(242, 244, 245);\" \/><br \/>\n<span style=\"font-family: sans-serif; font-size: 14px; text-align: justify; background-color: rgb(242, 244, 245);\">Nesrin\u2019in hayali hem\u015fire olmak<\/span><br style=\"box-sizing: border-box; font-family: sans-serif; font-size: 14px; text-align: justify; background-color: rgb(242, 244, 245);\" \/><br \/>\n<span style=\"font-family: sans-serif; font-size: 14px; text-align: justify; background-color: rgb(242, 244, 245);\">B\u00fcy\u00fck\u015fehir Belediyesi\u2019nin merkezdeki kurslar\u0131nda \u00f6\u011frenim g\u00f6ren 20 ya\u015f\u0131ndaki Nesrin Ayan, \u00fcniversite s\u0131navlar\u0131na 5 ay kala \u00e7al\u0131\u015fma temposunu h\u0131zland\u0131rd\u0131. Ailesine y\u00fck olmamak i\u00e7in hafta sonlar\u0131 bir narenciye fabrikas\u0131nda \u00e7al\u0131\u015ft\u0131\u011f\u0131n\u0131 s\u00f6yleyen Nesrin, hayalinin hem\u015firelik oldu\u011funu dile getirdi.<\/span><br style=\"box-sizing: border-box; font-family: sans-serif; font-size: 14px; text-align: justify; background-color: rgb(242, 244, 245);\" \/><br \/>\n<span style=\"font-family: sans-serif; font-size: 14px; text-align: justify; background-color: rgb(242, 244, 245);\">\u00dcniversite hayalini yitirmek \u00fczereyken kar\u015f\u0131s\u0131na \u00e7\u0131kan f\u0131rsata tutundu\u011funu ifade eden Nesrin Ayan, &#8220;2016\u2019da s\u0131nava girdim. 2 y\u0131ll\u0131k b\u00f6l\u00fcmler geldi, ailem istemedi, \u20184 y\u0131ll\u0131k b\u00f6l\u00fcmler olsun\u2019 dedi. 2017\u2019de s\u0131nava girmedim. Ailem s\u0131k\u0131nt\u0131dayd\u0131. Ben de derslere \u00e7al\u0131\u015famad\u0131m. Bir sene fabrikada \u00e7al\u0131\u015ft\u0131m, onlara destek oldum. Annem ev han\u0131m\u0131, babam da bir kahvede \u00e7ayc\u0131l\u0131k yap\u0131yor. Ben de hafta sonlar\u0131 ona y\u00fck olmamak i\u00e7in buradaki giderlerimi, ihtiya\u00e7lar\u0131m\u0131 kar\u015f\u0131lamak i\u00e7in narenciye fabrikas\u0131nda \u00e7al\u0131\u015f\u0131yorum. Hafta sonu gitti\u011fim i\u00e7in biraz zorlan\u0131yorum. Hem yoruluyorum hem de biraz derslerden geri kal\u0131yorum ama yapacak bir \u015fey yok. Kendimi geli\u015ftiriyorum. Buradan baya\u011f\u0131 faydalan\u0131yorum&#8221; dedi.<\/span><br style=\"box-sizing: border-box; font-family: sans-serif; font-size: 14px; text-align: justify; background-color: rgb(242, 244, 245);\" \/><br \/>\n<span style=\"font-family: sans-serif; font-size: 14px; text-align: justify; background-color: rgb(242, 244, 245);\">\u201cBu kadar iyi bir kurum oldu\u011funu bilmiyordum\u201d<\/span><br style=\"box-sizing: border-box; font-family: sans-serif; font-size: 14px; text-align: justify; background-color: rgb(242, 244, 245);\" \/><br \/>\n<span style=\"font-family: sans-serif; font-size: 14px; text-align: justify; background-color: rgb(242, 244, 245);\">18 ya\u015f\u0131ndaki Merve Sungur ise \u00fcniversite s\u0131nav\u0131na ikinci giri\u015fi olaca\u011f\u0131n\u0131 dile getirerek, ilk sene bekledi\u011fi sonucu elde edemedi\u011fini s\u00f6yledi. B\u00fcy\u00fck\u015fehir Belediyesi\u2019nin \u00fccretsiz kurslar\u0131yla tan\u0131\u015fma s\u00fcrecinden s\u00f6z eden Sungur, \u201cArkada\u015flar\u0131m konu\u015furken duydum. Ben de nas\u0131l bir yer diye ara\u015ft\u0131rd\u0131m. Buraya ilk geldi\u011fimde bu kadar iyi bir kurum oldu\u011funu bilmiyordum. Ama zaman ge\u00e7tik\u00e7e hocalar\u0131n \u00e7ok donan\u0131ml\u0131 oldu\u011funun fark\u0131na vard\u0131m. Bizimle de \u00e7ok ilgileniyorlar. Rehberlik servis hocalar\u0131m\u0131z da bireysel olarak \u00fcst\u00fcm\u00fczde \u00e7ok duruyor. Ders konusunda \u00e7ok g\u00fczel bir tempomuz var. Hocalarla g\u00fczel bir ileti\u015fimimiz var\u201d diye konu\u015ftu.<\/span><br style=\"box-sizing: border-box; font-family: sans-serif; font-size: 14px; text-align: justify; background-color: rgb(242, 244, 245);\" \/><br \/>\n<span style=\"font-family: sans-serif; font-size: 14px; text-align: justify; background-color: rgb(242, 244, 245);\">\u201cHedefim okul \u00f6ncesi \u00f6\u011fretmenli\u011fi\u201d<\/span><br style=\"box-sizing: border-box; font-family: sans-serif; font-size: 14px; text-align: justify; background-color: rgb(242, 244, 245);\" \/><br \/>\n<span style=\"font-family: sans-serif; font-size: 14px; text-align: justify; background-color: rgb(242, 244, 245);\">B\u00fcy\u00fck\u015fehir Belediyesi\u2019nin kurslar\u0131yla kar\u015f\u0131la\u015fmasayd\u0131 evde \u00e7al\u0131\u015fmak zorunda kalaca\u011f\u0131n\u0131 ifade eden Sungur, kurslarla ba\u015far\u0131s\u0131n\u0131n art\u0131\u015f g\u00f6sterdi\u011fini belirterek, \u201cBa\u015flamadan \u00f6nceki ba\u015far\u0131m y\u00fczde 20\u2019lik bir dilimdeydi ama ba\u015flad\u0131ktan sonra ba\u015far\u0131m y\u00fczde 50\u2019ye kadar \u00e7\u0131kt\u0131 ve y\u00fczde 100\u2019e kadar \u00e7\u0131kaca\u011f\u0131n\u0131 umuyorum. Hedefim okul \u00f6ncesi \u00f6\u011fretmenli\u011fi\u201d ifadelerine yer verdi.<\/span><\/p>\n<p>\u0130HA<\/p>\n","protected":false},"excerpt":{"rendered":"<p>Mersin B\u00fcy\u00fck\u015fehir Belediyesi&#8217;nin, 2019-2020 e\u011fitim-\u00f6\u011fretim d\u00f6neminde, merkezde ve 7 il\u00e7edeki E\u011fitim ve \u00d6\u011fretimi Destekleme Kurs Merkezleri&#8217;nde 4 bin 200 gence \u00fccretsiz kurs hizmeti sundu\u011fu bildirildi. B\u00fcy\u00fck\u015fehir Belediyesi&#8217;nden yap\u0131lan a\u00e7\u0131klamaya g\u00f6re, E\u011fitim ve \u00d6\u011fretimi Destekleme Kurslar\u0131nda \u00f6\u011frenim g\u00f6ren 4 bin 200 gencin 2 bin 261\u2019i k\u0131zlardan olu\u015fuyor. Merkezde e\u011fitim alan k\u0131z \u00f6\u011frenciler, hem zorlu ya\u015fam m\u00fccadelesi [&hellip;]<\/p>\n","protected":false},"author":2,"featured_media":0,"comment_status":"open","ping_status":"open","sticky":false,"template":"","format":"standard","meta":{"footnotes":""},"categories":[],"tags":[],"class_list":["post-5732","post","type-post","status-publish","format-standard","hentry"],"views":24,"_links":{"self":[{"href":"https:\/\/mersingazetesi.com\/index.php\/wp-json\/wp\/v2\/posts\/5732","targetHints":{"allow":["GET"]}}],"collection":[{"href":"https:\/\/mersingazetesi.com\/index.php\/wp-json\/wp\/v2\/posts"}],"about":[{"href":"https:\/\/mersingazetesi.com\/index.php\/wp-json\/wp\/v2\/types\/post"}],"author":[{"embeddable":true,"href":"https:\/\/mersingazetesi.com\/index.php\/wp-json\/wp\/v2\/users\/2"}],"replies":[{"embeddable":true,"href":"https:\/\/mersingazetesi.com\/index.php\/wp-json\/wp\/v2\/comments?post=5732"}],"version-history":[{"count":0,"href":"https:\/\/mersingazetesi.com\/index.php\/wp-json\/wp\/v2\/posts\/5732\/revisions"}],"wp:attachment":[{"href":"https:\/\/mersingazetesi.com\/index.php\/wp-json\/wp\/v2\/media?parent=5732"}],"wp:term":[{"taxonomy":"category","embeddable":true,"href":"https:\/\/mersingazetesi.com\/index.php\/wp-json\/wp\/v2\/categories?post=5732"},{"taxonomy":"post_tag","embeddable":true,"href":"https:\/\/mersingazetesi.com\/index.php\/wp-json\/wp\/v2\/tags?post=5732"}],"curies":[{"name":"wp","href":"https:\/\/api.w.org\/{rel}","templated":true}]}}