{"id":5711,"date":"2021-11-23T11:54:33","date_gmt":"2021-11-23T08:54:33","guid":{"rendered":"http:\/\/mersin.mesiad.org\/index.php\/2021\/11\/23\/baskan-secer-nato-komutani-fantoni-ile-gorustu\/"},"modified":"2021-11-23T11:54:33","modified_gmt":"2021-11-23T08:54:33","slug":"baskan-secer-nato-komutani-fantoni-ile-gorustu","status":"publish","type":"post","link":"https:\/\/mersingazetesi.com\/index.php\/2021\/11\/23\/baskan-secer-nato-komutani-fantoni-ile-gorustu\/","title":{"rendered":"Ba\u015fkan Se\u00e7er, NATO Komutan\u0131 Fantoni ile g\u00f6r\u00fc\u015ft\u00fc"},"content":{"rendered":"<p>\u00a0Mersin B\u00fcy\u00fck\u015fehir Belediye Ba\u015fkan\u0131 Vahap Se\u00e7er, Do\u011fu Akdeniz\u2019de izleme g\u00f6revi ifa eden NATO unsurlar\u0131ndan SNMG2 gemisinin \u0130talyan komutan\u0131 Rear Admiral Paolo Fantoni&#8217;yi kabul etti. Ziyarete, Akdeniz B\u00f6lge ve Garnizon Komutan\u0131 Tu\u011famiral Ercan Kire\u00e7tepe de kat\u0131ld\u0131.\u00a0 \u00a0<br \/>\n\u00a0 Ziyarette konu\u015fan Se\u00e7er, \u015fehir olarak \u00e7ok \u00f6nemli de\u011ferlere sahip olduklar\u0131n\u0131 belirterek, &#8220;Tarihi, k\u00fclt\u00fcrel ge\u00e7mi\u015fimizden verimli topraklar\u0131m\u0131za kadar bir\u00e7ok de\u011ferin \u00fczerinde ya\u015f\u0131yoruz. Ancak bu de\u011ferlere de\u011fer katan en \u00f6nemli \u00f6zelli\u011fi, bu kentin Akdeniz\u2019e k\u0131y\u0131s\u0131 olmas\u0131. Do\u011fu Akdeniz \u00e7ana\u011f\u0131n\u0131n en \u00f6nemli liman\u0131na sahip olmam\u0131z, \u00f6zellikle d\u00fcnya co\u011frafyas\u0131na bakt\u0131\u011f\u0131n\u0131z, de\u011ferlendirdi\u011finiz zaman bu hinterland\u0131n, Ortado\u011fu\u2019nun hatta Kafkaslar\u2019\u0131n Do\u011fu Akdeniz vas\u0131tas\u0131yla, marifetiyle d\u00fcnyaya a\u00e7\u0131lmas\u0131n\u0131n en \u00f6nemli dura\u011f\u0131 Mersin. Bu liman, d\u00fcnyan\u0131n bir\u00e7ok noktas\u0131ndan \u00fclkemize ve \u00fclkemiz \u00fczerinden, karayolu koridoru \u00fczerinden Ortado\u011fu\u2019ya, Kafkaslar\u2019a, Afrika\u2019ya ticari \u00fcr\u00fcnlerin ula\u015ft\u0131r\u0131lmas\u0131n\u0131 sa\u011fl\u0131yor. Di\u011fer taraftan da T\u00fcrkiye\u2019de \u00fcretilen \u00fcr\u00fcnlerin d\u00fcnya pazarlar\u0131na sunulmas\u0131nda bizim i\u00e7in \u00e7ok \u00f6nemli bir g\u00f6reve sahip\u201d dedi.\u00a0<br \/>\n\u00a0 \u201cNATO \u00fcyesi \u00fclkeler, T\u00fcrkiye\u2019nin de\u011ferini bilmeli\u201d\u00a0<br \/>\n\u00a0 Do\u011fu Akdeniz illeri Mersin, Adana ve Hatay\u2019\u0131n Suriye s\u0131n\u0131r\u0131na kadar uzand\u0131\u011f\u0131na i\u015faret eden Ba\u015fkan Se\u00e7er, \u201cNATO m\u00fcttefiki bir \u00fclke olmam\u0131z, NATO\u2019ya ba\u011fl\u0131 \u00fclkelerin g\u00fcvenli\u011fi a\u00e7\u0131s\u0131ndan da son derece \u00f6nemli. Mersin\u2019in kar\u015f\u0131 k\u0131y\u0131s\u0131na bakt\u0131\u011f\u0131n\u0131z zaman, hep s\u0131cak geli\u015fmelerin ya\u015fand\u0131\u011f\u0131 \u00fclkeleri g\u00f6r\u00fcrs\u00fcn\u00fcz. \u015eu anda s\u0131cak geli\u015fmelerin ya\u015fand\u0131\u011f\u0131 Suriye, \u0130srail, L\u00fcbnan, M\u0131s\u0131r, Fas, Cezayir b\u00fct\u00fcn bu b\u00f6lgeler bizim kar\u015f\u0131 kom\u015fular\u0131m\u0131z. NATO g\u00fc\u00e7leri, Do\u011fu Akdeniz\u2019de g\u00f6rev yaparken NATO \u00fcyesi \u00fclkeler, T\u00fcrkiye\u2019nin de\u011ferini bilmeli\u201d ifadelerini kulland\u0131.\u00a0<br \/>\n\u00a0 Rear Admiral Paolo Fantoni ise NATO ad\u0131na 29 \u00fclkeyi temsil ettiklerini belirterek, &#8220;Hepsi ad\u0131na te\u015fekk\u00fcr ediyoruz. Mersin\u2019de birka\u00e7 g\u00fcn ge\u00e7irme f\u0131rsat\u0131na sahip olduk\u201d diye konu\u015ftu.\u00a0<br \/>\n\u00a0 Ziyaretin sonunda Mersin B\u00fcy\u00fck\u015fehir Belediye Ba\u015fkan\u0131 Vahap Se\u00e7er, Rear Admiral Paolo Fantoni\u2019ye Mersin\u2019in simgelerinden olan caretta caretta kaplumba\u011falar\u0131n\u0131n denizle bulu\u015fmas\u0131n\u0131 resmeden bir tablo takdim etti. \u0130talyan komutan da Ba\u015fkan Se\u00e7er\u2019e, SNMG2 gemisinin ve NATO\u2019nun armas\u0131n\u0131n oldu\u011fu bir plaket sundu.\u00a0<\/p>\n<p>\u0130HA<\/p>\n","protected":false},"excerpt":{"rendered":"<p>\u00a0Mersin B\u00fcy\u00fck\u015fehir Belediye Ba\u015fkan\u0131 Vahap Se\u00e7er, Do\u011fu Akdeniz\u2019de izleme g\u00f6revi ifa eden NATO unsurlar\u0131ndan SNMG2 gemisinin \u0130talyan komutan\u0131 Rear Admiral Paolo Fantoni&#8217;yi kabul etti. Ziyarete, Akdeniz B\u00f6lge ve Garnizon Komutan\u0131 Tu\u011famiral Ercan Kire\u00e7tepe de kat\u0131ld\u0131.\u00a0 \u00a0 \u00a0 Ziyarette konu\u015fan Se\u00e7er, \u015fehir olarak \u00e7ok \u00f6nemli de\u011ferlere sahip olduklar\u0131n\u0131 belirterek, &#8220;Tarihi, k\u00fclt\u00fcrel ge\u00e7mi\u015fimizden verimli topraklar\u0131m\u0131za kadar bir\u00e7ok [&hellip;]<\/p>\n","protected":false},"author":2,"featured_media":0,"comment_status":"open","ping_status":"open","sticky":false,"template":"","format":"standard","meta":{"footnotes":""},"categories":[],"tags":[],"class_list":["post-5711","post","type-post","status-publish","format-standard","hentry"],"views":11,"_links":{"self":[{"href":"https:\/\/mersingazetesi.com\/index.php\/wp-json\/wp\/v2\/posts\/5711","targetHints":{"allow":["GET"]}}],"collection":[{"href":"https:\/\/mersingazetesi.com\/index.php\/wp-json\/wp\/v2\/posts"}],"about":[{"href":"https:\/\/mersingazetesi.com\/index.php\/wp-json\/wp\/v2\/types\/post"}],"author":[{"embeddable":true,"href":"https:\/\/mersingazetesi.com\/index.php\/wp-json\/wp\/v2\/users\/2"}],"replies":[{"embeddable":true,"href":"https:\/\/mersingazetesi.com\/index.php\/wp-json\/wp\/v2\/comments?post=5711"}],"version-history":[{"count":0,"href":"https:\/\/mersingazetesi.com\/index.php\/wp-json\/wp\/v2\/posts\/5711\/revisions"}],"wp:attachment":[{"href":"https:\/\/mersingazetesi.com\/index.php\/wp-json\/wp\/v2\/media?parent=5711"}],"wp:term":[{"taxonomy":"category","embeddable":true,"href":"https:\/\/mersingazetesi.com\/index.php\/wp-json\/wp\/v2\/categories?post=5711"},{"taxonomy":"post_tag","embeddable":true,"href":"https:\/\/mersingazetesi.com\/index.php\/wp-json\/wp\/v2\/tags?post=5711"}],"curies":[{"name":"wp","href":"https:\/\/api.w.org\/{rel}","templated":true}]}}