{"id":5669,"date":"2021-11-23T11:54:30","date_gmt":"2021-11-23T08:54:30","guid":{"rendered":"http:\/\/mersin.mesiad.org\/index.php\/2021\/11\/23\/mersin-kizilay-2019-yilinda-75-bin-unite-kan-aldi\/"},"modified":"2021-11-23T11:54:30","modified_gmt":"2021-11-23T08:54:30","slug":"mersin-kizilay-2019-yilinda-75-bin-unite-kan-aldi","status":"publish","type":"post","link":"https:\/\/mersingazetesi.com\/index.php\/2021\/11\/23\/mersin-kizilay-2019-yilinda-75-bin-unite-kan-aldi\/","title":{"rendered":"Mersin K\u0131z\u0131lay 2019 y\u0131l\u0131nda 75 bin \u00fcnite kan ald\u0131"},"content":{"rendered":"<p>\u00a0Mersin K\u0131z\u0131lay Kan Merkezi M\u00fcd\u00fcr\u00fc Dr. Saltuk Bu\u011fra \u00d6zcanl\u0131, kan ba\u011f\u0131\u015f\u0131n\u0131n &#8216;sa\u011fl\u0131k&#8217; oldu\u011funu vurgulayarak, &#8220;2019 y\u0131l\u0131nda 75 bin \u00fcnite olan hedefimizi \u00e7ok \u015f\u00fck\u00fcr tutturduk. 2020 y\u0131l\u0131 i\u00e7in ise 76 bin hedefi belirledik. Kan ba\u011f\u0131\u015f\u0131 v\u00fccut direncini d\u00fc\u015f\u00fcrmez aksine art\u0131r\u0131r ve insanlar\u0131n \u00e7abuk hasta olma ihtimalini ortadan kald\u0131r\u0131r&#8221; dedi.\u00a0<br \/>\n\u00a0 Kan ba\u011f\u0131\u015flar\u0131yla ilgili \u0130HA muhabirine a\u00e7\u0131klamalarda bulunan \u00d6zcanl\u0131, T\u00fcrk K\u0131z\u0131lay&#8217;\u0131n\u0131n amac\u0131n\u0131n t\u00fcm \u00fclkenin kan ve kan \u00fcr\u00fcnlerini kar\u015f\u0131lamak oldu\u011funu s\u00f6yledi. Bu ama\u00e7 do\u011frultusunda \u00e7al\u0131\u015ft\u0131klar\u0131n\u0131 belirten \u00d6zcanl\u0131, &#8220;Mersin olarak bizim \u00fcst\u00fcm\u00fcze \u015fu anda d\u00fc\u015fen g\u00f6revde y\u0131ll\u0131k 75 \u00fcnite kan al\u0131p, bunlar\u0131n hastanelere sevkiyat\u0131n\u0131n sa\u011flanmas\u0131d\u0131r. Biz 2019 y\u0131l\u0131nda 75 bin olan hedefimizi \u00e7ok \u015f\u00fck\u00fcr tutturduk. 2020 y\u0131l\u0131 i\u00e7in ise 76 bin hedefle girdik. Havalar\u0131n k\u00f6t\u00fc olmas\u0131na ra\u011fmen bile \u00e7ok \u015f\u00fck\u00fcr ki ba\u011f\u0131\u015f\u00e7\u0131 bulmakta s\u0131k\u0131nt\u0131 ya\u015fam\u0131yoruz. Biz K\u0131z\u0131lay olarak art\u0131k \u00e7ok b\u00fcy\u00fck projelerle \u00e7al\u0131\u015fmaktay\u0131z. T\u00fcm kamu kurumlar\u0131 bizim i\u00e7in de\u011ferli. Halk ekiplerimiz bizler i\u00e7in \u00e7ok \u00f6nemli. G\u00fcnl\u00fck 8 ekibimizle var g\u00fcc\u00fcm\u00fczle \u00e7al\u0131\u015f\u0131yoruz&#8221; diye konu\u015ftu.\u00a0<br \/>\n\u00a0<br \/>\n\u00a0 &#8220;Beyaz kan ba\u011f\u0131\u015f\u0131 da \u00e7ok k\u0131ymetli&#8221;\u00a0<br \/>\n\u00a0 K\u0131rm\u0131z\u0131 kan\u0131n yan\u0131 s\u0131ra &#8216;beyaz kan&#8217; ba\u011f\u0131\u015f\u0131n\u0131n da \u00e7ok \u00f6nemli oldu\u011funun alt\u0131n\u0131 \u00e7izen \u00d6zcanl\u0131, &#8220;Beyaz kan olarak bilinen aferez trombosit kan\u0131 vard\u0131r. Kanser hastalar\u0131 beyaz kana ihtiya\u00e7 duyarlar ve hayati tehlikeleri aferez trombosit say\u0131lar\u0131n\u0131n d\u00fc\u015fmesiyle ba\u015flar. O y\u00fczden bu t\u00fcr kanser hastalar\u0131m\u0131za beyaz kan ba\u011f\u0131\u015f\u0131n\u0131 esirgemememiz laz\u0131m. D\u00fczenli kan ba\u011f\u0131\u015f\u00e7\u0131lar\u0131m\u0131z\u0131n bir yar\u0131m saat, 40 dakika s\u00fcrecek, di\u011fer kan ba\u011f\u0131\u015f\u0131ndan fark\u0131 olmayan bir teknikle beyaz kan ba\u011f\u0131\u015f\u0131n\u0131 da mutlaka yapmalar\u0131n\u0131 istiyoruz. Hi\u00e7bir zorlu\u011fu, tehlikesi olmayan bir ba\u011f\u0131\u015f&#8221; \u015feklinde konu\u015ftu.\u00a0\u00a0<br \/>\n\u00a0<br \/>\n\u00a0 &#8220;K\u00f6k h\u00fccre ba\u011f\u0131\u015f\u0131 art\u0131k kan ba\u011f\u0131\u015f\u0131 kadar kolay bir uygulama&#8221;\u00a0<br \/>\n\u00a0 Bunlar\u0131n yan\u0131 s\u0131ra k\u00f6k h\u00fccre ba\u011f\u0131\u015f\u0131n\u0131n \u00f6nemli oldu\u011funa dikkat \u00e7eken \u00d6zcanl\u0131, &#8220;K\u00f6k h\u00fccreler art\u0131k normal bir kan ba\u011f\u0131\u015f\u0131 gibi toplan\u0131yor. Kemik ili\u011fi nakli dedi\u011fimizde insanlar\u0131n g\u00f6z\u00fcn\u00fc korkutmak istemiyoruz. K\u00f6k h\u00fccre ba\u011f\u0131\u015f\u0131 art\u0131k kan ba\u011f\u0131\u015f\u0131 kadar kolay bir uygulama. Kan ba\u011f\u0131\u015f\u0131 yaparken bir t\u00fcp fazladan numune veriyor. Sadece k\u00f6k h\u00fccre ba\u011f\u0131\u015f\u00e7\u0131 aday\u0131 olmak istiyorsa 3 t\u00fcp kan vererek, art\u0131k bir k\u00f6k h\u00fccre ba\u011f\u0131\u015f\u00e7\u0131s\u0131 aday\u0131 olabiliyor. Bunu biz 18-50 ya\u015f aras\u0131ndaki ba\u011f\u0131\u015f\u00e7\u0131lar\u0131m\u0131zdan talep ediyoruz. Bizim i\u00e7in \u00e7ok \u00f6nemli. \u00c7\u00fcnk\u00fc kanser hastal\u0131\u011f\u0131n\u0131 yenmenin en b\u00fcy\u00fck \u00e7\u00f6z\u00fcmlerinden bir tanesi bu&#8221; ifadelerini kulland\u0131.\u00a0<br \/>\n\u00a0<br \/>\n\u00a0 &#8220;Kan ba\u011f\u0131\u015f\u0131 sa\u011fl\u0131kt\u0131r&#8221;\u00a0<br \/>\n\u00a0 \u00d6zellikle k\u0131\u015f aylar\u0131nda insanlarda yanl\u0131\u015f bir d\u00fc\u015f\u00fcncenin oldu\u011funa vurgu yapan \u00d6zcanl\u0131, &#8220;\u0130nsanlar\u0131n kan verdi\u011fimde direncim d\u00fc\u015fer, \u00e7abuk hasta olurum, bana enfeksiyon bula\u015f\u0131r, \u00fc\u015f\u00fcr\u00fcm gibi farkl\u0131 d\u00fc\u015f\u00fcnceleri olabiliyor. Birincisi kan ba\u011f\u0131\u015f\u0131 v\u00fccut direncini art\u0131r\u0131r ve insanlar\u0131n \u00e7abuk hasta olma ihtimalini ortadan kald\u0131r\u0131r. Kan ba\u011f\u0131\u015f\u0131 sa\u011fl\u0131kt\u0131r. \u0130kincisi bizim kulland\u0131\u011f\u0131m\u0131z setler tek kullan\u0131ml\u0131kt\u0131r ve kapal\u0131 sistemdir. Kan ba\u011f\u0131\u015f\u0131 s\u0131ras\u0131nda hi\u00e7bir ba\u011f\u0131\u015f\u00e7\u0131m\u0131za herhangi bir enfeksiyon bula\u015fma riski yoktur. Bu y\u00fczden ba\u011f\u0131\u015f\u00e7\u0131lar\u0131m\u0131z bu konuda kesinlikle endi\u015fe etmesinler. Kan ba\u011f\u0131\u015f\u0131 7 ile 10 dakika aras\u0131nda s\u00fcren bir olayd\u0131r. Kan ba\u011f\u0131\u015f\u00e7\u0131lar\u0131m\u0131z\u0131n veya ba\u011f\u0131\u015f\u00e7\u0131 adaylar\u0131m\u0131z\u0131n kesinlikle tedirgin olmalar\u0131n\u0131 istemeyiz. \u00d6zellikle so\u011fuk ge\u00e7en k\u0131\u015f aylar\u0131nda bizi yaln\u0131z b\u0131rakmamalar\u0131n\u0131 isteriz&#8221; dedi.\u00a0<br \/>\n\u00a0<br \/>\n\u00a0 &#8220;Hayat kurtard\u0131klar\u0131 i\u00e7in kan ba\u011f\u0131\u015f\u00e7\u0131lar\u0131na kahraman diyoruz&#8221;\u00a0<\/p>\n<p>\n\u00a0 \u015eu anda Mersin&#8217;de &#8216;Can kurtaran okullar&#8217; kampanyas\u0131 y\u00fcr\u00fctt\u00fcklerini belirten \u00d6zcanl\u0131, &#8220;Okullar\u0131m\u0131zda velilerimizden, \u00f6\u011fretmenlerimizden, okul y\u00f6neticilerimizden kan ba\u011f\u0131\u015f\u0131 al\u0131yoruz. Proje \u00e7ok g\u00fczel bir \u015fekilde ilerliyor. Biz Mersin&#8217;de bir\u00e7ok okulda kan ba\u011f\u0131\u015f\u0131 e\u011fitimi veriyoruz. Bunun amac\u0131 \u015fudur, gelece\u011fin kan ba\u011f\u0131\u015f\u00e7\u0131s\u0131 olan \u00e7ocuklar\u0131m\u0131z\u0131n kan ba\u011f\u0131\u015f\u0131n\u0131n anormal bir \u015fey olmad\u0131\u011f\u0131n\u0131, normal bir davran\u0131\u015f oldu\u011funu, kan ba\u011f\u0131\u015f\u0131 sonras\u0131nda ailesinin hi\u00e7bir \u015fey olmadan evine d\u00f6nd\u00fc\u011f\u00fcn\u00fc g\u00f6rd\u00fc\u011f\u00fcnde bunun korkulacak bir \u015fey olmad\u0131\u011f\u0131n\u0131 g\u00f6r\u00fcp, 18 ya\u015f\u0131na geldi\u011finde hepsinin bir K\u0131z\u0131lay ba\u011f\u0131\u015f\u00e7\u0131s\u0131 oldu\u011funu g\u00f6rmektir. Ama\u00e7 gelece\u011fin kan ba\u011f\u0131\u015f\u00e7\u0131lar\u0131d\u0131r. Bu konuda her eve K\u0131z\u0131lay ile ilgili bilgilendirme gidiyor. Biz hayat kurtard\u0131klar\u0131 i\u00e7in kan ba\u011f\u0131\u015f\u00e7\u0131lar\u0131na &#8216;kahraman&#8217; diyoruz. Kan ba\u011f\u0131\u015f\u00e7\u0131lar\u0131m\u0131za te\u015fekk\u00fcr ediyorum. Bug\u00fcne kadar bizi hi\u00e7bir zaman yaln\u0131z, kans\u0131z b\u0131rakmad\u0131lar. Bundan sonraki s\u00fcre\u00e7te herkesin deste\u011fini bekliyoruz&#8221; diye konu\u015ftu.\u00a0<\/p>\n<p>\u0130HA<\/p>\n","protected":false},"excerpt":{"rendered":"<p>\u00a0Mersin K\u0131z\u0131lay Kan Merkezi M\u00fcd\u00fcr\u00fc Dr. Saltuk Bu\u011fra \u00d6zcanl\u0131, kan ba\u011f\u0131\u015f\u0131n\u0131n &#8216;sa\u011fl\u0131k&#8217; oldu\u011funu vurgulayarak, &#8220;2019 y\u0131l\u0131nda 75 bin \u00fcnite olan hedefimizi \u00e7ok \u015f\u00fck\u00fcr tutturduk. 2020 y\u0131l\u0131 i\u00e7in ise 76 bin hedefi belirledik. Kan ba\u011f\u0131\u015f\u0131 v\u00fccut direncini d\u00fc\u015f\u00fcrmez aksine art\u0131r\u0131r ve insanlar\u0131n \u00e7abuk hasta olma ihtimalini ortadan kald\u0131r\u0131r&#8221; dedi.\u00a0 \u00a0 Kan ba\u011f\u0131\u015flar\u0131yla ilgili \u0130HA muhabirine a\u00e7\u0131klamalarda [&hellip;]<\/p>\n","protected":false},"author":2,"featured_media":0,"comment_status":"open","ping_status":"open","sticky":false,"template":"","format":"standard","meta":{"footnotes":""},"categories":[],"tags":[],"class_list":["post-5669","post","type-post","status-publish","format-standard","hentry"],"views":18,"_links":{"self":[{"href":"https:\/\/mersingazetesi.com\/index.php\/wp-json\/wp\/v2\/posts\/5669","targetHints":{"allow":["GET"]}}],"collection":[{"href":"https:\/\/mersingazetesi.com\/index.php\/wp-json\/wp\/v2\/posts"}],"about":[{"href":"https:\/\/mersingazetesi.com\/index.php\/wp-json\/wp\/v2\/types\/post"}],"author":[{"embeddable":true,"href":"https:\/\/mersingazetesi.com\/index.php\/wp-json\/wp\/v2\/users\/2"}],"replies":[{"embeddable":true,"href":"https:\/\/mersingazetesi.com\/index.php\/wp-json\/wp\/v2\/comments?post=5669"}],"version-history":[{"count":0,"href":"https:\/\/mersingazetesi.com\/index.php\/wp-json\/wp\/v2\/posts\/5669\/revisions"}],"wp:attachment":[{"href":"https:\/\/mersingazetesi.com\/index.php\/wp-json\/wp\/v2\/media?parent=5669"}],"wp:term":[{"taxonomy":"category","embeddable":true,"href":"https:\/\/mersingazetesi.com\/index.php\/wp-json\/wp\/v2\/categories?post=5669"},{"taxonomy":"post_tag","embeddable":true,"href":"https:\/\/mersingazetesi.com\/index.php\/wp-json\/wp\/v2\/tags?post=5669"}],"curies":[{"name":"wp","href":"https:\/\/api.w.org\/{rel}","templated":true}]}}