{"id":5596,"date":"2021-11-23T11:54:26","date_gmt":"2021-11-23T08:54:26","guid":{"rendered":"http:\/\/mersin.mesiad.org\/index.php\/2021\/11\/23\/italyadan-3-bin-ton-cop-mu-geldi\/"},"modified":"2021-11-23T11:54:26","modified_gmt":"2021-11-23T08:54:26","slug":"italyadan-3-bin-ton-cop-mu-geldi","status":"publish","type":"post","link":"https:\/\/mersingazetesi.com\/index.php\/2021\/11\/23\/italyadan-3-bin-ton-cop-mu-geldi\/","title":{"rendered":"\u0130TALYA\u2019DAN 3 B\u0130N TON \u00c7\u00d6P M\u00dc GELD\u0130?"},"content":{"rendered":"<p>Mersin Liman\u0131&#8217;na \u0130talya&#8217;dan 3 bin tonu a\u015fk\u0131n \u00e7\u00f6p getirildi\u011fi iddia edildi. Kendi \u00e7\u00f6p\u00fcn\u00fc geri d\u00f6n\u00fc\u015f\u00fcme kazand\u0131rmada zorlanan T\u00fcrkiye&#8217;ye, ba\u015fka \u00fclkelerden gelen \u00e7\u00f6plerin nas\u0131l de\u011ferlendirilece\u011fi merak konusu oldu.\u00a0<\/p>\n<p>Mersin ve \u0130skenderun limanlar\u0131na (19.12.04) kodlu lastik ve plastik \u00e7\u00f6plerinin 45 g\u00fcn par\u00e7a par\u00e7a getirildi\u011fi belirtildi.<\/p>\n<p>\u0130ddiaya g\u00f6re, \u0130talya&#8217; dan KRC At\u0131k Y\u00f6netimi ad\u0131na gemilerle g\u00f6nderilen; at\u0131k, ku\u015f \u00f6l\u00fcleri, ped ve \u00e7ocuk bezleri, plastik olan \u00e7\u00f6plerin r\u00fc\u015fvet kar\u015f\u0131l\u0131\u011f\u0131 \u00fclkeye girdi\u011fi iddialar aras\u0131nda.<br \/>\nTepkili vatanda\u015flar, sosyal medya hesaplar\u0131 \u00fczerinden, &#8220;T\u00fcrkiye di\u011fer \u00fclkelerin \u00e7\u00f6pl\u00fc\u011f\u00fc haline geldi. \u00d6nce kendi \u00e7\u00f6p\u00fcm\u00fcz\u00fc temizleyelim. &#8221; ifadelerini kulland\u0131.\u00a0<\/p>\n<p>\u00c7\u00f6pler Ne Ama\u00e7la Kullan\u0131lacak?\u00a0<\/p>\n<p>Sosyal medyada h\u0131zla yay\u0131lan ve\u00a0 kamuoyunun b\u00fcy\u00fck tepkisini \u00e7eken skandal olaya ili\u015fkin, yetkililer taraf\u0131ndan hen\u00fcz a\u00e7\u0131klama yap\u0131lmad\u0131.\u00a0 \u00dclkesini kirletmek istemeyen \u0130talya\u2019n\u0131n lastik ve plastik \u00e7\u00f6plerini ne ama\u00e7la g\u00f6nderdi\u011fi ve nas\u0131l kullan\u0131laca\u011f\u0131 ise hen\u00fcz bilinmiyor. Kamuoyu konuya ili\u015fkin al\u0131c\u0131 kurumun a\u00e7\u0131klama yapmas\u0131n\u0131 bekliyor.<\/p>\n<p>HABER MERKEZ\u0130<\/p>\n","protected":false},"excerpt":{"rendered":"<p>Mersin Liman\u0131&#8217;na \u0130talya&#8217;dan 3 bin tonu a\u015fk\u0131n \u00e7\u00f6p getirildi\u011fi iddia edildi. Kendi \u00e7\u00f6p\u00fcn\u00fc geri d\u00f6n\u00fc\u015f\u00fcme kazand\u0131rmada zorlanan T\u00fcrkiye&#8217;ye, ba\u015fka \u00fclkelerden gelen \u00e7\u00f6plerin nas\u0131l de\u011ferlendirilece\u011fi merak konusu oldu.\u00a0 Mersin ve \u0130skenderun limanlar\u0131na (19.12.04) kodlu lastik ve plastik \u00e7\u00f6plerinin 45 g\u00fcn par\u00e7a par\u00e7a getirildi\u011fi belirtildi. \u0130ddiaya g\u00f6re, \u0130talya&#8217; dan KRC At\u0131k Y\u00f6netimi ad\u0131na gemilerle g\u00f6nderilen; at\u0131k, ku\u015f [&hellip;]<\/p>\n","protected":false},"author":2,"featured_media":0,"comment_status":"open","ping_status":"open","sticky":false,"template":"","format":"standard","meta":{"footnotes":""},"categories":[],"tags":[],"class_list":["post-5596","post","type-post","status-publish","format-standard","hentry"],"views":17,"_links":{"self":[{"href":"https:\/\/mersingazetesi.com\/index.php\/wp-json\/wp\/v2\/posts\/5596","targetHints":{"allow":["GET"]}}],"collection":[{"href":"https:\/\/mersingazetesi.com\/index.php\/wp-json\/wp\/v2\/posts"}],"about":[{"href":"https:\/\/mersingazetesi.com\/index.php\/wp-json\/wp\/v2\/types\/post"}],"author":[{"embeddable":true,"href":"https:\/\/mersingazetesi.com\/index.php\/wp-json\/wp\/v2\/users\/2"}],"replies":[{"embeddable":true,"href":"https:\/\/mersingazetesi.com\/index.php\/wp-json\/wp\/v2\/comments?post=5596"}],"version-history":[{"count":0,"href":"https:\/\/mersingazetesi.com\/index.php\/wp-json\/wp\/v2\/posts\/5596\/revisions"}],"wp:attachment":[{"href":"https:\/\/mersingazetesi.com\/index.php\/wp-json\/wp\/v2\/media?parent=5596"}],"wp:term":[{"taxonomy":"category","embeddable":true,"href":"https:\/\/mersingazetesi.com\/index.php\/wp-json\/wp\/v2\/categories?post=5596"},{"taxonomy":"post_tag","embeddable":true,"href":"https:\/\/mersingazetesi.com\/index.php\/wp-json\/wp\/v2\/tags?post=5596"}],"curies":[{"name":"wp","href":"https:\/\/api.w.org\/{rel}","templated":true}]}}