{"id":5548,"date":"2021-11-23T11:54:23","date_gmt":"2021-11-23T08:54:23","guid":{"rendered":"http:\/\/mersin.mesiad.org\/index.php\/2021\/11\/23\/mersin-kent-merkezinin-trafik-sorunu-yeniden-ele-aliniyor\/"},"modified":"2021-11-23T11:54:23","modified_gmt":"2021-11-23T08:54:23","slug":"mersin-kent-merkezinin-trafik-sorunu-yeniden-ele-aliniyor","status":"publish","type":"post","link":"https:\/\/mersingazetesi.com\/index.php\/2021\/11\/23\/mersin-kent-merkezinin-trafik-sorunu-yeniden-ele-aliniyor\/","title":{"rendered":"Mersin kent merkezinin trafik sorunu yeniden ele al\u0131n\u0131yor"},"content":{"rendered":"<p>Mersin B\u00fcy\u00fck\u015fehir Belediyesince, kent merkezinin canland\u0131r\u0131lmas\u0131 ve kangren haline gelen trafik sorununun \u00e7\u00f6z\u00fclmesi i\u00e7in yeni projelerin hayata ge\u00e7irilece\u011fi bildirildi.\u00a0 \u00a0<br \/>\n\u00a0 Bu kapsamda, Mersin Esnaf ve Sanatlar Odalar\u0131 Birli\u011fi Toplant\u0131 Salonunda Mersin esnaf\u0131n\u0131 temsil eden bir\u00e7ok oda ba\u015fkan\u0131n\u0131n kat\u0131l\u0131m\u0131yla toplant\u0131 d\u00fczenlendi.\u00a0<br \/>\n\u00a0 Mersin \u00e7ar\u015f\u0131s\u0131 yeniden cazibe merkezi haline gelecek\u00a0<br \/>\n\u00a0 Toplant\u0131ya B\u00fcy\u00fck\u015fehir Belediyesi Genel Sekreter Yard\u0131mc\u0131s\u0131 Olcay Tok, Ba\u015fkan Dan\u0131\u015fman\u0131 Ertan Liman, esnaf oda ba\u015fkanlar\u0131 ve ilgili daire ba\u015fkanlar\u0131 kat\u0131ld\u0131.\u00a0<br \/>\n\u00a0 Halk aras\u0131nda yayg\u0131n olarak &#8216;Eski Mersin&#8217; ad\u0131yla bilinen, kuzeyine \u0130stiklal Caddesi, g\u00fcneyine \u0130smet \u0130n\u00f6n\u00fc Bulvar\u0131, bat\u0131s\u0131na Sakarya Caddesi, do\u011fusuna ise Liman Kav\u015fa\u011f\u0131n\u0131 alan b\u00f6lge i\u00e7in kapsaml\u0131 bir proje geli\u015ftiren B\u00fcy\u00fck\u015fehir Belediyesi, trafik ve yaya yollar\u0131nda yeni bir uygulamay\u0131 hayata ge\u00e7irmeyi ama\u00e7l\u0131yor. Projeye g\u00f6re, \u0130stiklal Caddesi\u2019nin tek \u015feride indirilmesi, ba\u011flant\u0131 yollar\u0131n\u0131n sa\u011flanmas\u0131 ve bir\u00e7ok ara soka\u011f\u0131n trafi\u011fe kapat\u0131larak yaya \u00f6nceli\u011finin sa\u011flanmas\u0131 planlan\u0131yor. Ayr\u0131ca yeni otopark alanlar\u0131 ve bisiklet yolu uygulamalar\u0131n\u0131n da dahil edildi\u011fi proje hayata ge\u00e7irildi\u011finde, Mersin \u00c7ar\u015f\u0131s\u0131 a\u00e7\u0131k al\u0131\u015fveri\u015f merkezi g\u00f6r\u00fcn\u00fcm\u00fcne kavu\u015facak.\u00a0<br \/>\n\u00a0 Proje ile kentin trafi\u011fi yeniden ele al\u0131n\u0131yor\u00a0<br \/>\n\u00a0 Mersin B\u00fcy\u00fck\u015fehir Belediyesi\u2019nin b\u00fcnyesine kazand\u0131rd\u0131\u011f\u0131 T\u00fcrkiye\u2019nin ilk ula\u015f\u0131m m\u00fchendisleri olma \u00f6zelli\u011fine sahip, i\u015finde uzman ekip taraf\u0131ndan haz\u0131rlanan projede, fizibilite \u00e7al\u0131\u015fmalar\u0131 yap\u0131larak b\u00f6lgedeki mevcut yaya yollar\u0131, otopark say\u0131lar\u0131 ve sirk\u00fclasyon gibi bir\u00e7ok etken ele al\u0131nd\u0131. Mesai saatlerindeki trafik yo\u011funlu\u011fu, vatanda\u015flar\u0131n ihtiya\u00e7lar\u0131 ve kent esteti\u011fi g\u00f6z \u00f6n\u00fcnde tutularak haz\u0131rlanan projenin, Mersin\u2019e uzun vadede soluk ald\u0131rmas\u0131 ve b\u00f6lgenin eski cazibesine yeniden kavu\u015fmas\u0131 ama\u00e7lan\u0131yor.\u00a0<br \/>\n\u00a0 \u201cEsnaf\u0131m\u0131z i\u015f yapamaz konuma geldi\u201d\u00a0<br \/>\n\u00a0 B\u00fcy\u00fck\u015fehir Belediyesi Genel Sekreter Yard\u0131mc\u0131s\u0131 Olcay Tok, toplant\u0131da proje ile k\u0131sa vadede \u00e7\u00f6z\u00fcmler \u00fcretmek yerine Mersin\u2019in uzun vadede sorunlar\u0131n\u0131 ortadan kald\u0131rmak istediklerini dile getirdi. B\u00f6lgedeki mevcut sorunlara de\u011finen Tok, esnaf\u0131 yak\u0131ndan ilgilendirecek projeye fikir \u00f6nerileri almak i\u00e7in Mersin esnaf\u0131na ba\u015fvurduklar\u0131n\u0131, ortak ak\u0131lla Mersin\u2019i d\u00fcnya kentlerinden birisi haline getirmek istediklerini vurgulad\u0131. Tok, \u201c\u0130stiklal Caddesi, Bit Pazar\u0131 ve Yo\u011furt Pazar\u0131n\u0131n bulundu\u011fu b\u00f6lgelerin \u015fu anki durumuyla ilgili ciddi bir sorun var. Hem ciddi bir trafik problemi var hem de al\u0131\u015fveri\u015f yapmas\u0131 gereken insanlar\u0131n oraya gelemedi\u011fini g\u00f6r\u00fcyoruz. Bundan dolay\u0131 esnaf\u0131m\u0131z i\u015f yapamaz konuma geldi. Bu bilgiler bize daha \u00f6nce gelmi\u015fti. Sorun, \u00d6zg\u00fcr \u00c7ocuk Park\u0131 ile Liman Kav\u015fa\u011f\u0131-\u0130stasyon aras\u0131 \u0130stiklal Caddesi ve \u0130smet \u0130n\u00f6n\u00fc Bulvar\u0131 aras\u0131ndaki kalan yerdeki mevcut durum. Yani eski Mersin \u00c7ar\u015f\u0131s\u0131 denilen b\u00f6lge\u201d dedi.\u00a0<br \/>\n\u00a0 \u201cBizim i\u00e7in esas olan yaya\u201d\u00a0<br \/>\n\u00a0 Mevcut durumu g\u00f6z \u00f6n\u00fcnde tutarak ve kimsenin ma\u011fdur olmamas\u0131n\u0131 dikkate alarak yaya \u00f6ncelikli bir proje geli\u015ftirdiklerini ifade eden Tok, \u201cAra sokaklar var, sokaklar dar. Bu sokaklar dar oldu\u011fu i\u00e7in tek y\u00f6n uygulamalar\u0131 yok, yayala\u015ft\u0131rma projesi yok. Biz m\u00fchendis arkada\u015flar\u0131m\u0131zla orada park etmi\u015f ara\u00e7lar\u0131 sayd\u0131rd\u0131k. Tam 376 tane ara\u00e7 park ediyor. Y\u00fczde 90\u2019\u0131 orada i\u015f yapan esnaf\u0131m\u0131z\u0131n ara\u00e7lar\u0131. Oraya vatanda\u015f\u0131n gelmesi gerekiyor. Arz etti\u011fimiz b\u00f6lgede 11 tane \u00f6zel otopark var. 12 tane taksi dura\u011f\u0131m\u0131z var. Bunlar da baz al\u0131narak bir \u00e7al\u0131\u015fma yapt\u0131k. Ama \u00f6ncelikle bu sorunun \u00e7\u00f6z\u00fcm\u00fc i\u00e7in sorun belli, vatanda\u015f\u0131m\u0131z oraya gelmiyor. Ne yapabiliriz de oraya vatanda\u015f\u0131n gelmesini sa\u011flayabiliriz? Yaya veya ara\u00e7la. Ama bizim i\u00e7in esas olan yaya\u201d ifadelerini kulland\u0131.\u00a0<br \/>\n\u00a0 Tok, ayr\u0131ca Tevfik S\u0131rr\u0131 G\u00fcr Anadolu Lisesi \u00f6n\u00fcndeki alana yap\u0131lacak olan kent meydan\u0131 ve alt\u0131na 400 ara\u00e7 kapasiteli otopark\u0131n ve parkomat uygulamas\u0131n\u0131n da k\u0131sa zaman i\u00e7erisinde hayata ge\u00e7ece\u011fini s\u00f6yledi.\u00a0<\/p>\n<p>\u0130HA<\/p>\n","protected":false},"excerpt":{"rendered":"<p>Mersin B\u00fcy\u00fck\u015fehir Belediyesince, kent merkezinin canland\u0131r\u0131lmas\u0131 ve kangren haline gelen trafik sorununun \u00e7\u00f6z\u00fclmesi i\u00e7in yeni projelerin hayata ge\u00e7irilece\u011fi bildirildi.\u00a0 \u00a0 \u00a0 Bu kapsamda, Mersin Esnaf ve Sanatlar Odalar\u0131 Birli\u011fi Toplant\u0131 Salonunda Mersin esnaf\u0131n\u0131 temsil eden bir\u00e7ok oda ba\u015fkan\u0131n\u0131n kat\u0131l\u0131m\u0131yla toplant\u0131 d\u00fczenlendi.\u00a0 \u00a0 Mersin \u00e7ar\u015f\u0131s\u0131 yeniden cazibe merkezi haline gelecek\u00a0 \u00a0 Toplant\u0131ya B\u00fcy\u00fck\u015fehir Belediyesi Genel Sekreter [&hellip;]<\/p>\n","protected":false},"author":2,"featured_media":0,"comment_status":"open","ping_status":"open","sticky":false,"template":"","format":"standard","meta":{"footnotes":""},"categories":[],"tags":[],"class_list":["post-5548","post","type-post","status-publish","format-standard","hentry"],"views":19,"_links":{"self":[{"href":"https:\/\/mersingazetesi.com\/index.php\/wp-json\/wp\/v2\/posts\/5548","targetHints":{"allow":["GET"]}}],"collection":[{"href":"https:\/\/mersingazetesi.com\/index.php\/wp-json\/wp\/v2\/posts"}],"about":[{"href":"https:\/\/mersingazetesi.com\/index.php\/wp-json\/wp\/v2\/types\/post"}],"author":[{"embeddable":true,"href":"https:\/\/mersingazetesi.com\/index.php\/wp-json\/wp\/v2\/users\/2"}],"replies":[{"embeddable":true,"href":"https:\/\/mersingazetesi.com\/index.php\/wp-json\/wp\/v2\/comments?post=5548"}],"version-history":[{"count":0,"href":"https:\/\/mersingazetesi.com\/index.php\/wp-json\/wp\/v2\/posts\/5548\/revisions"}],"wp:attachment":[{"href":"https:\/\/mersingazetesi.com\/index.php\/wp-json\/wp\/v2\/media?parent=5548"}],"wp:term":[{"taxonomy":"category","embeddable":true,"href":"https:\/\/mersingazetesi.com\/index.php\/wp-json\/wp\/v2\/categories?post=5548"},{"taxonomy":"post_tag","embeddable":true,"href":"https:\/\/mersingazetesi.com\/index.php\/wp-json\/wp\/v2\/tags?post=5548"}],"curies":[{"name":"wp","href":"https:\/\/api.w.org\/{rel}","templated":true}]}}