{"id":5541,"date":"2021-11-23T11:54:23","date_gmt":"2021-11-23T08:54:23","guid":{"rendered":"http:\/\/mersin.mesiad.org\/index.php\/2021\/11\/23\/ressam-kirdi-69uncu-kisisel-sergisini-mtsoda-acti\/"},"modified":"2021-11-23T11:54:23","modified_gmt":"2021-11-23T08:54:23","slug":"ressam-kirdi-69uncu-kisisel-sergisini-mtsoda-acti","status":"publish","type":"post","link":"https:\/\/mersingazetesi.com\/index.php\/2021\/11\/23\/ressam-kirdi-69uncu-kisisel-sergisini-mtsoda-acti\/","title":{"rendered":"Ressam K\u0131rd\u0131, 69\u2019uncu ki\u015fisel sergisini MTSO\u2019da a\u00e7t\u0131"},"content":{"rendered":"<p>\n\u00a0 MERS\u0130N (\u0130HA) \u2013 Suluboyan\u0131n usta ismi Hasan K\u0131rd\u0131, 69\u2019uncu ki\u015fisel sergisini Mersin Ticaret ve Sanayi Odas\u0131 (MTSO) Sanat Galerisinde a\u00e7t\u0131. Sergide, ressam\u0131n 22 eseri be\u011feniye sunuldu.\u00a0<br \/>\n\u00a0 Daha \u00f6nce MTSO Sanat Galerisinde d\u00f6rt kez sergi a\u00e7an Sanat\u00e7\u0131 Hasan K\u0131rd\u0131, kendi sanat tekni\u011fiyle haz\u0131rlad\u0131\u011f\u0131 22 eserini Mersinli sanatseverlerin be\u011fenisine sundu. Antalyal\u0131 ressam\u0131n sergi a\u00e7\u0131l\u0131\u015f\u0131na, MTSO E\u011fitim ve Kalk\u0131nma Vakf\u0131 Ba\u015fkan\u0131 Sad\u0131k \u00c7a\u011fatay G\u00fcne\u015f, MTSO Y\u00f6netim Kurulu \u00dcyesi Yal\u00e7\u0131n Dar\u0131c\u0131, Genel Sekreter Kadir D\u00f6lek ile \u00e7ok say\u0131da davetli kat\u0131ld\u0131.\u00a0<br \/>\n\u00a0<br \/>\n\u00a0 \u201cHer resmin bir hikayesi vard\u0131r\u201d\u00a0<br \/>\n\u00a0 Sergi a\u00e7\u0131l\u0131\u015f\u0131nda konu\u015fan K\u0131rd\u0131, k\u00fc\u00e7\u00fck ya\u015flarda ba\u015flad\u0131\u011f\u0131 resmi bug\u00fcne kadar tutkuyla yapt\u0131\u011f\u0131n\u0131 s\u00f6yledi. A\u011f\u0131rl\u0131kl\u0131 olarak, bal\u0131k\u00e7\u0131 bar\u0131naklar\u0131, k\u00f6y ve kasaba temalar\u0131 \u00fczerine \u00e7al\u0131\u015ft\u0131\u011f\u0131n\u0131 belirten K\u0131rd\u0131, \u201cHer resmin bir hikayesi vard\u0131r. Ben resimleri \u00f6nce yerinde inceliyor, foto\u011fraflar\u0131n\u0131 \u00e7ekiyor, akl\u0131mda hikayele\u015ftiriyor sonra da tuvale d\u00f6k\u00fcyorum\u201d dedi.\u00a0\u00a0<br \/>\n\u00a0 Suluboya \u00fczerine kendi geli\u015ftirdi\u011fi teknik ile \u00e7al\u0131\u015fmalar\u0131n\u0131 s\u00fcrd\u00fcrd\u00fc\u011f\u00fcn\u00fc vurgulayan K\u0131rd\u0131, bug\u00fcne kadar ulusal ve uluslararas\u0131 olmak \u00fczere 68 ki\u015fisel sergi a\u00e7t\u0131\u011f\u0131n\u0131 ifade etti. Antalya\u2019da kendi at\u00f6lyesinde \u00e7al\u0131\u015fmalar\u0131n\u0131 s\u00fcrd\u00fcrd\u00fc\u011f\u00fcn\u00fc ve \u00f6\u011frenciler yeti\u015ftirdi\u011fini anlatan K\u0131rd\u0131, \u201c\u0130ki \u00f6\u011frencim Tayvan\u2019da uluslararas\u0131 bir yar\u0131\u015fmada finale kald\u0131. Bu benim i\u00e7in gurur verici bir durum. Ayn\u0131 zamanda kulland\u0131\u011f\u0131m teknik bir\u00e7ok kurumun da dikkatini \u00e7ekti. Tekni\u011fimi, \u0130ngiltere Kraliyet Akademisinde ders olarak okutmak istiyorlar\u201d diye konu\u015ftu.\u00a0\u00a0<br \/>\n\u00a0<br \/>\n\u00a0 \u201cResim azim ve emek isteyen bir i\u015f\u201d\u00a0<br \/>\n\u00a0 Resmin yetenekten ziyade azim ve emek isteyen bir i\u015f oldu\u011funa dikkat \u00e7eken K\u0131rd\u0131, bu i\u015fe \u00e7ok d\u00fc\u015fk\u00fcn oldu\u011funu ve ne i\u015f yaparsa yaps\u0131n resim yapmay\u0131 b\u0131rakmad\u0131\u011f\u0131n\u0131 vurgulad\u0131. Son 22 y\u0131ld\u0131r profesyonel olarak resim yapt\u0131\u011f\u0131n\u0131 ve hayat\u0131n\u0131 resimlerden kazand\u0131\u011f\u0131n\u0131 s\u00f6yleyen K\u0131rd\u0131, suluboyan\u0131n yan\u0131 s\u0131ra duvar ve tavan resimleri de yapt\u0131\u011f\u0131n\u0131 dile getirdi. K\u0131rd\u0131, kendini geli\u015ftirmek i\u00e7in Fransa ve \u0130talya\u2019da da bulundu\u011funu bildirdi. Konferanslar\u0131n yan\u0131 s\u0131ra \u00f6zel gruplara dersler verdi\u011fini de s\u00f6yleyen K\u0131rd\u0131, e\u011fitimlerle birlikte kendini tamamen resme adad\u0131\u011f\u0131n\u0131 belirtti.\u00a0\u00a0<br \/>\n\u00a0 Mersin\u2019le ilk kez Ressam Do\u011fan Ak\u00e7a vesileyle tan\u0131\u015ft\u0131\u011f\u0131n\u0131 ve Ankara\u2019da Mersin\u2019i temsil etti\u011fini de an\u0131msatan K\u0131rd\u0131, MTSO Sanat Galerisinde d\u00f6rt kez sergi a\u00e7t\u0131\u011f\u0131n\u0131 ve yeniden sergi a\u00e7maktan mutluluk duydu\u011funu s\u00f6yledi.\u00a0<br \/>\n\u00a0 Sergi, 23 Ocak\u2019a kadar a\u00e7\u0131k kalacak.\u00a0<\/p>\n<p>\u0130HA<\/p>\n","protected":false},"excerpt":{"rendered":"<p>\u00a0 MERS\u0130N (\u0130HA) \u2013 Suluboyan\u0131n usta ismi Hasan K\u0131rd\u0131, 69\u2019uncu ki\u015fisel sergisini Mersin Ticaret ve Sanayi Odas\u0131 (MTSO) Sanat Galerisinde a\u00e7t\u0131. Sergide, ressam\u0131n 22 eseri be\u011feniye sunuldu.\u00a0 \u00a0 Daha \u00f6nce MTSO Sanat Galerisinde d\u00f6rt kez sergi a\u00e7an Sanat\u00e7\u0131 Hasan K\u0131rd\u0131, kendi sanat tekni\u011fiyle haz\u0131rlad\u0131\u011f\u0131 22 eserini Mersinli sanatseverlerin be\u011fenisine sundu. Antalyal\u0131 ressam\u0131n sergi a\u00e7\u0131l\u0131\u015f\u0131na, MTSO [&hellip;]<\/p>\n","protected":false},"author":2,"featured_media":0,"comment_status":"open","ping_status":"open","sticky":false,"template":"","format":"standard","meta":{"footnotes":""},"categories":[],"tags":[],"class_list":["post-5541","post","type-post","status-publish","format-standard","hentry"],"views":17,"_links":{"self":[{"href":"https:\/\/mersingazetesi.com\/index.php\/wp-json\/wp\/v2\/posts\/5541","targetHints":{"allow":["GET"]}}],"collection":[{"href":"https:\/\/mersingazetesi.com\/index.php\/wp-json\/wp\/v2\/posts"}],"about":[{"href":"https:\/\/mersingazetesi.com\/index.php\/wp-json\/wp\/v2\/types\/post"}],"author":[{"embeddable":true,"href":"https:\/\/mersingazetesi.com\/index.php\/wp-json\/wp\/v2\/users\/2"}],"replies":[{"embeddable":true,"href":"https:\/\/mersingazetesi.com\/index.php\/wp-json\/wp\/v2\/comments?post=5541"}],"version-history":[{"count":0,"href":"https:\/\/mersingazetesi.com\/index.php\/wp-json\/wp\/v2\/posts\/5541\/revisions"}],"wp:attachment":[{"href":"https:\/\/mersingazetesi.com\/index.php\/wp-json\/wp\/v2\/media?parent=5541"}],"wp:term":[{"taxonomy":"category","embeddable":true,"href":"https:\/\/mersingazetesi.com\/index.php\/wp-json\/wp\/v2\/categories?post=5541"},{"taxonomy":"post_tag","embeddable":true,"href":"https:\/\/mersingazetesi.com\/index.php\/wp-json\/wp\/v2\/tags?post=5541"}],"curies":[{"name":"wp","href":"https:\/\/api.w.org\/{rel}","templated":true}]}}