{"id":5533,"date":"2021-11-23T11:54:22","date_gmt":"2021-11-23T08:54:22","guid":{"rendered":"http:\/\/mersin.mesiad.org\/index.php\/2021\/11\/23\/asrin-projesinde-su-borulari-patladi\/"},"modified":"2021-11-23T11:54:22","modified_gmt":"2021-11-23T08:54:22","slug":"asrin-projesinde-su-borulari-patladi","status":"publish","type":"post","link":"https:\/\/mersingazetesi.com\/index.php\/2021\/11\/23\/asrin-projesinde-su-borulari-patladi\/","title":{"rendered":"Asr\u0131n Projesi\u2019nde su borular\u0131 patlad\u0131"},"content":{"rendered":"<p>T\u00fcrkiye\u2019den KKTC\u2019ye su ta\u015f\u0131yan boru hatt\u0131nda ar\u0131za meydana geldi.\u00a0<br \/>\nT\u00fcrkiye&#8217;den Kuzey K\u0131br\u0131s T\u00fcrk Cumhuriyeti\u2019ne (KKTC) su ta\u015f\u0131yan ve \u201cT\u00fcrkiye&#8217;den KKTC&#8217;ye Su Temin Projesi&#8221; olarak 2013\u2019te ba\u015flat\u0131l\u0131p 2015 y\u0131l\u0131nda tamamlanan boru hatt\u0131nda ar\u0131zalanma meydana geldi. Olaya ili\u015fkin a\u00e7\u0131klamalarda bulunan KKTC Tar\u0131m Bakan\u0131 Dursun O\u011fuz, \u201cT\u00fcrkiye Cumhuriyeti de konuya Devlet Su \u0130\u015fleri (DS\u0130) kanal\u0131yla konuya duyarl\u0131l\u0131k g\u00f6sterdi. Yapm\u0131\u015f oldu\u011fumuz g\u00f6r\u00fc\u015fmelerde ar\u0131zan\u0131n tahmini olabilecek yerlerde denizin alt\u0131nda kara ile ask\u0131ya ge\u00e7ti\u011fi yerde yakla\u015f\u0131k 250 metrelik derinlikte oldu\u011fu tahmin ediliyor. Bu da muhtemel denizin alt\u0131ndaki ak\u0131nt\u0131lardan dolay\u0131 olabilecek bir ar\u0131za durumu\u201d ifadelerini kulland\u0131.\u00a0<\/p>\n<p>Hen\u00fcz herhangi bir su kesintisinin beklenmedi\u011fini belirten O\u011fuz, \u201cSu kesintisi \u015fuan i\u00e7in kesinlikle \u00f6ng\u00f6rm\u00fcyoruz. B\u00f6yle bir durum yok kesinlikle. Sadece T\u00fcrkiye Cumhuriyeti\u2019nden KKTC\u2019ye gelen vanalar hatta sorun oldu\u011fu i\u00e7in kapat\u0131l\u0131yor ama KKTC\u2019de endi\u015fe edilecek bir durum yok. \u015eu an i\u00e7in de b\u00f6yle bir kesinti s\u00f6z konusu de\u011fil\u201d dedi.\u00a0<br \/>\nBakan O\u011fuz, bu tip ar\u0131zalar\u0131n beklenen olas\u0131l\u0131klar aras\u0131nda oldu\u011funa da vurgu yaparak, \u201cKKTC taraf\u0131na Ge\u00e7itk\u00f6y Baraj\u0131 yap\u0131ld\u0131. Ge\u00e7itk\u00f6y Baraj\u0131 b\u00f6yle bir durumda bir stok rezervi olarak kullan\u0131lmakta. \u015eu an barajda 20 milyon metrek\u00fcp suyumuz var yani bu da ge\u00e7en y\u0131lki verilere g\u00f6re \u00fclkemizin yakla\u015f\u0131k 10 ayl\u0131k su ihtiyac\u0131n\u0131 kar\u015f\u0131layacak durumda. Halk\u0131m\u0131z\u0131n endi\u015fe edecek bir durumu yok\u201d ifadelerini kulland\u0131.\u00a0<\/p>\n<p>Bakan O\u011fuz, meydana gelen ar\u0131zan\u0131n giderilmesi \u00fczerine gelen sorulara da T\u00fcrkiye yetkilileri ile yapm\u0131\u015f oldu\u011fu g\u00f6r\u00fc\u015fmede hava, deniz ve yap\u0131m \u015fartlar\u0131 uygun olursa, ar\u0131zan\u0131n 2 ay gibi bir s\u00fcrede tamir edilebilece\u011fini \u00f6\u011frendi\u011fini belirterek, \u201cDS\u0130 de bu konuda \u00e7ok bilgili tecr\u00fcbeli bir kurum biliyorsunuz. &#8216;D\u00fcnyada bir \u00fcn\u00fc var, gerekli hassasiyeti g\u00f6steriyorlar&#8217; dedi\u011fim gibi \u00f6zellikle KKTC a\u00e7\u0131s\u0131ndan suyun tedariki y\u00f6n\u00fcnden bir sorunumuz yok. \u015eu an da halk\u0131m\u0131z\u0131n herhangi bir endi\u015feye kap\u0131lmas\u0131na gerek yok\u201d dedi.\u00a0<br \/>\nProje yap\u0131ld\u0131ktan sonra ger\u00e7ekten T\u00fcrkiye Cumhuriyeti\u2019nden gelen sudan bir\u00e7ok b\u00f6lgenin su ald\u0131\u011f\u0131n\u0131 belirten O\u011fuz, gelen suyun ya\u015famlar\u0131n\u0131n bir par\u00e7as\u0131 haline geldi\u011fini ve bu sudan ge\u00e7en y\u0131l 28 milyon metrek\u00fcp su kulland\u0131klar\u0131n\u0131 kaydetti. Bakan O\u011fuz, \u201cGe\u00e7itk\u00f6y Baraj\u0131\u2019ndaki su rezervi 10 ay yeterli. Bu s\u00fcre i\u00e7erisinde s\u00fcre\u00e7 olarak da bu ar\u0131zan\u0131n giderilmesi ile ilgili bolca zaman var\u201d dedi.\u00a0<br \/>\n\u00d6te yandan O\u011fuz, bu sorunun projenin bertaraf olmu\u015f ya da \u00e7ok b\u00fcy\u00fck bir sorunmu\u015f gibi g\u00f6sterilmesine gerek olmad\u0131\u011f\u0131n\u0131n da alt\u0131n\u0131 \u00e7izdi. \u00a0(\u0130HA)\u00a0<\/p>\n<p>\u0130HA<\/p>\n","protected":false},"excerpt":{"rendered":"<p>T\u00fcrkiye\u2019den KKTC\u2019ye su ta\u015f\u0131yan boru hatt\u0131nda ar\u0131za meydana geldi.\u00a0 T\u00fcrkiye&#8217;den Kuzey K\u0131br\u0131s T\u00fcrk Cumhuriyeti\u2019ne (KKTC) su ta\u015f\u0131yan ve \u201cT\u00fcrkiye&#8217;den KKTC&#8217;ye Su Temin Projesi&#8221; olarak 2013\u2019te ba\u015flat\u0131l\u0131p 2015 y\u0131l\u0131nda tamamlanan boru hatt\u0131nda ar\u0131zalanma meydana geldi. Olaya ili\u015fkin a\u00e7\u0131klamalarda bulunan KKTC Tar\u0131m Bakan\u0131 Dursun O\u011fuz, \u201cT\u00fcrkiye Cumhuriyeti de konuya Devlet Su \u0130\u015fleri (DS\u0130) kanal\u0131yla konuya duyarl\u0131l\u0131k g\u00f6sterdi. [&hellip;]<\/p>\n","protected":false},"author":2,"featured_media":0,"comment_status":"open","ping_status":"open","sticky":false,"template":"","format":"standard","meta":{"footnotes":""},"categories":[],"tags":[],"class_list":["post-5533","post","type-post","status-publish","format-standard","hentry"],"views":23,"_links":{"self":[{"href":"https:\/\/mersingazetesi.com\/index.php\/wp-json\/wp\/v2\/posts\/5533","targetHints":{"allow":["GET"]}}],"collection":[{"href":"https:\/\/mersingazetesi.com\/index.php\/wp-json\/wp\/v2\/posts"}],"about":[{"href":"https:\/\/mersingazetesi.com\/index.php\/wp-json\/wp\/v2\/types\/post"}],"author":[{"embeddable":true,"href":"https:\/\/mersingazetesi.com\/index.php\/wp-json\/wp\/v2\/users\/2"}],"replies":[{"embeddable":true,"href":"https:\/\/mersingazetesi.com\/index.php\/wp-json\/wp\/v2\/comments?post=5533"}],"version-history":[{"count":0,"href":"https:\/\/mersingazetesi.com\/index.php\/wp-json\/wp\/v2\/posts\/5533\/revisions"}],"wp:attachment":[{"href":"https:\/\/mersingazetesi.com\/index.php\/wp-json\/wp\/v2\/media?parent=5533"}],"wp:term":[{"taxonomy":"category","embeddable":true,"href":"https:\/\/mersingazetesi.com\/index.php\/wp-json\/wp\/v2\/categories?post=5533"},{"taxonomy":"post_tag","embeddable":true,"href":"https:\/\/mersingazetesi.com\/index.php\/wp-json\/wp\/v2\/tags?post=5533"}],"curies":[{"name":"wp","href":"https:\/\/api.w.org\/{rel}","templated":true}]}}