{"id":5518,"date":"2021-11-23T11:54:22","date_gmt":"2021-11-23T08:54:22","guid":{"rendered":"http:\/\/mersin.mesiad.org\/index.php\/2021\/11\/23\/baskan-yilmaz-yaylalarda-kar-mesaisi-yapti\/"},"modified":"2021-11-23T11:54:22","modified_gmt":"2021-11-23T08:54:22","slug":"baskan-yilmaz-yaylalarda-kar-mesaisi-yapti","status":"publish","type":"post","link":"https:\/\/mersingazetesi.com\/index.php\/2021\/11\/23\/baskan-yilmaz-yaylalarda-kar-mesaisi-yapti\/","title":{"rendered":"Ba\u015fkan Y\u0131lmaz, yaylalarda kar mesaisi yapt\u0131"},"content":{"rendered":"<p>Toroslar Belediye Ba\u015fkan\u0131 Ats\u0131z Af\u015f\u0131n Y\u0131lmaz, kentte etkili olan kuvvetli sa\u011fanak ve y\u00fcksek kesimlerdeki kar ya\u011f\u0131\u015flar\u0131n\u0131n ard\u0131ndan il\u00e7e merkezinin yan\u0131 s\u0131ra yaylalarda da incelemelerde bulunarak, vatanda\u015flarla bir araya geldi.\u00a0<br \/>\n\u00a0 Ba\u015fkan Y\u0131lmaz, ya\u015fanan felaketin yo\u011fun kar ya\u011f\u0131\u015f\u0131n\u0131n oldu\u011fu yaylalarda vatanda\u015flar\u0131 ziyaret etti. Y\u0131lmaz, ya\u011f\u0131\u015flar\u0131n il\u00e7e genelinde ciddi hasarlara neden olmamas\u0131n\u0131n sevincini ya\u015fad\u0131klar\u0131n\u0131 belirtti.\u00a0<br \/>\n\u00a0 Yapt\u0131\u011f\u0131 mahalle ziyaretlerinde mahalle sakinleriyle sohbet ederek, evlerinin ihata duvar\u0131 ve bah\u00e7elerinde bir hasar olup olmad\u0131\u011f\u0131n\u0131 da soran Y\u0131lmaz, bu gibi durumla kar\u015f\u0131la\u015fan vatanda\u015flar\u0131n belediyeye ya da \u0130l Afet ve Acil Durum M\u00fcd\u00fcrl\u00fc\u011f\u00fcne (AFAD) ba\u015fvurabilecekleri bilgisini verdi.\u00a0<br \/>\n\u00a0<br \/>\n\u00a0 \u201cVatanda\u015f\u0131m\u0131z huzuru ve refah\u0131 i\u00e7in \u00e7al\u0131\u015f\u0131yoruz\u201d\u00a0<br \/>\n\u00a0 Y\u0131lmaz, ziyaretleri s\u0131ras\u0131nda yapt\u0131\u011f\u0131 a\u00e7\u0131klamada, \u201cK\u0131\u015f aylar\u0131n\u0131n ba\u015f\u0131ndan beri olu\u015fturdu\u011fumuz acil m\u00fcdahale ekibimiz, Mersin&#8217;de &#8216;k\u0131rm\u0131z\u0131 kod&#8217; alarm\u0131 verilmesiyle harekete ge\u00e7ti. Teknik birimlerimizden olu\u015fturdu\u011fumuz ekibimiz, bu s\u00fcre\u00e7te koordineli \u00e7al\u0131\u015farak vatanda\u015flar\u0131m\u0131z\u0131n taleplerine an\u0131nda m\u00fcdahale etti. \u0130l\u00e7emiz genelinde yol a\u00e7\u0131m\u0131, su tahliyesi ve temizli\u011fi yaparak en \u00f6nemlisi de kar ya\u011f\u0131\u015f\u0131n\u0131n etkili oldu\u011fu yaylalar\u0131m\u0131zda ma\u011fdur olan vatanda\u015flar\u0131m\u0131z\u0131n hastaneye ula\u015f\u0131m\u0131 konusunda ekibimizle b\u00fcy\u00fck bir sorumluluk \u00fcstlendik. Ayn\u0131 sorumlulukla vatanda\u015f\u0131m\u0131z\u0131n huzuru ve refah\u0131 i\u00e7in gece g\u00fcnd\u00fcz aral\u0131ks\u0131z \u00e7al\u0131\u015fmaya devam edece\u011fiz\u201d dedi.\u00a0<br \/>\n\u00a0 Kar kal\u0131nl\u0131\u011f\u0131n\u0131n yer yer 2,5 metreyi buldu\u011fu yaylalarda ekiplerin karla m\u00fccadele \u00e7al\u0131\u015fmalar\u0131n\u0131 da yak\u0131ndan takip eden Ba\u015fkan Y\u0131lmaz, yolda mahsur kalan vatanda\u015flar\u0131n kurtarma \u00e7al\u0131\u015fmalar\u0131na da e\u015flik etti.\u00a0<br \/>\n\u00a0 Toroslar Belediyesi karla m\u00fccadele ekipleri, kar ya\u011f\u0131\u015f\u0131n\u0131n etkili oldu\u011fu il\u00e7enin y\u00fcksek kesimlerindeki mahallelerin yol g\u00fczergahlar\u0131n\u0131n yan\u0131 s\u0131ra \u00f6zellikle okullar, otob\u00fcs duraklar\u0131 ve trafi\u011fin yo\u011fun olarak kullan\u0131ld\u0131\u011f\u0131 yerlerde de yol a\u00e7ma \u00e7al\u0131\u015fmalar\u0131na devam ettikleri bildirildi.\u00a0<\/p>\n<p>\u0130HA<\/p>\n","protected":false},"excerpt":{"rendered":"<p>Toroslar Belediye Ba\u015fkan\u0131 Ats\u0131z Af\u015f\u0131n Y\u0131lmaz, kentte etkili olan kuvvetli sa\u011fanak ve y\u00fcksek kesimlerdeki kar ya\u011f\u0131\u015flar\u0131n\u0131n ard\u0131ndan il\u00e7e merkezinin yan\u0131 s\u0131ra yaylalarda da incelemelerde bulunarak, vatanda\u015flarla bir araya geldi.\u00a0 \u00a0 Ba\u015fkan Y\u0131lmaz, ya\u015fanan felaketin yo\u011fun kar ya\u011f\u0131\u015f\u0131n\u0131n oldu\u011fu yaylalarda vatanda\u015flar\u0131 ziyaret etti. Y\u0131lmaz, ya\u011f\u0131\u015flar\u0131n il\u00e7e genelinde ciddi hasarlara neden olmamas\u0131n\u0131n sevincini ya\u015fad\u0131klar\u0131n\u0131 belirtti.\u00a0 \u00a0 Yapt\u0131\u011f\u0131 [&hellip;]<\/p>\n","protected":false},"author":2,"featured_media":0,"comment_status":"open","ping_status":"open","sticky":false,"template":"","format":"standard","meta":{"footnotes":""},"categories":[],"tags":[],"class_list":["post-5518","post","type-post","status-publish","format-standard","hentry"],"views":14,"_links":{"self":[{"href":"https:\/\/mersingazetesi.com\/index.php\/wp-json\/wp\/v2\/posts\/5518","targetHints":{"allow":["GET"]}}],"collection":[{"href":"https:\/\/mersingazetesi.com\/index.php\/wp-json\/wp\/v2\/posts"}],"about":[{"href":"https:\/\/mersingazetesi.com\/index.php\/wp-json\/wp\/v2\/types\/post"}],"author":[{"embeddable":true,"href":"https:\/\/mersingazetesi.com\/index.php\/wp-json\/wp\/v2\/users\/2"}],"replies":[{"embeddable":true,"href":"https:\/\/mersingazetesi.com\/index.php\/wp-json\/wp\/v2\/comments?post=5518"}],"version-history":[{"count":0,"href":"https:\/\/mersingazetesi.com\/index.php\/wp-json\/wp\/v2\/posts\/5518\/revisions"}],"wp:attachment":[{"href":"https:\/\/mersingazetesi.com\/index.php\/wp-json\/wp\/v2\/media?parent=5518"}],"wp:term":[{"taxonomy":"category","embeddable":true,"href":"https:\/\/mersingazetesi.com\/index.php\/wp-json\/wp\/v2\/categories?post=5518"},{"taxonomy":"post_tag","embeddable":true,"href":"https:\/\/mersingazetesi.com\/index.php\/wp-json\/wp\/v2\/tags?post=5518"}],"curies":[{"name":"wp","href":"https:\/\/api.w.org\/{rel}","templated":true}]}}