{"id":5455,"date":"2021-11-23T11:54:16","date_gmt":"2021-11-23T08:54:16","guid":{"rendered":"http:\/\/mersin.mesiad.org\/index.php\/2021\/11\/23\/mersinin-yuksek-kesimlerinde-kar-kalinligi-15-metreye-ulasti\/"},"modified":"2021-11-23T11:54:16","modified_gmt":"2021-11-23T08:54:16","slug":"mersinin-yuksek-kesimlerinde-kar-kalinligi-15-metreye-ulasti","status":"publish","type":"post","link":"https:\/\/mersingazetesi.com\/index.php\/2021\/11\/23\/mersinin-yuksek-kesimlerinde-kar-kalinligi-15-metreye-ulasti\/","title":{"rendered":"Mersin\u2019in y\u00fcksek kesimlerinde kar kal\u0131nl\u0131\u011f\u0131 1,5 metreye ula\u015ft\u0131"},"content":{"rendered":"<p>Mersin\u2019in Erdemli il\u00e7esinin y\u00fcksek kesimlerinde kar kal\u0131nl\u0131\u011f\u0131 yer yer 1,5 metreye ula\u015ft\u0131. Belediyeye ait ekipler 6 mahallede karla m\u00fccadele \u00e7al\u0131\u015fmas\u0131 y\u00fcr\u00fct\u00fcyor. \u00d6zellikle yaylalarda hayvanc\u0131l\u0131kla u\u011fra\u015fan Y\u00f6r\u00fcklerin yollar\u0131n\u0131n a\u00e7\u0131k tutulmas\u0131 i\u00e7in ekipler 24 saat haz\u0131r bekletiliyor.\u00a0 \u00a0<br \/>\n\u00a0 Erdemli Belediyesi ekipleri yer yer kar kal\u0131nl\u0131\u011f\u0131n\u0131n 1 ila 1,5 metreyi buldu\u011fu il\u00e7eye ba\u011fl\u0131 Elbeyli, G\u00fcneyli, Ya\u011fda, B\u00fcy\u00fck Sorgun, Harfilli ve Toros mahallelerinde karla m\u00fccadele \u00e7al\u0131\u015fmas\u0131 y\u00fcr\u00fct\u00fcyor. Haz\u0131r bekletilen ekiplerin an\u0131nda m\u00fcdahalesiyle yollar a\u00e7\u0131k tutuluyor. \u0130l\u00e7eye ba\u011fl\u0131 Toros Mahallesi&#8217;nde birka\u00e7 g\u00fcnd\u00fcr devam eden yo\u011fun kar ya\u011f\u0131\u015f\u0131 sebebiyle mahalle \u00e7ar\u015f\u0131s\u0131ndaki i\u015f yerleri adeta karlar alt\u0131nda kald\u0131. \u0130hbar \u00fczerine gelen ekipler, uzun u\u011fra\u015flar sonucu \u00e7ar\u015f\u0131 merkezini kardan temizledi.\u00a0<br \/>\n\u00a0 Erdemli Belediyesinden yap\u0131lan a\u00e7\u0131klamada, y\u00fcksek kesimlerde ana yollar ile meskun mahal yollar\u0131nda karla m\u00fccadele ekiplerinin haz\u0131r bekletildi\u011fi bildirildi. Belediye Ba\u015fkan\u0131 M\u00fckerrem Tollu, &#8220;\u0130l\u00e7emizin y\u00fcksek kesimlerinde yo\u011fun kar ya\u011f\u0131\u015f\u0131 etkili oldu. Y\u00fcksek kesimlerde ya\u015fayan, hayvanc\u0131l\u0131kla ge\u00e7imlerini sa\u011flayan Y\u00f6r\u00fcklerimizin yollar\u0131n\u0131n a\u00e7\u0131k olmas\u0131 i\u00e7in b\u00fcy\u00fck \u00e7aba sarf ediyoruz. Ekiplerimiz gelen ihbarlara an\u0131nda m\u00fcdahale ediyor&#8221; dedi.\u00a0<br \/>\n\u00a0 Y\u00fcksek kesimlerde kar ya\u011f\u0131\u015f\u0131n\u0131n bir g\u00fcn aradan sonra 2 g\u00fcn daha s\u00fcrece\u011fi tahmin ediliyor.\u00a0<\/p>\n<p>\u0130HA<\/p>\n","protected":false},"excerpt":{"rendered":"<p>Mersin\u2019in Erdemli il\u00e7esinin y\u00fcksek kesimlerinde kar kal\u0131nl\u0131\u011f\u0131 yer yer 1,5 metreye ula\u015ft\u0131. Belediyeye ait ekipler 6 mahallede karla m\u00fccadele \u00e7al\u0131\u015fmas\u0131 y\u00fcr\u00fct\u00fcyor. \u00d6zellikle yaylalarda hayvanc\u0131l\u0131kla u\u011fra\u015fan Y\u00f6r\u00fcklerin yollar\u0131n\u0131n a\u00e7\u0131k tutulmas\u0131 i\u00e7in ekipler 24 saat haz\u0131r bekletiliyor.\u00a0 \u00a0 \u00a0 Erdemli Belediyesi ekipleri yer yer kar kal\u0131nl\u0131\u011f\u0131n\u0131n 1 ila 1,5 metreyi buldu\u011fu il\u00e7eye ba\u011fl\u0131 Elbeyli, G\u00fcneyli, Ya\u011fda, B\u00fcy\u00fck [&hellip;]<\/p>\n","protected":false},"author":2,"featured_media":0,"comment_status":"open","ping_status":"open","sticky":false,"template":"","format":"standard","meta":{"footnotes":""},"categories":[],"tags":[],"class_list":["post-5455","post","type-post","status-publish","format-standard","hentry"],"views":23,"_links":{"self":[{"href":"https:\/\/mersingazetesi.com\/index.php\/wp-json\/wp\/v2\/posts\/5455","targetHints":{"allow":["GET"]}}],"collection":[{"href":"https:\/\/mersingazetesi.com\/index.php\/wp-json\/wp\/v2\/posts"}],"about":[{"href":"https:\/\/mersingazetesi.com\/index.php\/wp-json\/wp\/v2\/types\/post"}],"author":[{"embeddable":true,"href":"https:\/\/mersingazetesi.com\/index.php\/wp-json\/wp\/v2\/users\/2"}],"replies":[{"embeddable":true,"href":"https:\/\/mersingazetesi.com\/index.php\/wp-json\/wp\/v2\/comments?post=5455"}],"version-history":[{"count":0,"href":"https:\/\/mersingazetesi.com\/index.php\/wp-json\/wp\/v2\/posts\/5455\/revisions"}],"wp:attachment":[{"href":"https:\/\/mersingazetesi.com\/index.php\/wp-json\/wp\/v2\/media?parent=5455"}],"wp:term":[{"taxonomy":"category","embeddable":true,"href":"https:\/\/mersingazetesi.com\/index.php\/wp-json\/wp\/v2\/categories?post=5455"},{"taxonomy":"post_tag","embeddable":true,"href":"https:\/\/mersingazetesi.com\/index.php\/wp-json\/wp\/v2\/tags?post=5455"}],"curies":[{"name":"wp","href":"https:\/\/api.w.org\/{rel}","templated":true}]}}