{"id":5441,"date":"2021-11-23T11:54:16","date_gmt":"2021-11-23T08:54:16","guid":{"rendered":"http:\/\/mersin.mesiad.org\/index.php\/2021\/11\/23\/iskur-ogrencileri-is-hayatina-hazirliyor\/"},"modified":"2021-11-23T11:54:16","modified_gmt":"2021-11-23T08:54:16","slug":"iskur-ogrencileri-is-hayatina-hazirliyor","status":"publish","type":"post","link":"https:\/\/mersingazetesi.com\/index.php\/2021\/11\/23\/iskur-ogrencileri-is-hayatina-hazirliyor\/","title":{"rendered":"\u0130\u015eKUR, \u00f6\u011frencileri i\u015f hayat\u0131na haz\u0131rl\u0131yor"},"content":{"rendered":"<p>Mersin \u00c7al\u0131\u015fma ve \u0130\u015f Kurumu (\u0130\u015eKUR) \u0130\u015f Kul\u00fcb\u00fc, \u00fcniversite \u00f6\u011frencilerine y\u00f6nelik \u00e7al\u0131\u015fmalar\u0131na, \u00e7ocuk evlerinde kalan gen\u00e7lere verdi\u011fi i\u015f g\u00fcc\u00fc piyasas\u0131na haz\u0131rl\u0131k e\u011fitimleriyle devam ediyor.\u00a0 \u00a0<br \/>\n\u00a0 Mersin \u0130\u015eKUR \u0130l M\u00fcd\u00fcrl\u00fc\u011f\u00fc, Mersin \u00dcniversitesi Sosyal Bilimler Meslek Y\u00fcksekokulu&#8217;nda e\u011fitim g\u00f6ren \u00fcniversite \u00f6\u011frencilerine y\u00f6nelik e\u011fitimler d\u00fczenleniyor. Mersin \u0130\u015eKUR \u0130\u015f Kul\u00fcb\u00fc taraf\u0131ndan ger\u00e7ekle\u015ftirilen e\u011fitimlerle, gen\u00e7ler i\u015f g\u00fcc\u00fc piyasas\u0131na haz\u0131rlan\u0131yor. Bu kapsamda \u00f6\u011frencilere, \u00f6zge\u00e7mi\u015f haz\u0131rlama beden dili, imaj y\u00f6netimi, m\u00fclakat teknikleri, m\u00fclakat canland\u0131rmalar\u0131 konular\u0131nda uzmanlar taraf\u0131ndan \u00fccretsiz uygulamal\u0131 e\u011fitimler verildi.\u00a0<br \/>\n\u00a0 \u0130\u015f Kul\u00fcb\u00fcne ili\u015fkin bilgi veren \u0130\u015eKUR \u0130l M\u00fcd\u00fcr\u00fc Vekili Halil Bozkurt, i\u015fsizlikle m\u00fccadele \u00e7er\u00e7evesinde dezavantajl\u0131 gruplar\u0131n istihdama kat\u0131lmas\u0131 amac\u0131yla \u00e7al\u0131\u015fmalar yapt\u0131klar\u0131n\u0131 bildirdi. \u0130\u015f Kul\u00fcb\u00fcn\u00fcn \u00e7al\u0131\u015fmalar\u0131yla i\u015f arayanlara yol g\u00f6sterdi\u011fini, kad\u0131nlar\u0131n, engellilerin, i\u015f g\u00fcc\u00fc piyasas\u0131ndan uzak kalm\u0131\u015f vatanda\u015flar\u0131n, gen\u00e7lerin i\u015fe giri\u015flerinin \u00f6n\u00fcndeki engelleri kald\u0131rmak \u00fczere ki\u015fiye \u00f6zg\u00fc \u00e7\u00f6z\u00fcmler sundu\u011funu belirten Bozkurt, b\u00f6ylece kat\u0131l\u0131mc\u0131lar\u0131n i\u015f hayat\u0131na bir ad\u0131m \u00f6nde haz\u0131rland\u0131\u011f\u0131n\u0131 ifade etti. Bozkurt, \u00fcniversite \u00f6\u011frencisi gen\u00e7lere y\u00f6nelik desteklerinin kurum olarak artarak devam edece\u011fini kaydetti.\u00a0<br \/>\n\u00a0 Mersin \u00dcniversitesi Sosyal Bilimler Meslek Y\u00fcksekokulu M\u00fcd\u00fcr\u00fc Cemal Altan, \u00f6\u011frencilerin i\u015f hayat\u0131na haz\u0131rlanmas\u0131 noktas\u0131nda \u0130\u015eKUR\u2019un hizmetlerini \u00e7ok de\u011ferli bulduklar\u0131n\u0131, \u00f6\u011frencilerin i\u015f hayat\u0131na haz\u0131rlanmas\u0131na destek olmak amac\u0131yla \u0130\u015eKUR ile i\u015fbirliklerinin s\u00fcrece\u011fini s\u00f6yledi.\u00a0<\/p>\n<p>\u0130HA<\/p>\n","protected":false},"excerpt":{"rendered":"<p>Mersin \u00c7al\u0131\u015fma ve \u0130\u015f Kurumu (\u0130\u015eKUR) \u0130\u015f Kul\u00fcb\u00fc, \u00fcniversite \u00f6\u011frencilerine y\u00f6nelik \u00e7al\u0131\u015fmalar\u0131na, \u00e7ocuk evlerinde kalan gen\u00e7lere verdi\u011fi i\u015f g\u00fcc\u00fc piyasas\u0131na haz\u0131rl\u0131k e\u011fitimleriyle devam ediyor.\u00a0 \u00a0 \u00a0 Mersin \u0130\u015eKUR \u0130l M\u00fcd\u00fcrl\u00fc\u011f\u00fc, Mersin \u00dcniversitesi Sosyal Bilimler Meslek Y\u00fcksekokulu&#8217;nda e\u011fitim g\u00f6ren \u00fcniversite \u00f6\u011frencilerine y\u00f6nelik e\u011fitimler d\u00fczenleniyor. Mersin \u0130\u015eKUR \u0130\u015f Kul\u00fcb\u00fc taraf\u0131ndan ger\u00e7ekle\u015ftirilen e\u011fitimlerle, gen\u00e7ler i\u015f g\u00fcc\u00fc piyasas\u0131na haz\u0131rlan\u0131yor. [&hellip;]<\/p>\n","protected":false},"author":2,"featured_media":0,"comment_status":"open","ping_status":"open","sticky":false,"template":"","format":"standard","meta":{"footnotes":""},"categories":[],"tags":[],"class_list":["post-5441","post","type-post","status-publish","format-standard","hentry"],"views":15,"_links":{"self":[{"href":"https:\/\/mersingazetesi.com\/index.php\/wp-json\/wp\/v2\/posts\/5441","targetHints":{"allow":["GET"]}}],"collection":[{"href":"https:\/\/mersingazetesi.com\/index.php\/wp-json\/wp\/v2\/posts"}],"about":[{"href":"https:\/\/mersingazetesi.com\/index.php\/wp-json\/wp\/v2\/types\/post"}],"author":[{"embeddable":true,"href":"https:\/\/mersingazetesi.com\/index.php\/wp-json\/wp\/v2\/users\/2"}],"replies":[{"embeddable":true,"href":"https:\/\/mersingazetesi.com\/index.php\/wp-json\/wp\/v2\/comments?post=5441"}],"version-history":[{"count":0,"href":"https:\/\/mersingazetesi.com\/index.php\/wp-json\/wp\/v2\/posts\/5441\/revisions"}],"wp:attachment":[{"href":"https:\/\/mersingazetesi.com\/index.php\/wp-json\/wp\/v2\/media?parent=5441"}],"wp:term":[{"taxonomy":"category","embeddable":true,"href":"https:\/\/mersingazetesi.com\/index.php\/wp-json\/wp\/v2\/categories?post=5441"},{"taxonomy":"post_tag","embeddable":true,"href":"https:\/\/mersingazetesi.com\/index.php\/wp-json\/wp\/v2\/tags?post=5441"}],"curies":[{"name":"wp","href":"https:\/\/api.w.org\/{rel}","templated":true}]}}