{"id":5393,"date":"2021-11-23T11:54:13","date_gmt":"2021-11-23T08:54:13","guid":{"rendered":"http:\/\/mersin.mesiad.org\/index.php\/2021\/11\/23\/sanata-ayip\/"},"modified":"2021-11-23T11:54:13","modified_gmt":"2021-11-23T08:54:13","slug":"sanata-ayip","status":"publish","type":"post","link":"https:\/\/mersingazetesi.com\/index.php\/2021\/11\/23\/sanata-ayip\/","title":{"rendered":"Sanata Ay\u0131p..!"},"content":{"rendered":"<p><span style=\"line-height: 1.6em;\">Mersin \u00dcniversitesi G\u00fczel Sanatlar Fak\u00fcltesi \u00f6\u011frencilerinin vatanda\u015flar\u0131 sanat ile i\u00e7 i\u00e7e hayata ge\u00e7irebilmek i\u00e7in yapt\u0131klar\u0131 projeleri M\u00fcft\u00fc K\u00f6pr\u00fcs\u00fc alt\u0131nda sergileyerek sundu. Yap\u0131lan sergi Mersinliler taraf\u0131ndan be\u011fenilirken k\u00f6pr\u00fc alt\u0131n\u0131n kirlili\u011fi ve k\u00f6t\u00fc kokusu b\u00fcy\u00fck tepki ald\u0131.<\/span><\/p>\n<p>&#8220;BELED\u0130YE UMURSAMIYOR!&#8221;<\/p>\n<p>Farkl\u0131 \u00e7al\u0131\u015fmalarla vatanda\u015flar\u0131n ilgisini \u00e7eken sergi g\u00fcn boyunca sanatseverler taraftan ilgi ile izlendi. K\u00f6t\u00fc koku ve \u00e7irkin g\u00f6r\u00fcnt\u00fc sebebi ile bir\u00e7ok kez buralar\u0131n temizlenmesi ve boyanmas\u0131 gerekti\u011fini bildirdiklerini belirten vatanda\u015flar, &#8220;Y\u0131llard\u0131r her sene burada sergi a\u00e7\u0131l\u0131yor. Mersin \u00dcniversitesi \u00f6\u011frencileri sergi \u00f6ncesinde ya da sonras\u0131nda detayl\u0131 bir temizlik \u00e7al\u0131\u015fmas\u0131 yap\u0131lm\u0131yor. Buras\u0131 y\u00fcr\u00fcy\u00fc\u015f yapan vatanda\u015flar taraf\u0131ndan s\u00fcrekli kullan\u0131lan bir alan ama yar\u0131m yap\u0131lan bir y\u00fcr\u00fcy\u00fc\u015f yolu kar\u015f\u0131m\u0131zda ancak hemen ard\u0131ndan da toprak yol \u00e7\u0131k\u0131yor. Belediye umursamaz bir \u015fekilde buray\u0131 d\u00fczenlemiyor.&#8221; diyerek tepki g\u00f6sterdi.<\/p>\n<p>&#8220;Vatanda\u015fa Kazand\u0131r\u0131lmal\u0131&#8221;<\/p>\n<p>M\u00fcft\u00fc K\u00f6pr\u00fcs\u00fc alt\u0131n\u0131n Mersinliler taraf\u0131ndan y\u00fcr\u00fcy\u00fc\u015f yolu olarak aktif \u015fekilde kullan\u0131lmas\u0131 i\u00e7in bak\u0131m\u0131n\u0131n gerekti\u011fini s\u00f6yleyen vatanda\u015flar, &#8220;Buran\u0131n s\u00fcrekli olarak temizlenmesi gerekiyor. \u0130nsanlar y\u00fcr\u00fcy\u00fc\u015f yaparken korkmak zorunda kal\u0131yor \u0131\u015f\u0131k yok ve g\u00fcvenilir de\u011fil. Pis kokuyor. Belediyenin buralar\u0131 acilen temizleyip d\u00fczenleyerek vatanda\u015fa kazand\u0131r\u0131lmas\u0131 gerekiyor.&#8221; diye konu\u015ftu.<\/p>\n<p>NURDANE KARAKU\u015e<\/p>\n","protected":false},"excerpt":{"rendered":"<p>Mersin \u00dcniversitesi G\u00fczel Sanatlar Fak\u00fcltesi \u00f6\u011frencilerinin vatanda\u015flar\u0131 sanat ile i\u00e7 i\u00e7e hayata ge\u00e7irebilmek i\u00e7in yapt\u0131klar\u0131 projeleri M\u00fcft\u00fc K\u00f6pr\u00fcs\u00fc alt\u0131nda sergileyerek sundu. Yap\u0131lan sergi Mersinliler taraf\u0131ndan be\u011fenilirken k\u00f6pr\u00fc alt\u0131n\u0131n kirlili\u011fi ve k\u00f6t\u00fc kokusu b\u00fcy\u00fck tepki ald\u0131. &#8220;BELED\u0130YE UMURSAMIYOR!&#8221; Farkl\u0131 \u00e7al\u0131\u015fmalarla vatanda\u015flar\u0131n ilgisini \u00e7eken sergi g\u00fcn boyunca sanatseverler taraftan ilgi ile izlendi. K\u00f6t\u00fc koku ve \u00e7irkin g\u00f6r\u00fcnt\u00fc [&hellip;]<\/p>\n","protected":false},"author":2,"featured_media":0,"comment_status":"open","ping_status":"open","sticky":false,"template":"","format":"standard","meta":{"footnotes":""},"categories":[],"tags":[],"class_list":["post-5393","post","type-post","status-publish","format-standard","hentry"],"views":19,"_links":{"self":[{"href":"https:\/\/mersingazetesi.com\/index.php\/wp-json\/wp\/v2\/posts\/5393","targetHints":{"allow":["GET"]}}],"collection":[{"href":"https:\/\/mersingazetesi.com\/index.php\/wp-json\/wp\/v2\/posts"}],"about":[{"href":"https:\/\/mersingazetesi.com\/index.php\/wp-json\/wp\/v2\/types\/post"}],"author":[{"embeddable":true,"href":"https:\/\/mersingazetesi.com\/index.php\/wp-json\/wp\/v2\/users\/2"}],"replies":[{"embeddable":true,"href":"https:\/\/mersingazetesi.com\/index.php\/wp-json\/wp\/v2\/comments?post=5393"}],"version-history":[{"count":0,"href":"https:\/\/mersingazetesi.com\/index.php\/wp-json\/wp\/v2\/posts\/5393\/revisions"}],"wp:attachment":[{"href":"https:\/\/mersingazetesi.com\/index.php\/wp-json\/wp\/v2\/media?parent=5393"}],"wp:term":[{"taxonomy":"category","embeddable":true,"href":"https:\/\/mersingazetesi.com\/index.php\/wp-json\/wp\/v2\/categories?post=5393"},{"taxonomy":"post_tag","embeddable":true,"href":"https:\/\/mersingazetesi.com\/index.php\/wp-json\/wp\/v2\/tags?post=5393"}],"curies":[{"name":"wp","href":"https:\/\/api.w.org\/{rel}","templated":true}]}}