{"id":5387,"date":"2021-11-23T11:54:13","date_gmt":"2021-11-23T08:54:13","guid":{"rendered":"http:\/\/mersin.mesiad.org\/index.php\/2021\/11\/23\/mersin-2020yi-isil-isil-karlisayacak\/"},"modified":"2021-11-23T11:54:13","modified_gmt":"2021-11-23T08:54:13","slug":"mersin-2020yi-isil-isil-karlisayacak","status":"publish","type":"post","link":"https:\/\/mersingazetesi.com\/index.php\/2021\/11\/23\/mersin-2020yi-isil-isil-karlisayacak\/","title":{"rendered":"Mersin, 2020&#8217;yi \u0131\u015f\u0131l \u0131\u015f\u0131l karl\u0131\u015fayacak"},"content":{"rendered":"<p>Mersin B\u00fcy\u00fck\u015fehir Belediyesi, yeni y\u0131l haz\u0131rl\u0131klar\u0131 kapsam\u0131nda, \u00d6zgecan Aslan Bar\u0131\u015f Meydan\u0131\u2019ndaki \u0131\u015f\u0131kland\u0131rma \u00e7al\u0131\u015fmas\u0131yla vatanda\u015flara g\u00f6rsel bir \u015f\u00f6len haz\u0131rlayarak,, canl\u0131 m\u00fczik gruplar\u0131, sanat\u00e7\u0131lar ve DJ performans\u0131yla Mersinlilere e\u011flenceli bir y\u0131lba\u015f\u0131 gecesi ya\u015fatacak.\u00a0 \u00a0<br \/>\n\u00a0 B\u00fcy\u00fck\u015fehir Belediyesi, Mersinliler\u2019in 2020 y\u0131l\u0131n\u0131 co\u015fku ile kar\u015f\u0131lamas\u0131 i\u00e7in dopdolu bir program haz\u0131rlad\u0131. B\u00fcy\u00fck\u015fehir Belediyesi, y\u0131lba\u015f\u0131 ak\u015fam\u0131 Mersinlilere alternatif etkinlikler sunuyor. \u00d6zgecan Aslan Bar\u0131\u015f Meydan\u0131\u2019nda yap\u0131lacak etkinliklerde, rock m\u00fczik severler i\u00e7in Grup Zor Rock, \u00f6zg\u00fcn m\u00fczik severler i\u00e7in \u00d6zg\u00fcn Sanat At\u00f6lyesi Grubu\u2019nun yan\u0131 s\u0131ra Grup Plastic, sanat\u00e7\u0131lar G\u00fclden Vurandemir ve Ezgi T\u00fcrko\u011flu performanslar\u0131n\u0131 sergileyecek. Saat 19.00 ile gece 02.00 aras\u0131 devam edecek m\u00fczik co\u015fkusuna DJ performans\u0131 da e\u015flik edecek.\u00a0<br \/>\n\u00a0 Varillerde ate\u015f yak\u0131larak, patlam\u0131\u015f m\u0131s\u0131r ikram\u0131 ile yeni y\u0131l ruhunu kentte hissettirecek olan B\u00fcy\u00fck\u015fehir Belediyesi, saatler 00.00\u2019\u0131 vurdu\u011funda havai fi\u015fek g\u00f6sterisiyle kenti \u0131\u015f\u0131ldatacak.\u00a0<br \/>\n\u00a0 &#8216;1 ekmek 1 \u00e7orba&#8217; projesiyle kentin farkl\u0131 noktalar\u0131nda g\u00fcnl\u00fck ortalama 3 bin vatanda\u015fa ula\u015fan B\u00fcy\u00fck\u015fehir Belediyesi, yeni y\u0131lda da saat 23.00-01.00 aras\u0131nda, etkinli\u011fe kat\u0131lanlara \u00e7orba ikram\u0131nda bulunacak. Y\u0131lba\u015f\u0131n\u0131 birlikte kutlayan Mersinliler, yeni y\u0131l i\u00e7in tutacaklar\u0131 dilekleri, dilek balonlar\u0131yla g\u00f6\u011fe g\u00f6nderecek.\u00a0<\/p>\n<p>\u0130HA<\/p>\n","protected":false},"excerpt":{"rendered":"<p>Mersin B\u00fcy\u00fck\u015fehir Belediyesi, yeni y\u0131l haz\u0131rl\u0131klar\u0131 kapsam\u0131nda, \u00d6zgecan Aslan Bar\u0131\u015f Meydan\u0131\u2019ndaki \u0131\u015f\u0131kland\u0131rma \u00e7al\u0131\u015fmas\u0131yla vatanda\u015flara g\u00f6rsel bir \u015f\u00f6len haz\u0131rlayarak,, canl\u0131 m\u00fczik gruplar\u0131, sanat\u00e7\u0131lar ve DJ performans\u0131yla Mersinlilere e\u011flenceli bir y\u0131lba\u015f\u0131 gecesi ya\u015fatacak.\u00a0 \u00a0 \u00a0 B\u00fcy\u00fck\u015fehir Belediyesi, Mersinliler\u2019in 2020 y\u0131l\u0131n\u0131 co\u015fku ile kar\u015f\u0131lamas\u0131 i\u00e7in dopdolu bir program haz\u0131rlad\u0131. B\u00fcy\u00fck\u015fehir Belediyesi, y\u0131lba\u015f\u0131 ak\u015fam\u0131 Mersinlilere alternatif etkinlikler sunuyor. \u00d6zgecan [&hellip;]<\/p>\n","protected":false},"author":2,"featured_media":0,"comment_status":"open","ping_status":"open","sticky":false,"template":"","format":"standard","meta":{"footnotes":""},"categories":[],"tags":[],"class_list":["post-5387","post","type-post","status-publish","format-standard","hentry"],"views":22,"_links":{"self":[{"href":"https:\/\/mersingazetesi.com\/index.php\/wp-json\/wp\/v2\/posts\/5387","targetHints":{"allow":["GET"]}}],"collection":[{"href":"https:\/\/mersingazetesi.com\/index.php\/wp-json\/wp\/v2\/posts"}],"about":[{"href":"https:\/\/mersingazetesi.com\/index.php\/wp-json\/wp\/v2\/types\/post"}],"author":[{"embeddable":true,"href":"https:\/\/mersingazetesi.com\/index.php\/wp-json\/wp\/v2\/users\/2"}],"replies":[{"embeddable":true,"href":"https:\/\/mersingazetesi.com\/index.php\/wp-json\/wp\/v2\/comments?post=5387"}],"version-history":[{"count":0,"href":"https:\/\/mersingazetesi.com\/index.php\/wp-json\/wp\/v2\/posts\/5387\/revisions"}],"wp:attachment":[{"href":"https:\/\/mersingazetesi.com\/index.php\/wp-json\/wp\/v2\/media?parent=5387"}],"wp:term":[{"taxonomy":"category","embeddable":true,"href":"https:\/\/mersingazetesi.com\/index.php\/wp-json\/wp\/v2\/categories?post=5387"},{"taxonomy":"post_tag","embeddable":true,"href":"https:\/\/mersingazetesi.com\/index.php\/wp-json\/wp\/v2\/tags?post=5387"}],"curies":[{"name":"wp","href":"https:\/\/api.w.org\/{rel}","templated":true}]}}