{"id":53817,"date":"2023-07-06T15:49:56","date_gmt":"2023-07-06T12:49:56","guid":{"rendered":"http:\/\/mersingazetesi.com\/?p=53817"},"modified":"2023-07-06T15:53:45","modified_gmt":"2023-07-06T12:53:45","slug":"maalesef-ilk-6-aydan-sonra-emzirme-oranlari-yuzde-6lara-kadar-dusuyor","status":"publish","type":"post","link":"https:\/\/mersingazetesi.com\/index.php\/2023\/07\/06\/maalesef-ilk-6-aydan-sonra-emzirme-oranlari-yuzde-6lara-kadar-dusuyor\/","title":{"rendered":"\u2018Maalesef ilk 6 aydan sonra emzirme oranlar\u0131 y\u00fczde 6&#8217;lara kadar d\u00fc\u015f\u00fcyor\u2019"},"content":{"rendered":"<div dir=\"ltr\">\n<div dir=\"ltr\">Prof. Dr. \u015eanl\u0131ay \u015eahin, anne s\u00fct\u00fcn\u00fcn hem anneye hem de bebe\u011fe \u00e7ok faydal\u0131 oldu\u011funu belirterek, &#8220;Anne s\u00fct\u00fc her y\u0131l yakla\u015f\u0131k 1,5 milyon bebe\u011fin \u00f6l\u00fcm\u00fcn\u00fc \u00f6nl\u00fcyor. \u0130lk 6 ay sadece anne s\u00fct\u00fcn\u00fc \u00f6neriyoruz. Anne s\u00fct\u00fc ilk 6 ay bebe\u011fin ihtiyac\u0131n\u0131n y\u00fczde 100&#8217;\u00fcn\u00fc kar\u015f\u0131l\u0131yor. Maalesef ilk 6 aydan sonra emzirme oranlar\u0131 y\u00fczde 6&#8217;lara kadar d\u00fc\u015f\u00fcyor&#8221; dedi.<\/div>\n<div dir=\"ltr\"><\/div>\n<div dir=\"ltr\">Anne s\u00fct\u00fcn\u00fcn faydalar\u0131yla ilgili a\u00e7\u0131klamalarda bulunan Mersin \u015eehir E\u011fitim ve Ara\u015ft\u0131rma Hastanesi \u00c7ocuk Sa\u011fl\u0131\u011f\u0131 ve Hastal\u0131klar\u0131 Anabilim Dal\u0131 e\u011fitim g\u00f6revlisi Prof. Dr. \u015eanl\u0131ay \u015eahin, anne s\u00fct\u00fcn\u00fcn faydalar\u0131n\u0131n saymakla bitmeyece\u011fini s\u00f6yledi. Bu s\u00fct\u00fcn en \u00f6nemli \u00f6zelli\u011finin canl\u0131 bir s\u0131v\u0131 olmas\u0131 oldu\u011funu vurgulayan \u015eahin, \u201c\u0130deal bir besin. Olumlu etkilerini ya\u015fam boyu g\u00f6r\u00fcyoruz. Her \u00e7ocu\u011fun en do\u011fal hakk\u0131. Bir kere \u00e7ocu\u011fun ya\u015fama \u015fans\u0131n\u0131 art\u0131r\u0131yor. Biliyoruz ki biz anne s\u00fct\u00fc her y\u0131l yakla\u015f\u0131k 1,5 milyon bebe\u011fin \u00f6l\u00fcm\u00fcn\u00fc \u00f6nl\u00fcyor. Bu nedenle de \u00e7ok ciddi \u00f6nerilerimiz var. \u0130lk 6 ay sadece anne s\u00fct\u00fcn\u00fc \u00f6neriyoruz. 2 y\u0131l \u00f6tesine kadar anne s\u00fct\u00fcyle beslenmenin devam\u0131n\u0131 \u00f6neriyoruz. Tabi T\u00fcrkiye N\u00fcfus Sa\u011fl\u0131k Ara\u015ft\u0131rmas\u0131na bakt\u0131\u011f\u0131m\u0131z zaman 6\u2019\u0131nc\u0131 aydan sonra anne s\u00fct\u00fcyle beslenme oranlar\u0131n\u0131n ciddi oranda d\u00fc\u015ft\u00fc\u011f\u00fcn\u00fc g\u00f6r\u00fcyoruz. Ger\u00e7ekten T\u00fcrkiye olarak beklenen seviyenin \u00e7ok alt\u0131nday\u0131z. Biliyoruz ki ilk 6 ayda anne s\u00fct\u00fc bebe\u011fin ihtiyac\u0131n\u0131n y\u00fczde 100\u2019\u00fcn\u00fc kar\u015f\u0131l\u0131yor. \u00c7ocuklara bu d\u00f6nemde su bile vermeye gerek yok. Sonras\u0131nda ek g\u0131dalara ge\u00e7ildik\u00e7e anne s\u00fct\u00fc y\u00fczde 50\u2019sini kar\u015f\u0131lamaya ba\u015fl\u0131yor. 1\u2019inci ya\u015f\u0131ndan itibaren de anne s\u00fct\u00fc 3\u2019de 1\u2019i kar\u015f\u0131lamaya ba\u015fl\u0131yor. Zaten bebek art\u0131k ek g\u0131dalarla beslenmeye ba\u015flam\u0131\u015f oluyor&#8221; diye konu\u015ftu.<\/div>\n<div dir=\"ltr\"><\/div>\n<div dir=\"ltr\">&#8220;\u0130lk 6 aydan sonra emzirme oranlar\u0131 y\u00fczde 6&#8217;lara kadar d\u00fc\u015f\u00fcyor&#8221;<\/div>\n<div dir=\"ltr\"><\/div>\n<div dir=\"ltr\">Anne s\u00fct\u00fcn\u00fcn hem bebek hem de ebeveyn i\u00e7in \u00e7ok faydal\u0131 oldu\u011funun alt\u0131n\u0131n \u00e7izen \u015eanl\u0131ay, &#8220;Tabi sadece beslenme a\u00e7\u0131s\u0131ndan de\u011fil ba\u011f\u0131\u015f\u0131kl\u0131k sistemi \u00fczerinde, geli\u015fimsel anlamda, psikolojik anlamda, anne-bebek ba\u011flanmas\u0131 anlam\u0131nda hatta ekonomik anlamda da \u00e7ok ciddi faydalar\u0131 mevcut. Her zaman temiz, \u0131s\u0131s\u0131 ideal, bebe\u011fin ihtiyac\u0131na uygun. \u00d6yle bir \u00f6zelli\u011fi var ki birde anne s\u00fct\u00fc bebe\u011fin b\u00fcy\u00fcmesine g\u00f6re de ona uygun \u015fekil de\u011fi\u015ftirmektedir. Kolay hazmedilebilir, biyo yararl\u0131l\u0131\u011f\u0131 \u00e7ok y\u00fcksektir ve hastal\u0131klara kar\u015f\u0131 da \u00e7ok ciddi koruyuculuk sa\u011flar. Anne s\u00fct\u00fc bebe\u011fi pi\u015fi\u011fe kar\u015f\u0131 bile korumaktad\u0131r. Ayn\u0131 zamanda da sonras\u0131nda ek g\u0131dalara ge\u00e7en \u00e7ocuklarda da tat ve k\u0131vama al\u0131\u015fmalar\u0131nda anne s\u00fct\u00fcyle beslenen bebeklerde daha kolay oldu\u011funu biliyoruz. Refl\u00fc ve kab\u0131zl\u0131k gibi problemlerin ya\u015fanmad\u0131\u011f\u0131n\u0131 biliyoruz. Ayn\u0131 zamanda kanserden koruyucu etkileri var. A\u011fr\u0131 kesici \u00f6zelli\u011fi var. Bu bebeklerin zeka anlam\u0131nda da iyi geli\u015fiyorlar. Ger\u00e7ekten anne s\u00fct\u00fc \u00e7ok \u00f6nemli. Anne i\u00e7inde bir\u00e7ok \u00f6nemli faydalar\u0131 var. Sa\u011fl\u0131kl\u0131 nesiller anne s\u00fct\u00fcyle yeti\u015febilir. \u0130lk 6 aydan sonra emzirme oranlar\u0131 y\u00fczde 6\u2019lara kadar d\u00fc\u015f\u00fcyor. Maalesef istenilen seviyede de\u011filiz. Bizler hem bebek hem de anne dostuyuz. Bu y\u00fczden herkese anne s\u00fct\u00fcn\u00fc \u00f6neriyoruz&#8221; \u015feklinde konu\u015ftu. \u00a0(\u0130HA)<\/div>\n<\/div>\n<div><\/div>\n","protected":false},"excerpt":{"rendered":"<p>Prof. Dr. \u015eanl\u0131ay \u015eahin, anne s\u00fct\u00fcn\u00fcn hem anneye hem de bebe\u011fe \u00e7ok faydal\u0131 oldu\u011funu belirterek, &#8220;Anne s\u00fct\u00fc her y\u0131l yakla\u015f\u0131k 1,5 milyon bebe\u011fin \u00f6l\u00fcm\u00fcn\u00fc \u00f6nl\u00fcyor. \u0130lk 6 ay sadece anne s\u00fct\u00fcn\u00fc \u00f6neriyoruz. Anne s\u00fct\u00fc ilk 6 ay bebe\u011fin ihtiyac\u0131n\u0131n y\u00fczde 100&#8217;\u00fcn\u00fc kar\u015f\u0131l\u0131yor. Maalesef ilk 6 aydan sonra emzirme oranlar\u0131 y\u00fczde 6&#8217;lara kadar d\u00fc\u015f\u00fcyor&#8221; dedi. Anne [&hellip;]<\/p>\n","protected":false},"author":2,"featured_media":53826,"comment_status":"open","ping_status":"open","sticky":false,"template":"","format":"standard","meta":{"footnotes":""},"categories":[2,5],"tags":[],"class_list":["post-53817","post","type-post","status-publish","format-standard","has-post-thumbnail","hentry","category-kadin","category-saglik"],"views":37,"_links":{"self":[{"href":"https:\/\/mersingazetesi.com\/index.php\/wp-json\/wp\/v2\/posts\/53817","targetHints":{"allow":["GET"]}}],"collection":[{"href":"https:\/\/mersingazetesi.com\/index.php\/wp-json\/wp\/v2\/posts"}],"about":[{"href":"https:\/\/mersingazetesi.com\/index.php\/wp-json\/wp\/v2\/types\/post"}],"author":[{"embeddable":true,"href":"https:\/\/mersingazetesi.com\/index.php\/wp-json\/wp\/v2\/users\/2"}],"replies":[{"embeddable":true,"href":"https:\/\/mersingazetesi.com\/index.php\/wp-json\/wp\/v2\/comments?post=53817"}],"version-history":[{"count":0,"href":"https:\/\/mersingazetesi.com\/index.php\/wp-json\/wp\/v2\/posts\/53817\/revisions"}],"wp:featuredmedia":[{"embeddable":true,"href":"https:\/\/mersingazetesi.com\/index.php\/wp-json\/wp\/v2\/media\/53826"}],"wp:attachment":[{"href":"https:\/\/mersingazetesi.com\/index.php\/wp-json\/wp\/v2\/media?parent=53817"}],"wp:term":[{"taxonomy":"category","embeddable":true,"href":"https:\/\/mersingazetesi.com\/index.php\/wp-json\/wp\/v2\/categories?post=53817"},{"taxonomy":"post_tag","embeddable":true,"href":"https:\/\/mersingazetesi.com\/index.php\/wp-json\/wp\/v2\/tags?post=53817"}],"curies":[{"name":"wp","href":"https:\/\/api.w.org\/{rel}","templated":true}]}}