{"id":5370,"date":"2021-11-23T11:54:12","date_gmt":"2021-11-23T08:54:12","guid":{"rendered":"http:\/\/mersin.mesiad.org\/index.php\/2021\/11\/23\/cuzdanini-otobus-soforu-buldu\/"},"modified":"2021-11-23T11:54:12","modified_gmt":"2021-11-23T08:54:12","slug":"cuzdanini-otobus-soforu-buldu","status":"publish","type":"post","link":"https:\/\/mersingazetesi.com\/index.php\/2021\/11\/23\/cuzdanini-otobus-soforu-buldu\/","title":{"rendered":"C\u00fczdan\u0131n\u0131 otob\u00fcs \u015fof\u00f6r\u00fc buldu"},"content":{"rendered":"<p>Mersin\u2019in Tarsus il\u00e7esinde toplu ta\u015f\u0131ma arac\u0131nda bulunan i\u00e7i para dolu c\u00fczdan, sahibine teslim edildi.\u00a0<br \/>\n\u00a0 Kent merkezinden gitmek istedi\u011fi mahallenin toplu ta\u015f\u0131ma arac\u0131na binen 66 ya\u015f\u0131ndaki Tarsus Kuvayi Milliye Derne\u011fi \u0130kinci Ba\u015fkan\u0131 \u0130smail Ta\u015fgit, otob\u00fcste c\u00fczdan\u0131n\u0131 d\u00fc\u015f\u00fcrd\u00fc.\u00a0<br \/>\n\u00a0 Tarsus Ula\u015f\u0131m A\u015e \u015fof\u00f6r\u00fc Onur Alp \u00c7\u0131ldan (37) otob\u00fcs\u00fcnde temizlik yaparken yolcu koltu\u011funda bir c\u00fczdan fark etti. Buldu\u011fu c\u00fczdan\u0131 ba\u011fl\u0131 bulundu\u011fu Tarsus Ula\u015f\u0131m Hizmetleri A\u015e Ba\u015fkan\u0131 Hasan Kaya\u2019ya bildirdi.\u00a0<br \/>\n\u00a0 Ula\u015f\u0131m A\u015e. yetkilileri ma\u011fdur vatanda\u015f\u0131 bularak i\u00e7i para, kredi kart\u0131 ve \u00f6nemli evraklarla dolu c\u00fczdan\u0131 sahibine teslim etti.\u00a0<br \/>\n\u00a0 Kaybetti\u011fi c\u00fczdan\u0131n\u0131 hi\u00e7 ummad\u0131\u011f\u0131 bir anda \u00e7alan telefonuyla bulundu\u011funu \u00f6\u011frenen \u0130smail Ta\u015fgit, Ula\u015f\u0131m A\u015e.\u2019ye gelerek c\u00fczdan\u0131n\u0131 teslim ald\u0131. Ta\u015fgit, &#8220;Hi\u00e7 ummuyordum ama helal s\u00fct emmi\u015f bu arkada\u015f\u0131m\u0131z ve de\u011ferli y\u00f6neticiler sayesinde c\u00fczdan\u0131ma kavu\u015ftum, ba\u015fta \u015fof\u00f6r arkada\u015f\u0131ma ve Tarsus Ula\u015f\u0131m y\u00f6netimine te\u015fekk\u00fcr ediyorum\u201d dedi.\u00a0<\/p>\n<p>\u0130HA<\/p>\n","protected":false},"excerpt":{"rendered":"<p>Mersin\u2019in Tarsus il\u00e7esinde toplu ta\u015f\u0131ma arac\u0131nda bulunan i\u00e7i para dolu c\u00fczdan, sahibine teslim edildi.\u00a0 \u00a0 Kent merkezinden gitmek istedi\u011fi mahallenin toplu ta\u015f\u0131ma arac\u0131na binen 66 ya\u015f\u0131ndaki Tarsus Kuvayi Milliye Derne\u011fi \u0130kinci Ba\u015fkan\u0131 \u0130smail Ta\u015fgit, otob\u00fcste c\u00fczdan\u0131n\u0131 d\u00fc\u015f\u00fcrd\u00fc.\u00a0 \u00a0 Tarsus Ula\u015f\u0131m A\u015e \u015fof\u00f6r\u00fc Onur Alp \u00c7\u0131ldan (37) otob\u00fcs\u00fcnde temizlik yaparken yolcu koltu\u011funda bir c\u00fczdan fark etti. [&hellip;]<\/p>\n","protected":false},"author":2,"featured_media":0,"comment_status":"open","ping_status":"open","sticky":false,"template":"","format":"standard","meta":{"footnotes":""},"categories":[],"tags":[],"class_list":["post-5370","post","type-post","status-publish","format-standard","hentry"],"views":25,"_links":{"self":[{"href":"https:\/\/mersingazetesi.com\/index.php\/wp-json\/wp\/v2\/posts\/5370","targetHints":{"allow":["GET"]}}],"collection":[{"href":"https:\/\/mersingazetesi.com\/index.php\/wp-json\/wp\/v2\/posts"}],"about":[{"href":"https:\/\/mersingazetesi.com\/index.php\/wp-json\/wp\/v2\/types\/post"}],"author":[{"embeddable":true,"href":"https:\/\/mersingazetesi.com\/index.php\/wp-json\/wp\/v2\/users\/2"}],"replies":[{"embeddable":true,"href":"https:\/\/mersingazetesi.com\/index.php\/wp-json\/wp\/v2\/comments?post=5370"}],"version-history":[{"count":0,"href":"https:\/\/mersingazetesi.com\/index.php\/wp-json\/wp\/v2\/posts\/5370\/revisions"}],"wp:attachment":[{"href":"https:\/\/mersingazetesi.com\/index.php\/wp-json\/wp\/v2\/media?parent=5370"}],"wp:term":[{"taxonomy":"category","embeddable":true,"href":"https:\/\/mersingazetesi.com\/index.php\/wp-json\/wp\/v2\/categories?post=5370"},{"taxonomy":"post_tag","embeddable":true,"href":"https:\/\/mersingazetesi.com\/index.php\/wp-json\/wp\/v2\/tags?post=5370"}],"curies":[{"name":"wp","href":"https:\/\/api.w.org\/{rel}","templated":true}]}}