{"id":5351,"date":"2021-11-23T11:54:10","date_gmt":"2021-11-23T08:54:10","guid":{"rendered":"http:\/\/mersin.mesiad.org\/index.php\/2021\/11\/23\/emoya-tarafsiz-guclu-aday-doc-dr-alkan-alkaya\/"},"modified":"2021-11-23T11:54:10","modified_gmt":"2021-11-23T08:54:10","slug":"emoya-tarafsiz-guclu-aday-doc-dr-alkan-alkaya","status":"publish","type":"post","link":"https:\/\/mersingazetesi.com\/index.php\/2021\/11\/23\/emoya-tarafsiz-guclu-aday-doc-dr-alkan-alkaya\/","title":{"rendered":"EMO\u2019YA TARAFSIZ G\u00dc\u00c7L\u00dc ADAY DO\u00c7. DR. ALKAN ALKAYA"},"content":{"rendered":"<p><span style=\"color: rgb(34, 34, 34); font-family: Arial, Helvetica, sans-serif; font-size: small;\">Mevcut Ba\u015fkan Seyfettin Atar\u2019\u0131n TRT B\u00f6lge M\u00fcd\u00fcrl\u00fc\u011f\u00fc\u2019nden sonra, Mersin B\u00fcy\u00fck\u015fehir Belediyesi\u2019ne ge\u00e7i\u015f yap\u0131p MESK\u0130\u2019de Ar-Ge Daire Ba\u015fkan\u0131 olarak g\u00f6rev yapmas\u0131 kamuoyunda tepki yaratmaya devam ediyor.<\/span><\/p>\n<div>\n<div style=\"color: rgb(34, 34, 34); font-family: Arial, Helvetica, sans-serif; font-size: small; background-color: rgb(255, 255, 255);\">\n<p>Elektrik M\u00fchendisleri Odas\u0131(EMO) Mersin \u015eubesi\u2019nin 11-12 Ocak 2020 tarihinde ger\u00e7ekle\u015fecek olan 11. D\u00f6nem ola\u011fan genel kurul \u00f6ncesinde Mersin \u00dcniversitesi M\u00fchendislik Fak\u00fcltesi Elektrik-Elektronik M\u00fchendisli\u011fi B\u00f6l\u00fcm\u00fc \u00f6\u011fretim \u00fcyesi olarak g\u00f6rev yapan Do\u00e7. Dr. Alkan Alkaya, \u0130lkeli M\u00fchendisler Platformu ad\u0131na yeni d\u00f6nemde ba\u015fkanl\u0131k adayl\u0131\u011f\u0131n\u0131 a\u00e7\u0131klad\u0131.<\/p>\n<p>11-12 Ocak 2020 tarihinde ger\u00e7ekle\u015fecek 11. D\u00f6nem Elektrik M\u00fchendisleri Odas\u0131 (EMO) Mersin \u015eube Ba\u015fkanl\u0131\u011f\u0131 se\u00e7imi \u00f6ncesinde Mersin \u00dcniversitesi M\u00fchendislik Fak\u00fcltesi Elektrik-Elektronik M\u00fchendisli\u011fi B\u00f6l\u00fcm\u00fc \u00f6\u011fretim \u00fcyesi olarak g\u00f6rev yapan Do\u00e7. Dr. Alkan Alkaya \u0130lkeli M\u00fchendisler Platformu ad\u0131na ba\u015fkanl\u0131\u011fa aday oldu\u011funu a\u00e7\u0131klad\u0131.<br \/>\nYeni\u015fehir Belediyesi Nikah Salonunda d\u00fczenlenen ve yo\u011fun bir kalabal\u0131\u011f\u0131n kat\u0131ld\u0131\u011f\u0131 toplant\u0131 ile adayl\u0131\u011f\u0131n\u0131 a\u00e7\u0131klayan Alkaya, se\u00e7im bildirgesini okudu.<br \/>\nAlkaya\u2019ya T\u00fcrk M\u00fchendis ve Mimar Odalar\u0131 Birli\u011fine (TMMOB) ba\u011fl\u0131 bir \u00e7ok meslek odas\u0131 ba\u015fkan\u0131, EMO Mersin \u015fubenin \u00f6nceki d\u00f6nem ba\u015fkanlar\u0131 ve EMO \u00fcyesi olan \u00e7ok say\u0131da Elektrik-Elektronik m\u00fchendisi destek verdi.<\/p>\n<p>Do\u00e7. Dr. ALKAN ALKAYA K\u0130MD\u0130R?<\/p>\n<p>25 Eyl\u00fcl 1979 y\u0131l\u0131nda Hatay\u2019\u0131n \u0130skenderun il\u00e7esinde do\u011fdu. \u0130lk-orta-lise \u00f6\u011frenimini \u0130skenderun&#8217;da tamamlad\u0131. 1996 y\u0131l\u0131nda Gaziantep \u00dcniversitesi Elektrik-Elektronik M\u00fchendisli\u011fi B\u00f6l\u00fcm\u00fc\u2019nden 2001 y\u0131l\u0131nda mezun oldu.<br \/>\n2001 y\u0131l\u0131nda Mersin \u00dcniversitesi Elektrik-Elektronik M\u00fchendisli\u011fi b\u00f6l\u00fcm\u00fcne ara\u015ft\u0131rma g\u00f6revlisi olarak girmeye hak kazand\u0131. 2002 y\u0131l\u0131nda Mersin \u00dcniversitesi Fen Bilimleri Enstit\u00fcs\u00fc\u2019nde ba\u015flad\u0131\u011f\u0131 y\u00fcksek lisans e\u011fitimini 2005 y\u0131l\u0131nda tamamlad\u0131. 2006 y\u0131l\u0131nda \u00c7ukurova \u00dcniversitesi Elektrik-Elektronik M\u00fchendisli\u011fi b\u00f6l\u00fcm\u00fc kontrol ve kumanda sistemleri anabilim dal\u0131nda ba\u015flad\u0131\u011f\u0131 Doktora e\u011fitimini 2012 y\u0131l\u0131nda tamamlad\u0131. T\u00dcB\u0130TAK 2219-yurt d\u0131\u015f\u0131 doktora sonras\u0131 ara\u015ft\u0131rma bursu kapsam\u0131nda 2012-2013 tarihleri aras\u0131nda misafir ara\u015ft\u0131rmac\u0131 olarak 1 y\u0131l boyunca \u0130ngilterede (university of stratclyde, department of Electronic and Electrical Engineering, \u0131ndustrial control center) bulundu. 2013 y\u0131l\u0131ndan itibaren Mersin \u00dcniversitesi Elektrik Elektronik M\u00fchendisli\u011fi b\u00f6l\u00fcm\u00fcnde \u00f6\u011fretim \u00fcyesi olarak \u00e7al\u0131\u015ft\u0131. 2018 y\u0131l\u0131nda \u00dcniversiteler Aras\u0131 Kurul (UAK) taraf\u0131ndan Do\u00e7ent unvan\u0131n\u0131 ald\u0131. Ba\u015fl\u0131ca\u00a0 \u00e7al\u0131\u015fma alanlar\u0131: Elektrikli ara\u00e7lar, Do\u011frusal olmayan kontrol sistemleri, Yenilenebilir enerji kaynaklar\u0131 olarak verilebilir. Ulusal ve Uluslararas\u0131 bir \u00e7ok yay\u0131na ve at\u0131flara sahiptir.<br \/>\nElektrik M\u00fchendisleri Odas\u0131 Mersin \u015eubesinde;<br \/>\n4. D\u00f6nem y\u00f6netim kurulu \u00fcyesi<br \/>\n5. D\u00f6nem sayman \u00fcye<br \/>\n6. D\u00f6nem sayman \u00fcye<br \/>\n7. D\u00f6nem yazman \u00fcye<br \/>\n8. D\u00f6nem ba\u015fkan yrd.<br \/>\n9. D\u00f6nem ba\u015fkan yrd.<br \/>\ng\u00f6revlerinde bulundu. Bu s\u00fcre zarf\u0131nda, EMO Mersin \u015fubenin ba\u015fta e\u011fitim, oda-\u00fcniv.-sanayi, enerji, emogen\u00e7, gibi bir\u00e7ok komisyonlar\u0131nda aktif g\u00f6revlerde bulundu. Uzun y\u0131llar Mersin \u015fubede M\u0130SEM\u2019den sorumlu y\u00f6netim kurulu \u00fcyesi g\u00f6revini y\u00fcr\u00fctt\u00fc. EMO b\u00fcnyesinde d\u00fczenlenen bir \u00e7ok sempozyum ve kongrede y\u00fcr\u00fctme, d\u00fczenleme ve bilim kurullar\u0131nda g\u00f6revler ald\u0131. EMO Mersin \u015eubesi enerji komisyonu, Oda -\u00dcniversite-sanayi komisyonu, EMO merkez daimi komisyonlar\u0131nda ve elektrik m\u00fchendisli\u011fi dergisi yay\u0131n kurulunda aktif g\u00f6revler y\u00fcr\u00fctt\u00fc. Evli ve 2 k\u0131z \u00e7ocu\u011fu (Irmak ve Do\u011fa) babas\u0131.<\/p>\n<p>SEYFETT\u0130N ATAR\u2019A TEPK\u0130 B\u00dcY\u00dcK..!<\/p>\n<p>Mevcut Ba\u015fkan Seyfettin Atar\u2019\u0131n TRT B\u00f6lge M\u00fcd\u00fcrl\u00fc\u011f\u00fc\u2019nden sonra, Mersin B\u00fcy\u00fck\u015fehir Belediyesi\u2019ne ge\u00e7i\u015f yap\u0131p MESK\u0130\u2019de Ar-Ge Daire Ba\u015fkan\u0131 olarak g\u00f6rev yapmas\u0131, tarafs\u0131zl\u0131\u011f\u0131n\u0131 yitirdi\u011fi gerek\u00e7esiyle kamuoyunda tepki yaratmaya devam ediyor.<br \/>\nBu arada Elektrik M\u00fchendisleri Odas\u0131 Mersin \u015eubesi\u2019nin 11-12 Ocak 2020 tarihinde ger\u00e7ekle\u015fecek olan 11. D\u00f6nem ola\u011fan genel kurul \u00f6ncesinde Mersin \u00dcniversitesi M\u00fchendislik Fak\u00fcltesi Elektrik-Elektronik M\u00fchendisli\u011fi B\u00f6l\u00fcm\u00fc \u00f6\u011fretim \u00fcyesi olarak g\u00f6rev yapan Do\u00e7. Dr. Alkan Alkaya, \u0130lkeli M\u00fchendisler Platformu ad\u0131na yeni d\u00f6nemde ba\u015fkanl\u0131k adayl\u0131\u011f\u0131n\u0131 a\u00e7\u0131klamas\u0131 kamuoyunda memnunluk yaratt\u0131.<\/p>\n<\/div>\n<\/div>\n<p>Arzu \u00d6zer<\/p>\n","protected":false},"excerpt":{"rendered":"<p>Mevcut Ba\u015fkan Seyfettin Atar\u2019\u0131n TRT B\u00f6lge M\u00fcd\u00fcrl\u00fc\u011f\u00fc\u2019nden sonra, Mersin B\u00fcy\u00fck\u015fehir Belediyesi\u2019ne ge\u00e7i\u015f yap\u0131p MESK\u0130\u2019de Ar-Ge Daire Ba\u015fkan\u0131 olarak g\u00f6rev yapmas\u0131 kamuoyunda tepki yaratmaya devam ediyor. Elektrik M\u00fchendisleri Odas\u0131(EMO) Mersin \u015eubesi\u2019nin 11-12 Ocak 2020 tarihinde ger\u00e7ekle\u015fecek olan 11. D\u00f6nem ola\u011fan genel kurul \u00f6ncesinde Mersin \u00dcniversitesi M\u00fchendislik Fak\u00fcltesi Elektrik-Elektronik M\u00fchendisli\u011fi B\u00f6l\u00fcm\u00fc \u00f6\u011fretim \u00fcyesi olarak g\u00f6rev yapan Do\u00e7. [&hellip;]<\/p>\n","protected":false},"author":2,"featured_media":0,"comment_status":"open","ping_status":"open","sticky":false,"template":"","format":"standard","meta":{"footnotes":""},"categories":[],"tags":[],"class_list":["post-5351","post","type-post","status-publish","format-standard","hentry"],"views":18,"_links":{"self":[{"href":"https:\/\/mersingazetesi.com\/index.php\/wp-json\/wp\/v2\/posts\/5351","targetHints":{"allow":["GET"]}}],"collection":[{"href":"https:\/\/mersingazetesi.com\/index.php\/wp-json\/wp\/v2\/posts"}],"about":[{"href":"https:\/\/mersingazetesi.com\/index.php\/wp-json\/wp\/v2\/types\/post"}],"author":[{"embeddable":true,"href":"https:\/\/mersingazetesi.com\/index.php\/wp-json\/wp\/v2\/users\/2"}],"replies":[{"embeddable":true,"href":"https:\/\/mersingazetesi.com\/index.php\/wp-json\/wp\/v2\/comments?post=5351"}],"version-history":[{"count":0,"href":"https:\/\/mersingazetesi.com\/index.php\/wp-json\/wp\/v2\/posts\/5351\/revisions"}],"wp:attachment":[{"href":"https:\/\/mersingazetesi.com\/index.php\/wp-json\/wp\/v2\/media?parent=5351"}],"wp:term":[{"taxonomy":"category","embeddable":true,"href":"https:\/\/mersingazetesi.com\/index.php\/wp-json\/wp\/v2\/categories?post=5351"},{"taxonomy":"post_tag","embeddable":true,"href":"https:\/\/mersingazetesi.com\/index.php\/wp-json\/wp\/v2\/tags?post=5351"}],"curies":[{"name":"wp","href":"https:\/\/api.w.org\/{rel}","templated":true}]}}