{"id":5348,"date":"2021-11-23T11:54:10","date_gmt":"2021-11-23T08:54:10","guid":{"rendered":"http:\/\/mersin.mesiad.org\/index.php\/2021\/11\/23\/ureticilerimizin-magduriyeti-derhal-giderilsin\/"},"modified":"2021-11-23T11:54:10","modified_gmt":"2021-11-23T08:54:10","slug":"ureticilerimizin-magduriyeti-derhal-giderilsin","status":"publish","type":"post","link":"https:\/\/mersingazetesi.com\/index.php\/2021\/11\/23\/ureticilerimizin-magduriyeti-derhal-giderilsin\/","title":{"rendered":"&#8220;\u00dcreticilerimizin ma\u011fduriyeti derhal giderilsin&#8221;"},"content":{"rendered":"<p>CHP Adana Milletvekili, TBMM Tar\u0131m, Orman ve K\u00f6yi\u015fleri Komisyonu \u00dcyesi Ayhan Barut, a\u015f\u0131r\u0131 ya\u011fmur nedeniyle ekili-dikili arazileri zarar g\u00f6ren \u00fcreticiler i\u00e7in seferberlik ba\u015flat\u0131lmas\u0131n\u0131 istedi<\/p>\n<p>Ayhan Barut&#8217;tan &#8216;\u00c7ukurova, afet b\u00f6lgesi ilan edilsin&#8217; \u00e7a\u011fr\u0131s\u0131<\/p>\n<p>\n&#8220;\u00dcreticilerimizin ma\u011fduriyeti derhal giderilsin&#8221;<\/p>\n<p>ADANA &#8211; Cumhuriyet Halk Partisi (CHP) Adana Milletvekili, TBMM Tar\u0131m, Orman ve K\u00f6yi\u015fleri Komisyonu \u00dcyesi Ayhan Barut, Adana ba\u015fta olmak \u00fczere \u00c7ukurova B\u00f6lgesi&#8217;nde etkili olan sa\u011fanak ya\u011f\u0131\u015f nedeniyle ekili-dikili tar\u0131m arazileri sulara g\u00f6m\u00fclen \u00fcreticilerin ma\u011fduriyetinin derhal giderilmesini istedi. \u00dcreticilere &#8216;Ge\u00e7mi\u015f olsun&#8217; dile\u011finde bulunan Barut, ya\u011f\u0131\u015flar nedeniyle olu\u015fan zarar\u0131n acilen tespit edilip \u00c7ukurova&#8217;n\u0131n afet b\u00f6lgesi ilan edilmesini talep etti.<\/p>\n<p>&#8220;B\u00dcY\u00dcK GE\u00c7M\u0130\u015e OLSUN&#8221;<\/p>\n<p>Adana&#8217;da 23 Aral\u0131k&#8217;tan itibaren \u00e7ok etkili olan a\u015f\u0131r\u0131 ya\u011fmur nedeniyle ekili ve dikili tar\u0131m arazilerini su bast\u0131. 2018 y\u0131l\u0131 Aral\u0131k boyunca metrekareye 380 kilogram ya\u011fmurun d\u00fc\u015ft\u00fc\u011f\u00fc Adana&#8217;da sadece 24 Aral\u0131k&#8217;ta yani bir g\u00fcnde 150 kilogram\u0131n \u00fczerinde ya\u011fmur ya\u011fd\u0131. Sa\u011fanak ya\u011f\u0131\u015fla birlikte \u00f6zellikle Y\u00fcre\u011fir, Sar\u0131\u00e7am, Seyhan, Karata\u015f, Yumurtal\u0131k il\u00e7elerindeki tar\u0131m arazileri su alt\u0131nda kald\u0131. Y\u00fcksek yerlerde ya\u011f\u0131\u015f\u0131n etkisi nispeten daha az olurken al\u00e7ak seviyedeki tar\u0131m alanlar\u0131na dolan suyu tahliye etmek isteyen \u00e7ift\u00e7iler g\u00fc\u00e7l\u00fckler ya\u015fad\u0131. Ya\u011f\u0131\u015flar\u0131n Cuma g\u00fcn\u00fcne dek s\u00fcrece\u011fi \u00f6\u011frenilirken kent merkezi ve k\u00f6ylerde yurtta\u015flar\u0131n ya\u015fam\u0131n\u0131 da olumsuz etkileyen felaketle ilgili konu\u015fan CHP Adana Milletvekili, TBMM Tar\u0131m, Orman ve K\u00f6yi\u015fleri Komisyonu \u00dcyesi Ayhan Barut, herkese &#8216;ge\u00e7mi\u015f olsun&#8217; dile\u011finde bulundu.<\/p>\n<p>&#8220;BAKAN AFET\u0130 YER\u0130NDE \u0130NCELES\u0130N&#8221;<\/p>\n<p>\u00c7ok etkili olan ya\u011f\u0131\u015flar nedeniyle bah\u00e7elerin yan\u0131 s\u0131ra \u00f6zellikle bu\u011fday ve so\u011fan ekili tarlalar\u0131n sular alt\u0131nda kald\u0131\u011f\u0131n\u0131 vurgulayan Ayhan Barut, \u015funlar\u0131 kaydetti:<br \/>\n&#8220;Adana&#8217;da \u00f6zellikle son 2 y\u0131ld\u0131r a\u015f\u0131r\u0131 ya\u011f\u0131\u015flar nedeniyle \u00fcreticilerimiz zorda kal\u0131yor. Narenciye ve meyve bah\u00e7eleri, so\u011fan ve bu\u011fday ekili tarlalar b\u00fcy\u00fck risk alt\u0131nda. Sulara g\u00f6m\u00fclen ekili ve dikili arazilerdeki zarar\u0131n boyutu elbette sular \u00e7ekilince ortaya \u00e7\u0131kacakt\u0131r. Bir an evvel bu olumsuzluklar g\u00f6zetilerek b\u00f6lgemiz afet alan\u0131 kapsam\u0131na al\u0131nmal\u0131d\u0131r. M\u00fcmk\u00fcn oldu\u011funca zarar tespiti yap\u0131lmal\u0131, s\u00f6z konusu zararlar\u0131n tamam\u0131 kar\u015f\u0131lanmal\u0131d\u0131r. Ma\u011fdur \u00fcreticilerin Tar\u0131m Kredi Kooperatifleri ve Ziraat Bankas\u0131&#8217;na olan bor\u00e7lar\u0131 faizsiz 2 y\u0131l s\u00fcreyle ertelenmeli, \u00fcreticilerin zararlar\u0131n\u0131n yerinde tespiti i\u00e7in Tar\u0131m ve Orman Bakan\u0131 ile \u00fcst d\u00fczey b\u00fcrokratlar\u0131 kentimizde incelemelerde bulunmal\u0131d\u0131r.&#8221;<\/p>\n<p>HABER MERKEZ\u0130<\/p>\n","protected":false},"excerpt":{"rendered":"<p>CHP Adana Milletvekili, TBMM Tar\u0131m, Orman ve K\u00f6yi\u015fleri Komisyonu \u00dcyesi Ayhan Barut, a\u015f\u0131r\u0131 ya\u011fmur nedeniyle ekili-dikili arazileri zarar g\u00f6ren \u00fcreticiler i\u00e7in seferberlik ba\u015flat\u0131lmas\u0131n\u0131 istedi Ayhan Barut&#8217;tan &#8216;\u00c7ukurova, afet b\u00f6lgesi ilan edilsin&#8217; \u00e7a\u011fr\u0131s\u0131 &#8220;\u00dcreticilerimizin ma\u011fduriyeti derhal giderilsin&#8221; ADANA &#8211; Cumhuriyet Halk Partisi (CHP) Adana Milletvekili, TBMM Tar\u0131m, Orman ve K\u00f6yi\u015fleri Komisyonu \u00dcyesi Ayhan Barut, Adana ba\u015fta [&hellip;]<\/p>\n","protected":false},"author":2,"featured_media":0,"comment_status":"open","ping_status":"open","sticky":false,"template":"","format":"standard","meta":{"footnotes":""},"categories":[],"tags":[],"class_list":["post-5348","post","type-post","status-publish","format-standard","hentry"],"views":21,"_links":{"self":[{"href":"https:\/\/mersingazetesi.com\/index.php\/wp-json\/wp\/v2\/posts\/5348","targetHints":{"allow":["GET"]}}],"collection":[{"href":"https:\/\/mersingazetesi.com\/index.php\/wp-json\/wp\/v2\/posts"}],"about":[{"href":"https:\/\/mersingazetesi.com\/index.php\/wp-json\/wp\/v2\/types\/post"}],"author":[{"embeddable":true,"href":"https:\/\/mersingazetesi.com\/index.php\/wp-json\/wp\/v2\/users\/2"}],"replies":[{"embeddable":true,"href":"https:\/\/mersingazetesi.com\/index.php\/wp-json\/wp\/v2\/comments?post=5348"}],"version-history":[{"count":0,"href":"https:\/\/mersingazetesi.com\/index.php\/wp-json\/wp\/v2\/posts\/5348\/revisions"}],"wp:attachment":[{"href":"https:\/\/mersingazetesi.com\/index.php\/wp-json\/wp\/v2\/media?parent=5348"}],"wp:term":[{"taxonomy":"category","embeddable":true,"href":"https:\/\/mersingazetesi.com\/index.php\/wp-json\/wp\/v2\/categories?post=5348"},{"taxonomy":"post_tag","embeddable":true,"href":"https:\/\/mersingazetesi.com\/index.php\/wp-json\/wp\/v2\/tags?post=5348"}],"curies":[{"name":"wp","href":"https:\/\/api.w.org\/{rel}","templated":true}]}}