{"id":5339,"date":"2021-11-23T11:54:10","date_gmt":"2021-11-23T08:54:10","guid":{"rendered":"http:\/\/mersin.mesiad.org\/index.php\/2021\/11\/23\/faciayi-onleyen-kamyon-soforu-yarali-kurtuldu\/"},"modified":"2021-11-23T11:54:10","modified_gmt":"2021-11-23T08:54:10","slug":"faciayi-onleyen-kamyon-soforu-yarali-kurtuldu","status":"publish","type":"post","link":"https:\/\/mersingazetesi.com\/index.php\/2021\/11\/23\/faciayi-onleyen-kamyon-soforu-yarali-kurtuldu\/","title":{"rendered":"Faciay\u0131 \u00f6nleyen kamyon \u015fof\u00f6r\u00fc yaral\u0131 kurtuldu"},"content":{"rendered":"<p>Mersin&#8217;in Erdemli il\u00e7esinde \u00f6n\u00fcne aniden \u00e7\u0131kan yolcu minib\u00fcs\u00fcne \u00e7arpmamak i\u00e7in fren yap\u0131p direksiyonu k\u0131ran kamyon \u015fof\u00f6r\u00fc, olas\u0131 bir faciay\u0131 \u00f6nledi. Kamyon \u015fof\u00f6r\u00fc arac\u0131n\u0131n devrilmesi sonucu yaralan\u0131rken, vatanda\u015flar h\u0131zla ka\u00e7t\u0131\u011f\u0131n\u0131 ileri s\u00fcrd\u00fckleri minib\u00fcs \u015fof\u00f6r\u00fcne kazaya sebebiyet verdi\u011fi gerek\u00e7esiyle tepki g\u00f6sterdi.\u00a0 \u00a0<br \/>\n\u00a0 Edinilen bilgiye g\u00f6re, kaza il\u00e7eye ba\u011fl\u0131 Arpa\u00e7bah\u015fi\u015f Mahallesi&#8217;nde Mersin-Antalya D-400 karayolunda meydana geldi. 33 DMM 17 plakal\u0131 kamyonun \u015fof\u00f6r\u00fc G\u00f6khan Us (27), Yenik\u00f6y \u0131\u015f\u0131kl\u0131 kav\u015fa\u011f\u0131na yakla\u015ft\u0131\u011f\u0131 s\u0131rada \u00f6n\u00fcne aniden i\u00e7erisinde yolcular\u0131n da bulundu\u011fu bir minib\u00fcs \u00e7\u0131kt\u0131. Minib\u00fcse ve yol kenar\u0131nda bekleyen \u00f6\u011frencilere \u00e7arpmamak i\u00e7in kamyon \u015fof\u00f6r\u00fc direksiyonu k\u0131rd\u0131. Kamyon ref\u00fcje \u00e7arp\u0131p devrildi. Vatanda\u015flar\u0131n da yard\u0131m\u0131yla yaral\u0131 kamyon \u015fof\u00f6r\u00fc ara\u00e7tan \u00e7\u0131kar\u0131larak, ambulansla Erdemli Devlet Hastanesine kald\u0131r\u0131ld\u0131. Vatanda\u015flar kamyon \u015fof\u00f6r\u00fcn\u00fcn b\u00fcy\u00fck bir faciay\u0131 \u00f6nledi\u011fini belirterek, minib\u00fcs \u015fof\u00f6r\u00fcn\u00fcn kazaya sebebiyet verdi\u011fini ve h\u0131zla kaza yerinden ka\u00e7t\u0131\u011f\u0131n\u0131 ileri s\u00fcr\u00fcp tepki g\u00f6sterdi. Kaza sebebiyle karayolunda trafik ak\u0131\u015f\u0131 tek \u015feritten ve tali yollardan sa\u011fland\u0131.\u00a0<br \/>\n\u00a0<br \/>\n\u00a0 &#8220;1 TL i\u00e7in can kayb\u0131 oluyordu&#8221;\u00a0<br \/>\n\u00a0 Hasan Ba\u011fr\u0131a\u00e7\u0131k adl\u0131 vatanda\u015f, &#8220;Yol kenar\u0131nda okul \u00f6\u011frencileri de vard\u0131, Allah esirgedi de onlara denk gelmedi. Dolmu\u015f\u00e7u ka\u00e7t\u0131. Ben olsayd\u0131m dolmu\u015f\u00e7uyu bi\u00e7er ge\u00e7erdim. En az 20 \u00e7ocuk vard\u0131. 1 TL&#8217;lik yolcu i\u00e7in, 1 TL almak i\u00e7in i\u015fte burada can kayb\u0131 oluyordu&#8221; diyerek tepki g\u00f6sterdi.\u00a0\u00a0<br \/>\n\u00a0 Hastanede tedavisi s\u00fcren kamyon \u015fof\u00f6r\u00fc G\u00f6khan Us ise, &#8220;Minib\u00fcs \u00f6n\u00fcme \u00e7\u0131kt\u0131, ben de ona vurmamak i\u00e7in frene bast\u0131m. Frene bas\u0131nca ya\u011fmurlu oldu\u011fu i\u00e7in araba kayd\u0131. Sa\u011f sol yapmad\u0131m hi\u00e7. Ayn\u0131 anda araban\u0131n arkas\u0131 \u00f6ne ge\u00e7ti. Orada yolcular vard\u0131. Minib\u00fcs\u00fcn hatas\u0131 var. Onlara vursam zaten \u00e7ok k\u00f6t\u00fc olurdu. Kazan\u0131n ard\u0131ndan ilk olarak oradaki insanlara bir \u015fey oldu mu diye sordum. Bu arac\u0131n i\u00e7inden \u015fans eseri \u00e7\u0131kt\u0131m. Minib\u00fcs\u00fcn i\u00e7inde de baya\u011f\u0131 yolcu vard\u0131. Yol kenar\u0131nda bekleyenler de vard\u0131. Adam sinyal bile vermedi. Zaten \u0131\u015f\u0131klara gelip evime d\u00f6necektim. Kimseye bir \u015fey olmam\u0131\u015f, sadece ben yaralanm\u0131\u015f\u0131m&#8221; dedi.\u00a0\u00a0<br \/>\n\u00a0 Us, minib\u00fcs \u015fof\u00f6r\u00fcne vatanda\u015flar\u0131n \u00e7ok b\u00fcy\u00fck tepki g\u00f6sterdi\u011fini kaydetti. Kaza ile ilgili soru\u015fturma s\u00fcr\u00fcyor.\u00a0<\/p>\n<p>\u0130HA<\/p>\n","protected":false},"excerpt":{"rendered":"<p>Mersin&#8217;in Erdemli il\u00e7esinde \u00f6n\u00fcne aniden \u00e7\u0131kan yolcu minib\u00fcs\u00fcne \u00e7arpmamak i\u00e7in fren yap\u0131p direksiyonu k\u0131ran kamyon \u015fof\u00f6r\u00fc, olas\u0131 bir faciay\u0131 \u00f6nledi. Kamyon \u015fof\u00f6r\u00fc arac\u0131n\u0131n devrilmesi sonucu yaralan\u0131rken, vatanda\u015flar h\u0131zla ka\u00e7t\u0131\u011f\u0131n\u0131 ileri s\u00fcrd\u00fckleri minib\u00fcs \u015fof\u00f6r\u00fcne kazaya sebebiyet verdi\u011fi gerek\u00e7esiyle tepki g\u00f6sterdi.\u00a0 \u00a0 \u00a0 Edinilen bilgiye g\u00f6re, kaza il\u00e7eye ba\u011fl\u0131 Arpa\u00e7bah\u015fi\u015f Mahallesi&#8217;nde Mersin-Antalya D-400 karayolunda meydana geldi. 33 [&hellip;]<\/p>\n","protected":false},"author":2,"featured_media":0,"comment_status":"open","ping_status":"open","sticky":false,"template":"","format":"standard","meta":{"footnotes":""},"categories":[],"tags":[],"class_list":["post-5339","post","type-post","status-publish","format-standard","hentry"],"views":16,"_links":{"self":[{"href":"https:\/\/mersingazetesi.com\/index.php\/wp-json\/wp\/v2\/posts\/5339","targetHints":{"allow":["GET"]}}],"collection":[{"href":"https:\/\/mersingazetesi.com\/index.php\/wp-json\/wp\/v2\/posts"}],"about":[{"href":"https:\/\/mersingazetesi.com\/index.php\/wp-json\/wp\/v2\/types\/post"}],"author":[{"embeddable":true,"href":"https:\/\/mersingazetesi.com\/index.php\/wp-json\/wp\/v2\/users\/2"}],"replies":[{"embeddable":true,"href":"https:\/\/mersingazetesi.com\/index.php\/wp-json\/wp\/v2\/comments?post=5339"}],"version-history":[{"count":0,"href":"https:\/\/mersingazetesi.com\/index.php\/wp-json\/wp\/v2\/posts\/5339\/revisions"}],"wp:attachment":[{"href":"https:\/\/mersingazetesi.com\/index.php\/wp-json\/wp\/v2\/media?parent=5339"}],"wp:term":[{"taxonomy":"category","embeddable":true,"href":"https:\/\/mersingazetesi.com\/index.php\/wp-json\/wp\/v2\/categories?post=5339"},{"taxonomy":"post_tag","embeddable":true,"href":"https:\/\/mersingazetesi.com\/index.php\/wp-json\/wp\/v2\/tags?post=5339"}],"curies":[{"name":"wp","href":"https:\/\/api.w.org\/{rel}","templated":true}]}}