{"id":5309,"date":"2021-11-23T11:54:08","date_gmt":"2021-11-23T08:54:08","guid":{"rendered":"http:\/\/mersin.mesiad.org\/index.php\/2021\/11\/23\/dere-kenari-yuruyus-yolu-eksik-birakildi-100-metrelik-yuruyus-yolu-cok-mu-geldi\/"},"modified":"2021-11-23T11:54:08","modified_gmt":"2021-11-23T08:54:08","slug":"dere-kenari-yuruyus-yolu-eksik-birakildi-100-metrelik-yuruyus-yolu-cok-mu-geldi","status":"publish","type":"post","link":"https:\/\/mersingazetesi.com\/index.php\/2021\/11\/23\/dere-kenari-yuruyus-yolu-eksik-birakildi-100-metrelik-yuruyus-yolu-cok-mu-geldi\/","title":{"rendered":"DERE KENARI Y\u00dcR\u00dcY\u00dc\u015e YOLU EKS\u0130K BIRAKILDI! 100 METREL\u0130K Y\u00dcR\u00dcY\u00dc\u015e YOLU \u00c7OK MU GELD\u0130?"},"content":{"rendered":"<p>Yeni\u015fehir il\u00e7esine ba\u011fl\u0131 y\u00fcr\u00fcy\u00fc\u015f yolunun \u00a0tamamlanmas\u0131 dikkat \u00e7ekti. \u00c7al\u0131\u015fmalar\u0131n y\u00fcr\u00fct\u00fclmedi\u011fi ve sahil ba\u011flant\u0131 yolunun 100 metre kalan yerin bak\u0131ms\u0131z toprak yol olarak b\u0131rak\u0131ld\u0131\u011f\u0131n\u0131 g\u00f6ren vatanda\u015flar belediyelerin yap\u0131lanlar\u0131n\u0131n sadece g\u00f6z boyamak oldu\u011funu d\u00fc\u015f\u00fcnd\u00fcklerini belirtti.<\/p>\n<p>K\u00d6PR\u00dc ALTI KORKUTUCU VE \u00c7OK P\u0130S!<\/p>\n<p>M\u00fcft\u00fc K\u00f6pr\u00fcs\u00fc\u2019nden sonra kar\u015f\u0131la\u015ft\u0131klar\u0131 toprak yola vatanda\u015flar, \u201cBu nas\u0131l bir ikilem? K\u00f6pr\u00fcn\u00fcn alt\u0131 temizlenmiyor. Korkutucu ve pis. Kentin g\u00f6be\u011finde b\u00f6yle bir ortam kabul edilemez bir durum. Bu yol nedense hem bak\u0131ms\u0131z halde, hem de y\u00fcr\u00fcy\u00fc\u015f yolu yar\u0131m b\u0131rak\u0131lm\u0131\u015f. Bizler bu yolu s\u00fcrekli kullan\u0131yoruz. Mersinliler olarak deniz kenar\u0131nda y\u00fcr\u00fcmek i\u00e7in bu yolu ge\u00e7memiz gerekiyor. Hizmet anlay\u0131\u015flar\u0131 bu kadar m\u0131?\u201d diyerek tepki g\u00f6sterdi.<br \/>\nVatanda\u015flar yolun tamamlanarak hizmete haz\u0131r hale getirilmesini bekliyor.<\/p>\n<p>NURDANE KARAKU\u015e<\/p>\n","protected":false},"excerpt":{"rendered":"<p>Mersin Yeni\u015fehir\u2019e ba\u011fl\u0131 dere kenar\u0131 y\u00fcr\u00fcy\u00fc\u015f yolunun sahil y\u00fcr\u00fcy\u00fc\u015f yolu ba\u011flant\u0131s\u0131n\u0131n yar\u0131da b\u0131rak\u0131lmas\u0131 vatanda\u015flar\u0131n tepkisine yol a\u00e7t\u0131. Mersinliler sahile ge\u00e7ebilmek i\u00e7in yakla\u015f\u0131k 100 metrelik bak\u0131ms\u0131z toprak yolu a\u015fmak zorunda m\u0131?<\/p>\n","protected":false},"author":2,"featured_media":0,"comment_status":"open","ping_status":"open","sticky":false,"template":"","format":"standard","meta":{"footnotes":""},"categories":[],"tags":[],"class_list":["post-5309","post","type-post","status-publish","format-standard","hentry"],"views":16,"_links":{"self":[{"href":"https:\/\/mersingazetesi.com\/index.php\/wp-json\/wp\/v2\/posts\/5309","targetHints":{"allow":["GET"]}}],"collection":[{"href":"https:\/\/mersingazetesi.com\/index.php\/wp-json\/wp\/v2\/posts"}],"about":[{"href":"https:\/\/mersingazetesi.com\/index.php\/wp-json\/wp\/v2\/types\/post"}],"author":[{"embeddable":true,"href":"https:\/\/mersingazetesi.com\/index.php\/wp-json\/wp\/v2\/users\/2"}],"replies":[{"embeddable":true,"href":"https:\/\/mersingazetesi.com\/index.php\/wp-json\/wp\/v2\/comments?post=5309"}],"version-history":[{"count":0,"href":"https:\/\/mersingazetesi.com\/index.php\/wp-json\/wp\/v2\/posts\/5309\/revisions"}],"wp:attachment":[{"href":"https:\/\/mersingazetesi.com\/index.php\/wp-json\/wp\/v2\/media?parent=5309"}],"wp:term":[{"taxonomy":"category","embeddable":true,"href":"https:\/\/mersingazetesi.com\/index.php\/wp-json\/wp\/v2\/categories?post=5309"},{"taxonomy":"post_tag","embeddable":true,"href":"https:\/\/mersingazetesi.com\/index.php\/wp-json\/wp\/v2\/tags?post=5309"}],"curies":[{"name":"wp","href":"https:\/\/api.w.org\/{rel}","templated":true}]}}