{"id":5280,"date":"2021-11-23T11:54:06","date_gmt":"2021-11-23T08:54:06","guid":{"rendered":"http:\/\/mersin.mesiad.org\/index.php\/2021\/11\/23\/mersinde-yasayan-yabancilar-uluslararasi-gocmenler-gununde-bulustu\/"},"modified":"2021-11-23T11:54:06","modified_gmt":"2021-11-23T08:54:06","slug":"mersinde-yasayan-yabancilar-uluslararasi-gocmenler-gununde-bulustu","status":"publish","type":"post","link":"https:\/\/mersingazetesi.com\/index.php\/2021\/11\/23\/mersinde-yasayan-yabancilar-uluslararasi-gocmenler-gununde-bulustu\/","title":{"rendered":"Mersin\u2019de ya\u015fayan yabanc\u0131lar, Uluslararas\u0131 G\u00f6\u00e7menler G\u00fcn\u00fcnde bulu\u015ftu"},"content":{"rendered":"<p>Mersin Valili\u011fi \u0130l G\u00f6\u00e7 \u0130daresi M\u00fcd\u00fcrl\u00fc\u011f\u00fc, Uluslararas\u0131 G\u00f6\u00e7menler G\u00fcn\u00fcnde \u2018K\u00fclt\u00fcrlerin Bulu\u015fma Noktas\u0131 T\u00fcrkiye\u2019 temal\u0131 etkinlik d\u00fczenledi. Vali Ali \u0130hsan Su\u2019nun kat\u0131l\u0131m\u0131yla ger\u00e7ekle\u015ftirilen etkinlikte, Mersin\u2019de ya\u015fayan g\u00f6\u00e7menler, yerel giysileri ve \u00fclke lezzetleriyle bir araya geldi.\u00a0<br \/>\n\u00a0 T\u00fcrkiye, 190\u2019\u0131 a\u015fk\u0131n milletten 5 milyonun \u00fczerinde yabanc\u0131y\u0131 misafir ederken, Mersin\u2019de de ba\u015fta Suriyeliler olmak \u00fczere bir\u00e7ok farkl\u0131 \u00fclkeden y\u00fcz binlerce g\u00f6\u00e7men ya\u015f\u0131yor. Mersin Valili\u011fi \u0130l G\u00f6\u00e7 \u0130daresi M\u00fcd\u00fcrl\u00fc\u011f\u00fc, kentin k\u00fclt\u00fcrel zenginli\u011fini vurgulamak amac\u0131yla 18 Aral\u0131k Uluslararas\u0131 G\u00f6\u00e7menler G\u00fcn\u00fc kapsam\u0131nda \u2018K\u00fclt\u00fcrlerin Bulu\u015fma Noktas\u0131 T\u00fcrkiye\u2019 temal\u0131 bir etkinlik d\u00fczenledi. Bir otelde d\u00fczenlenen etkinli\u011fe, Mersin\u2019de ya\u015fayan Suriyeli, Irakl\u0131, \u00c7erkes, Kafkas, Azeri, M\u0131s\u0131rl\u0131 ve Afrika \u00fclkelerinden \u00e7ok say\u0131da g\u00f6\u00e7men kat\u0131ld\u0131. Etkinli\u011fe yerel giysileriyle gelen g\u00f6\u00e7menler, a\u00e7t\u0131klar\u0131 stantlarda da \u00fclkelerinin yemeklerini sergiledi.\u00a0<br \/>\n\u00a0 Uluslararas\u0131 G\u00f6\u00e7menler G\u00fcn\u00fcnde Mersin Valisi Ali \u0130hsan Su da g\u00f6\u00e7menleri yaln\u0131z b\u0131rakmad\u0131. Etkinlikte stantlar\u0131 gezerek y\u00f6resel yemeklerin tad\u0131na bakan Vali Su, farkl\u0131 k\u00fclt\u00fcrlerle ilgili bilgi ald\u0131.\u00a0<br \/>\n\u00a0<br \/>\n\u00a0 \u201cT\u00fcrkiye, farkl\u0131 k\u00f6kenden insanlar\u0131n huzur ve g\u00fcven i\u00e7inde ya\u015fad\u0131\u011f\u0131 bir \u00fclkedir\u201d\u00a0<br \/>\n\u00a0 Etkinlikte bir konu\u015fma yapan Su, T\u00fcrkiye&#8217;nin ge\u00e7mi\u015ften bug\u00fcne k\u00fclt\u00fcrel yap\u0131s\u0131, co\u011frafi konumu ve tarihi ge\u00e7mi\u015fi itibariyle hep do\u011fu ile bat\u0131n\u0131n bulu\u015ftu\u011fu uygarl\u0131klar\u0131n bulu\u015ftu\u011fu bir kav\u015fak noktas\u0131 konumuna sahip oldu\u011funu s\u00f6yledi. T\u00fcrkiye\u2019nin, bu anlamda farkl\u0131 k\u00f6ken ve inan\u00e7taki insanlar\u0131n sevgi ve karde\u015flik duygular\u0131yla huzur ve g\u00fcven i\u00e7inde ya\u015fad\u0131\u011f\u0131 bir \u00fclke oldu\u011funu vurgulayan Su, \u201cHer birimizin do\u011fu\u015ftan gelen farkl\u0131l\u0131klar\u0131 var ama bunlar k\u00fclt\u00fcr\u00fcm\u00fcz\u00fcn zenginli\u011fini olu\u015fturuyor. Bizim tarihi gelene\u011fimiz, inanc\u0131m\u0131z, \u00f6rf ve adetlerimiz de ho\u015fg\u00f6r\u00fc temeline dayan\u0131r. Biz yarat\u0131lan\u0131 yaratandan dolay\u0131 ho\u015f g\u00f6ren bir k\u00fclt\u00fcr\u00fcn ve inanc\u0131n varisleriyiz. Bu bak\u0131mdan \u00fclkemize gelen, misafir olan, zorunlu veya ba\u015fka sebeplerle gelen her g\u00f6\u00e7meni kucakl\u0131yoruz. Onlara en g\u00fczel ortam\u0131 sa\u011flamak i\u00e7in elimizden gelen gayreti g\u00f6steriyoruz. Bunu ger\u00e7ekten hem millet ve devlet olarak yap\u0131yoruz hem de milletimizin kadir\u015finasl\u0131\u011f\u0131n\u0131, g\u00f6\u00e7menlere kucak a\u015fmas\u0131n\u0131 takdirle kar\u015f\u0131l\u0131yorum. Bu t\u00fcr programlar k\u00fclt\u00fcrlerin kayna\u015fmas\u0131na, birbirimizi daha iyi tan\u0131mam\u0131za imkan sa\u011flayan etkinlikler olarak \u00e7ok faydal\u0131 oldu\u011funu d\u00fc\u015f\u00fcn\u00fcyorum. T\u00fcm g\u00f6\u00e7menlerin G\u00f6\u00e7menler G\u00fcn\u00fcn\u00fc kutluyorum\u201d dedi.\u00a0<br \/>\n\u00a0<br \/>\n\u00a0 \u201cT\u00fcrkiye, 150 y\u0131ld\u0131r g\u00f6\u00e7 hareketini b\u00fcnyesine kabul ediyor\u201d\u00a0<br \/>\n\u00a0 \u0130l G\u00f6\u00e7 \u0130daresi M\u00fcd\u00fcr\u00fc H\u00fcseyin Kemal \u0130lday da T\u00fcrkiye&#8217;nin g\u00f6\u00e7 hareketlerine kar\u015f\u0131 ciddi bir deneyimi oldu\u011funu belirtti. T\u00fcrkiye&#8217;nin son 150 y\u0131lda bir\u00e7ok g\u00f6\u00e7 hareketini kendi b\u00fcnyesine kabul etti\u011fini ve insani olarak yap\u0131lmas\u0131 gereken \u00e7al\u0131\u015fmalar\u0131n da \u00f6tesinde \u00e7al\u0131\u015fmalar yapt\u0131\u011f\u0131n\u0131 ifade eden \u0130lday, \u201cG\u00fcn\u00fcm\u00fczde insanlar, iyi bir i\u015f, iyi bir e\u011fitim veya ya\u015fam standartlar\u0131n\u0131 y\u00fckseltmek i\u00e7in g\u00f6\u00e7 etmek ya da \u00fclkelerinde ya\u015fanan i\u00e7 kar\u0131\u015f\u0131kl\u0131klar sebebiyle g\u00f6\u00e7 ettirilmek zorunda b\u0131rak\u0131lmaktad\u0131rlar. 2011 y\u0131l\u0131ndan itibaren Suriye\u2019de ya\u015fanan i\u00e7 kar\u0131\u015f\u0131kl\u0131klar, insani dramlar, \u00fclkemize y\u00f6nelik daha b\u00fcy\u00fck bir g\u00f6\u00e7 ve s\u0131\u011f\u0131nma hareketine sebep olmu\u015ftur. \u00dclke olarak sorumluluklar\u0131m\u0131z\u0131n gere\u011fi Suriye&#8217;den gelen karde\u015flerimize de kucak a\u00e7\u0131p, onlara ev sahipli\u011fi yapmaktay\u0131z. Tarihsel s\u00fcrecimize bakt\u0131\u011f\u0131m\u0131zda, \u00fclke olarak g\u00f6\u00e7 ak\u0131mlar\u0131na bak\u0131\u015f a\u00e7\u0131m\u0131z, g\u00f6\u00e7\u00fc \u00f6nlemenin aksine g\u00f6\u00e7\u00fc y\u00f6netmek, insan haklar\u0131yla milli ve manevi de\u011ferlere \u00f6nem vermek olmu\u015ftur. Yabanc\u0131lar \u00fclkemize g\u00f6\u00e7 ettiklerinde, onlar\u0131 kar\u015f\u0131layan insanlar\u0131n ba\u015f\u0131nda G\u00f6\u00e7 \u0130daresi Genel M\u00fcd\u00fcrl\u00fc\u011f\u00fc personelini, yani bizler gelmekteyiz. Dolay\u0131s\u0131yla bizler, b\u00fcy\u00fck bir vicdani sorumlulu\u011fum oldu\u011fu bilinciyle hareket etmekteyiz. \u0130limizde ya\u015fayan yabanc\u0131lar\u0131n uyum ve ileti\u015fimlerinin art\u0131r\u0131lmas\u0131 da il m\u00fcd\u00fcrl\u00fc\u011f\u00fcm\u00fcz\u00fcn 2020 hedefleri aras\u0131nda ilk s\u0131rada yer almaktad\u0131r\u201d diye konu\u015ftu.\u00a0<br \/>\n\u00a0 Konu\u015fmalar\u0131n ard\u0131ndan etkinlik, farkl\u0131 \u00fclkelerin yerel giysilerinin yer ald\u0131\u011f\u0131 mini defileyle devam etti. Daha sonra Mersin\u2019de ya\u015fayan \u00c7erkes, Kafkas, Suriyeli, Azeri ve g\u00f6\u00e7menler ile Afrikal\u0131 \u00f6\u011frenciler dans ve \u015fark\u0131lar\u0131yla \u00fclkelerinin k\u00fclt\u00fcrel zenginliklerini sergilediler.\u00a0<\/p>\n<p>\u0130HA<\/p>\n","protected":false},"excerpt":{"rendered":"<p>Mersin Valili\u011fi \u0130l G\u00f6\u00e7 \u0130daresi M\u00fcd\u00fcrl\u00fc\u011f\u00fc, Uluslararas\u0131 G\u00f6\u00e7menler G\u00fcn\u00fcnde \u2018K\u00fclt\u00fcrlerin Bulu\u015fma Noktas\u0131 T\u00fcrkiye\u2019 temal\u0131 etkinlik d\u00fczenledi. Vali Ali \u0130hsan Su\u2019nun kat\u0131l\u0131m\u0131yla ger\u00e7ekle\u015ftirilen etkinlikte, Mersin\u2019de ya\u015fayan g\u00f6\u00e7menler, yerel giysileri ve \u00fclke lezzetleriyle bir araya geldi.\u00a0 \u00a0 T\u00fcrkiye, 190\u2019\u0131 a\u015fk\u0131n milletten 5 milyonun \u00fczerinde yabanc\u0131y\u0131 misafir ederken, Mersin\u2019de de ba\u015fta Suriyeliler olmak \u00fczere bir\u00e7ok farkl\u0131 \u00fclkeden y\u00fcz [&hellip;]<\/p>\n","protected":false},"author":2,"featured_media":0,"comment_status":"open","ping_status":"open","sticky":false,"template":"","format":"standard","meta":{"footnotes":""},"categories":[],"tags":[],"class_list":["post-5280","post","type-post","status-publish","format-standard","hentry"],"views":16,"_links":{"self":[{"href":"https:\/\/mersingazetesi.com\/index.php\/wp-json\/wp\/v2\/posts\/5280","targetHints":{"allow":["GET"]}}],"collection":[{"href":"https:\/\/mersingazetesi.com\/index.php\/wp-json\/wp\/v2\/posts"}],"about":[{"href":"https:\/\/mersingazetesi.com\/index.php\/wp-json\/wp\/v2\/types\/post"}],"author":[{"embeddable":true,"href":"https:\/\/mersingazetesi.com\/index.php\/wp-json\/wp\/v2\/users\/2"}],"replies":[{"embeddable":true,"href":"https:\/\/mersingazetesi.com\/index.php\/wp-json\/wp\/v2\/comments?post=5280"}],"version-history":[{"count":0,"href":"https:\/\/mersingazetesi.com\/index.php\/wp-json\/wp\/v2\/posts\/5280\/revisions"}],"wp:attachment":[{"href":"https:\/\/mersingazetesi.com\/index.php\/wp-json\/wp\/v2\/media?parent=5280"}],"wp:term":[{"taxonomy":"category","embeddable":true,"href":"https:\/\/mersingazetesi.com\/index.php\/wp-json\/wp\/v2\/categories?post=5280"},{"taxonomy":"post_tag","embeddable":true,"href":"https:\/\/mersingazetesi.com\/index.php\/wp-json\/wp\/v2\/tags?post=5280"}],"curies":[{"name":"wp","href":"https:\/\/api.w.org\/{rel}","templated":true}]}}