{"id":5273,"date":"2021-11-23T11:54:05","date_gmt":"2021-11-23T08:54:05","guid":{"rendered":"http:\/\/mersin.mesiad.org\/index.php\/2021\/11\/23\/minikler-guvenli-olmayan-dereye-resim-yapmak-icin-indirildiler\/"},"modified":"2021-11-23T11:54:05","modified_gmt":"2021-11-23T08:54:05","slug":"minikler-guvenli-olmayan-dereye-resim-yapmak-icin-indirildiler","status":"publish","type":"post","link":"https:\/\/mersingazetesi.com\/index.php\/2021\/11\/23\/minikler-guvenli-olmayan-dereye-resim-yapmak-icin-indirildiler\/","title":{"rendered":"M\u0130N\u0130KLER G\u00dcVENL\u0130 OLMAYAN DEREYE RES\u0130M YAPMAK  \u0130\u00c7\u0130N \u0130ND\u0130R\u0130LD\u0130LER"},"content":{"rendered":"<p>M\u00fcft\u00fc Deresi\u2019nde g\u00fcne\u015fli havan\u0131n tad\u0131n\u0131 \u00e7\u0131karmak isteyen yabanc\u0131 uyruklu ki\u015filer, k\u00fc\u00e7\u00fck \u00e7ocuklara, ini\u015fi g\u00fcvenli olmayan dere kenar\u0131nda resim yapt\u0131r\u0131p \u015fark\u0131 s\u00f6ylediler.<\/p>\n<p>Yeni\u015fehir il\u00e7esine ba\u011fl\u0131 Pirireis Mahallesi\u2019nde M\u00fcft\u00fc Deresi\u2019nin kenar\u0131nda, beyaz yaz\u0131 tahtas\u0131, masa ve sandalyelerle dere i\u00e7ine kadar inerek, burada resim yapmak istediler. Dereye herhangi bir ini\u015f kolayl\u0131\u011f\u0131 olmad\u0131\u011f\u0131 gibi dik bir \u015fekilde ta\u015f ve \u00e7ak\u0131l y\u0131\u011f\u0131n\u0131ndan olu\u015fuyor. Sahile sadece birka\u00e7 metre mesafe oldu\u011fu halde b\u00f6yle bir aktiviteyi neden sahilde de\u011filde ini\u015fi g\u00fcvenli olmayan dere kenar\u0131nda yapt\u0131klar\u0131 merak konusu oldu.<\/p>\n<p>Yasal Olmayan Kre\u015f mi?<\/p>\n<p>Ekipmanlar ve \u00e7ocuklar\u0131n ba\u015f\u0131nda bulunun ki\u015filerin hoca oldu\u011fu tahmin edilerek sorulan soruya, kre\u015f de\u011fil akraba \u00e7ocuklar\u0131 oldu\u011fu cevab\u0131 verildi. \u00c7ocuklar\u0131n ba\u015f\u0131nda duran, 5 y\u0131ld\u0131r Mersin\u2019de ya\u015fad\u0131\u011f\u0131n\u0131 ve Suriye vatanda\u015f\u0131 oldu\u011funu belirten Ahmet isimli ki\u015fi, tekstil i\u015fiyle u\u011fra\u015ft\u0131\u011f\u0131n\u0131 ve \u00e7ocuklar\u0131n hepsinin akrabalar\u0131 oldu\u011funu belirtti. Sorulan sorular kar\u015f\u0131s\u0131nda bulunduklar\u0131 yerden hemen toparlanarak uzakla\u015fmalar\u0131, Suriyelilerin kendi aralar\u0131nda faaliyet g\u00f6sterdi\u011fi kay\u0131t d\u0131\u015f\u0131 kre\u015f oldu\u011fu y\u00f6n\u00fcnde \u015f\u00fcphe uyand\u0131rd\u0131.<\/p>\n<p>NURDANE KARAKU\u015e<\/p>\n","protected":false},"excerpt":{"rendered":"<p>M\u00fcft\u00fc Deresi\u2019nde g\u00fcne\u015fli havan\u0131n tad\u0131n\u0131 \u00e7\u0131karmak isteyen yabanc\u0131 uyruklu ki\u015filer, k\u00fc\u00e7\u00fck \u00e7ocuklara, ini\u015fi g\u00fcvenli olmayan dere kenar\u0131nda resim yapt\u0131r\u0131p \u015fark\u0131 s\u00f6ylediler. Yeni\u015fehir il\u00e7esine ba\u011fl\u0131 Pirireis Mahallesi\u2019nde M\u00fcft\u00fc Deresi\u2019nin kenar\u0131nda, beyaz yaz\u0131 tahtas\u0131, masa ve sandalyelerle dere i\u00e7ine kadar inerek, burada resim yapmak istediler. Dereye herhangi bir ini\u015f kolayl\u0131\u011f\u0131 olmad\u0131\u011f\u0131 gibi dik bir \u015fekilde ta\u015f ve [&hellip;]<\/p>\n","protected":false},"author":2,"featured_media":0,"comment_status":"open","ping_status":"open","sticky":false,"template":"","format":"standard","meta":{"footnotes":""},"categories":[],"tags":[],"class_list":["post-5273","post","type-post","status-publish","format-standard","hentry"],"views":24,"_links":{"self":[{"href":"https:\/\/mersingazetesi.com\/index.php\/wp-json\/wp\/v2\/posts\/5273","targetHints":{"allow":["GET"]}}],"collection":[{"href":"https:\/\/mersingazetesi.com\/index.php\/wp-json\/wp\/v2\/posts"}],"about":[{"href":"https:\/\/mersingazetesi.com\/index.php\/wp-json\/wp\/v2\/types\/post"}],"author":[{"embeddable":true,"href":"https:\/\/mersingazetesi.com\/index.php\/wp-json\/wp\/v2\/users\/2"}],"replies":[{"embeddable":true,"href":"https:\/\/mersingazetesi.com\/index.php\/wp-json\/wp\/v2\/comments?post=5273"}],"version-history":[{"count":0,"href":"https:\/\/mersingazetesi.com\/index.php\/wp-json\/wp\/v2\/posts\/5273\/revisions"}],"wp:attachment":[{"href":"https:\/\/mersingazetesi.com\/index.php\/wp-json\/wp\/v2\/media?parent=5273"}],"wp:term":[{"taxonomy":"category","embeddable":true,"href":"https:\/\/mersingazetesi.com\/index.php\/wp-json\/wp\/v2\/categories?post=5273"},{"taxonomy":"post_tag","embeddable":true,"href":"https:\/\/mersingazetesi.com\/index.php\/wp-json\/wp\/v2\/tags?post=5273"}],"curies":[{"name":"wp","href":"https:\/\/api.w.org\/{rel}","templated":true}]}}