{"id":5268,"date":"2021-11-23T11:54:05","date_gmt":"2021-11-23T08:54:05","guid":{"rendered":"http:\/\/mersin.mesiad.org\/index.php\/2021\/11\/23\/4uncu-osb-bitiyor-6-tane-daha-yolda\/"},"modified":"2021-11-23T11:54:05","modified_gmt":"2021-11-23T08:54:05","slug":"4uncu-osb-bitiyor-6-tane-daha-yolda","status":"publish","type":"post","link":"https:\/\/mersingazetesi.com\/index.php\/2021\/11\/23\/4uncu-osb-bitiyor-6-tane-daha-yolda\/","title":{"rendered":"4\u2019\u00fcnc\u00fc OSB bitiyor 6 TANE DAHA YOLDA"},"content":{"rendered":"<p>Binalarda enerji verimlili\u011fi, \u0131s\u0131 yal\u0131t\u0131m\u0131 ve mantolama Mersin\u2019de masaya yat\u0131r\u0131ld\u0131. Toplant\u0131da konu\u015fan MTOSB Ba\u015fkan\u0131 Sabri Tekli Mersin\u2019in, \u00f6n\u00fcm\u00fczdeki s\u00fcre\u00e7te 10 tane OSB\u2019ye sahip olacak bir kent oldu\u011funu vurgulad\u0131.<\/p>\n<p>MTOSB Ba\u015fkan\u0131 Sabri Tekli Mersin\u2019in potansiyeli y\u00fcksek bir kent oldu\u011funu, sanayisinin y\u00fckselmesinin de h\u0131z kazand\u0131\u011f\u0131n\u0131 s\u00f6yledi. Mersin\u2019in, \u00f6n\u00fcm\u00fczdeki s\u00fcre\u00e7te 10 tane OSB\u2019ye sahip olacak bir kent oldu\u011funu vurgulayan Tekli, \u201cMevcutta \u015fu an 4\u2019\u00fcnc\u00fc OSB bitmek \u00fczere, 6 tane OSB\u2019miz de yap\u0131m a\u015famas\u0131nda. \u00d6zellikle fabrikalar\u0131m\u0131z\u0131n b\u00fcy\u00fcmesi, \u00fclkemizin gelece\u011findeki \u00fcretim hatlar\u0131n\u0131n b\u00fcy\u00fcmesi demektir. \u00d6nce \u00fcretimi, daha sonra da ya\u015fam kalitemizi planlamam\u0131z gerekiyor. Biz \u015fu an yapt\u0131\u011f\u0131m\u0131z \u00e7al\u0131\u015fmalarla ciddi bir noktaday\u0131z. D\u00fcnya bunun fark\u0131nda. Ciddi anlamda b\u00fcy\u00fcyebiliyoruz, \u00e7\u00fcnk\u00fc b\u00fcy\u00fcmek zorunday\u0131z. \u00dcretimde durmak yok\u201d diye konu\u015ftu.\u00a0<\/p>\n<p>\u201cY\u0131lba\u015f\u0131na kadar kampanya ba\u015flatt\u0131k\u201d<br \/>\n\u00a0<br \/>\nYat\u0131r\u0131mc\u0131lara \u00e7a\u011fr\u0131 yapan Tekli, \u00f6nemli olan\u0131n, OSB\u2019leri kurmak ve b\u00fcy\u00fctmek oldu\u011funu dile getirerek, \u201cBiz, bu u\u011furda Mersinimize bir\u00e7ok \u015feyi kazand\u0131rd\u0131k, kazand\u0131rmaya da devam ediyoruz. \u00d6zellikle OSB\u2019de 3\u2019\u00fcnc\u00fc b\u00f6lgemizde birka\u00e7 yerimiz kald\u0131. Yat\u0131r\u0131m yapmak isteyen firma temsilcilerimize memnuniyetle arsalar\u0131m\u0131z\u0131 gezdirebiliriz. Y\u0131lba\u015f\u0131na kadar kampanya ba\u015flatt\u0131k. \u015eu an 3\u2019\u00fcnc\u00fc b\u00f6lgemizde 33 parselin altyap\u0131s\u0131 bu y\u0131l sonu itibariyle tamamlan\u0131yor ve in\u015faat anlam\u0131nda ciddi yat\u0131r\u0131mlar var\u201d ifadelerini kulland\u0131.\u00a0<br \/>\nTekli, \u0131s\u0131 yal\u0131t\u0131m\u0131 sekt\u00f6r\u00fcn\u00fcn, T\u00fcrkiye\u2019ye sa\u011fl\u0131kl\u0131 bir ya\u015fam sunmak i\u00e7in \u00e7al\u0131\u015ft\u0131\u011f\u0131n\u0131 da kaydederek, emekleri i\u00e7in sekt\u00f6r temsilcilerine te\u015fekk\u00fcr etti.\u00a0<br \/>\nKonu\u015fmalar\u0131n ard\u0131ndan K\u0131r\u0131kkale \u00dcniversitesi M\u00fchendislik Fak\u00fcltesi Makine M\u00fchendisli\u011fi B\u00f6l\u00fcm\u00fc \u00d6\u011fretim \u00dcyesi Prof. Dr. \u0130brahim Uzun ile EPSDER Genel Sekreteri Murat Kenet sunum yapt\u0131. \u00a0\u00a0 \u00a0 \u00a0 \u00a0 \u00a0 \u00a0\u00a0<\/p>\n<p>Binalarda enerji verimlili\u011fi, \u0131s\u0131 yal\u0131t\u0131m\u0131 ve mantolama Mersin\u2019de masaya yat\u0131r\u0131ld\u0131. EPSDER Ba\u015fkan\u0131 Erdem Ate\u015f, T\u00fcrkiye\u2019nin 2018\u2019de ithal etti\u011fi enerjiye \u00f6dedi\u011fi bedelin 43 milyar dolara ula\u015ft\u0131\u011f\u0131n\u0131 belirterek, \u201cBinalarda \u0131s\u0131 yal\u0131t\u0131m uygulamalar\u0131 ile sadece 300 bin binan\u0131n yal\u0131t\u0131lmas\u0131 durumunda 375 milyon metrek\u00fcp do\u011falgaz tasarrufu, yani yakla\u015f\u0131k 610 milyon TL tasarruf elde edilebiliriz\u201d dedi.\u00a0<br \/>\nMersin\u2019de, EPS Sanayi Derne\u011fi (EPSDER) taraf\u0131ndan Teknopanel deste\u011fi ile \u201cEPS Sanayi ve Payda\u015f Kurum Bulu\u015fmalar\u0131\u201d toplant\u0131s\u0131 d\u00fczenlendi. Bir otelde ger\u00e7ekle\u015ftirilen toplant\u0131da, binalarda enerji verimlili\u011fi, \u0131s\u0131 yal\u0131t\u0131m\u0131 ve mantolama konular\u0131 ile EPS\u2019nin (genle\u015ftirilmi\u015f polistiren sert k\u00f6p\u00fck) farkl\u0131 kullan\u0131m alanlar\u0131 t\u00fcm detaylar\u0131yla ele al\u0131nd\u0131. B\u00f6lgedeki t\u00fcm payda\u015f kurumlar\u0131 ve ilgilileri bir araya getiren toplant\u0131ya, Mersin Tarsus Organize Sanayi B\u00f6lgesi (MTOSB) Ba\u015fkan\u0131 Sabri Tekli ile Teknopanel Genel M\u00fcd\u00fcr\u00fc Orhan Kahveci de kat\u0131ld\u0131.\u00a0<\/p>\n<p>\u201c\u0130n\u015faat ve yap\u0131 malzemeleri sekt\u00f6rlerinde ciddi daralmalar ya\u015fan\u0131yor\u201d<br \/>\n\u00a0<br \/>\nBulu\u015fman\u0131n a\u00e7\u0131\u015f konu\u015fmas\u0131n\u0131 yapan EPSDER Y\u00f6netim Kurulu Ba\u015fkan\u0131 Erdem Ate\u015f, 2018\u2019de T\u00fcrkiye\u2019de ve d\u00fcnyada ba\u015f g\u00f6steren ekonomik geli\u015fmelerin ve sorunlar\u0131n 2019\u2019da giderek artt\u0131\u011f\u0131na i\u015faret etti. Ate\u015f, d\u00f6viz kurlar\u0131nda meydana gelen dalgalanmalar, y\u00fcksek kredi ve mevduat faiz oranlar\u0131, enflasyonun y\u00fcksek gitmesi ve global ticaret sava\u015flar\u0131 gibi bir\u00e7ok etken nedeniyle \u00f6zellikle EPS sekt\u00f6r\u00fcn\u00fcn hitap etti\u011fi in\u015faat ve yap\u0131 malzemeleri sekt\u00f6rlerinde de ciddi daralmalar ya\u015fand\u0131\u011f\u0131na dikkat \u00e7ekti. T\u00fcrkiye \u0130statistik Kurumu verilerine g\u00f6re, 2019\u2019un ilk \u00e7eyre\u011finde T\u00fcrkiye\u2019de in\u015faat sekt\u00f6r\u00fcn\u00fcn y\u00fczde 9,3, T\u00fcrkiye ekonomisinin y\u00fczde 2,4; ikinci \u00e7eyrekte ise in\u015faat sekt\u00f6r\u00fcn\u00fcn y\u00fczde 12,7, T\u00fcrkiye ekonomisinin de y\u00fczde 1,5 oran\u0131nda k\u00fc\u00e7\u00fcld\u00fc\u011f\u00fcn\u00fc belirten Ate\u015f, \u201cT\u00fcrkiye \u0130n\u015faat Malzemesi Sanayicileri Derne\u011fi verilerine g\u00f6re ise 2018 ve 2019 y\u0131llar\u0131n\u0131n ilk 6 ayl\u0131k periyotlar\u0131n\u0131 kar\u015f\u0131la\u015ft\u0131rd\u0131\u011f\u0131m\u0131z zaman yurt i\u00e7i in\u015faat malzemesi sat\u0131\u015flar\u0131n\u0131n y\u00fczde 22,6 azald\u0131\u011f\u0131n\u0131 g\u00f6r\u00fcyoruz. Yine ayn\u0131 d\u00f6nemde al\u0131nan in\u015faat ruhsat\u0131 say\u0131s\u0131n\u0131n y\u00fczde 40\u2019a d\u00fc\u015ft\u00fc\u011f\u00fcn\u00fc g\u00f6r\u00fcyoruz. Ya\u015fanan t\u00fcm ekonomik olumsuzluklara ra\u011fmen 1 Ocak 2020\u2019de zorunlu hale gelmesini bekledi\u011fimiz Enerji Kimlik Belgesi, \u00fclkemizdeki yal\u0131t\u0131m bilinci ve kullan\u0131lan \u0131s\u0131 yal\u0131t\u0131m malzemesi kal\u0131nl\u0131klar\u0131n\u0131n ge\u00e7mi\u015f y\u0131llara g\u00f6re art\u0131yor olmas\u0131, TSE 825 Binalarda Is\u0131 Yal\u0131t\u0131m Kurallar\u0131 Standard\u0131n\u0131n revizyonu \u00e7al\u0131\u015fmalar\u0131, y\u00fcr\u00fcrl\u00fc\u011fe giren binalar\u0131n korunmas\u0131 hakk\u0131ndaki y\u00f6netmelik ve altyap\u0131 projelerinde art\u0131k hayata ge\u00e7en GEOFOAM uygulamalar\u0131 gibi geli\u015fmeler sekt\u00f6r\u00fcm\u00fcz\u00fcn ve \u00fclkemizin \u00f6n\u00fcndeki en b\u00fcy\u00fck f\u0131rsat\u201d diye konu\u015ftu.\u00a0<\/p>\n<p>\u201cIs\u0131 yal\u0131t\u0131m\u0131, sadece so\u011fuktan korunmak i\u00e7in de\u011fil, s\u0131caktan korunmak i\u00e7in de gereklidir\u201d<br \/>\n\u00a0<br \/>\n\u00d6zellikle T\u00fcrkiye\u2019deki sa\u011fl\u0131ks\u0131z ve konfordan yoksun yap\u0131 stoku, \u0131s\u0131 yal\u0131t\u0131m bilincinin hala d\u00fc\u015f\u00fck olmas\u0131, mevzuatlardaki yetersizlikler ve ekonomik durum ile cari a\u00e7\u0131k g\u00f6z \u00f6n\u00fcne al\u0131nd\u0131\u011f\u0131nda, T\u00fcrkiye i\u00e7in enerji verimlili\u011fi ve \u0131s\u0131 yal\u0131t\u0131m\u0131n\u0131n \u00e7ok b\u00fcy\u00fck bir \u00f6neme sahip oldu\u011funu vurgulayan Ate\u015f, \u201cIs\u0131 yal\u0131t\u0131m\u0131n\u0131n sadece so\u011fuktan korudu\u011funa dair yanl\u0131\u015f bir kan\u0131 var. Halbuki binalarda \u0131s\u0131 yal\u0131t\u0131m\u0131, Mersin ve Akdeniz b\u00f6lgesi gibi yaz aylar\u0131n\u0131n \u00e7ok s\u0131cak ge\u00e7ti\u011fi yerlerde bizi s\u0131ca\u011fa kar\u015f\u0131 da korur. Is\u0131 yal\u0131t\u0131m\u0131, k\u0131\u015f\u0131n do\u011falgaz gibi \u0131s\u0131tma giderlerimizde, yaz\u0131n ise elektrik gibi so\u011futma giderlerimizde \u00e7ok ciddi tasarruf sa\u011flama potansiyeline sahiptir\u201d ifadelerini kulland\u0131.\u00a0<\/p>\n<p>\u201cBinalar\u0131n t\u00fcketti\u011fi enerjide senelik art\u0131\u015f y\u00fczde 17 civar\u0131nda\u201d\u00a0<\/p>\n<p>T\u00fcrkiye\u2019de enerji t\u00fcketiminin her ge\u00e7en y\u0131l artt\u0131\u011f\u0131n\u0131 kaydeden Ate\u015f, Enerji ve Tabii Kaynaklar Bakanl\u0131\u011f\u0131n\u0131n verilerine g\u00f6re, 2017\u2019de \u00fclkede t\u00fcketilen enerji miktar\u0131n\u0131n 2016\u2019ya g\u00f6re y\u00fczde 6,8 artarak 111,5 milyon ton e\u015fde\u011fer petrol seviyesine ula\u015ft\u0131\u011f\u0131n\u0131 s\u00f6yledi. Ate\u015f, \u201cNe yaz\u0131k ki, enerjide d\u0131\u015fa ba\u011f\u0131ml\u0131 bir \u00fclkeyiz. T\u00fcketti\u011fimiz enerjinin y\u00fczde 75\u2019ini ithal ediyoruz. \u0130thal etti\u011fimiz enerjiye \u00f6dedi\u011fimiz bedeller, 2016\u2019da 27,2 milyar dolar, 2017\u2019de 37,2 milyar dolar ve 2018\u2019de 43 milyar dolara ula\u015ft\u0131. T\u00fcketti\u011fimiz bu enerjinin y\u00fczde 35\u2019ini de bina ve hizmetler sekt\u00f6r\u00fcnde kullan\u0131yoruz. Bu, sanayinin de \u00f6n\u00fcne ge\u00e7erek en b\u00fcy\u00fck enerji t\u00fcketti\u011fimiz alan haline geldi. Binalar\u0131n t\u00fcketti\u011fi enerjide senelik art\u0131\u015f ise toplam enerji t\u00fcketimindeki art\u0131\u015f\u0131n \u00e7ok \u00fczerinde ve y\u00fczde 17 civar\u0131nda. \u00d6zellikle konutlarda kullan\u0131lan enerjinin y\u00fczde 80\u2019i \u0131s\u0131tma ve so\u011futma ama\u00e7l\u0131 olarak kullan\u0131l\u0131yor. Do\u011fru malzeme, mevcut mevzuatlar\u0131m\u0131za uygun \u0131s\u0131 yal\u0131t\u0131m malzemesi kal\u0131nl\u0131\u011f\u0131 ve do\u011fru uygulama ile bu enerji miktar\u0131ndan y\u00fczde 50 tasarruf etmemiz m\u00fcmk\u00fcn\u201d \u015feklinde konu\u015ftu.\u00a0<\/p>\n<p>\u201c300 bin binaya \u0131s\u0131 yal\u0131t\u0131m\u0131 yaparsak, do\u011falgazdan senede 610 milyon TL tasarruf ederiz\u201d<br \/>\n\u00a0<br \/>\nEkonomik olmas\u0131, tasarruf potansiyeli, kolay uygulanabilir olmas\u0131 ve kendini 2-3 senede amorti edebilmesi dolay\u0131s\u0131yla \u0131s\u0131 yal\u0131t\u0131m\u0131n\u0131n en etkin enerji verimlilik ve tasarruf y\u00f6ntemi oldu\u011funu vurgulayan Ate\u015f, bug\u00fcn T\u00fcrkiye\u2019deki binalar\u0131n y\u00fczde 80\u2019inin halen enerji verimsiz durumda oldu\u011funu belirtti. T\u00fcrkiye\u2019de kentsel d\u00f6n\u00fc\u015f\u00fcme girmeyecek 5 milyon 600 bin konut oldu\u011fu bilgisini veren Ate\u015f, \u015f\u00f6yle devam etti: \u201c7 milyon konutun da kentsel d\u00f6n\u00fc\u015f\u00fcm\u00fc planlan\u0131yor. Bizler, \u00fclke olarak kentsel d\u00f6n\u00fc\u015f\u00fcme girmeyecek 5 milyon 600 bin konutun her y\u0131l y\u00fczde 5\u2019ine, yani 300 binine mevcut mevzuatlar\u0131m\u0131za g\u00f6re \u0131s\u0131 yal\u0131t\u0131m\u0131 yaparsak, senede 375 milyon metrek\u00fcp do\u011falgaz, yani yakla\u015f\u0131k 610 milyon TL tasarruf elde edilebiliriz. Is\u0131 yal\u0131t\u0131m malzemesini de geli\u015fmi\u015f \u00fclkeler seviyesine \u00e7\u0131kar\u0131rsak, bu tasarruf iki kat\u0131na \u00e7\u0131kabilir. Buna bir de kentsel d\u00f6n\u00fc\u015f\u00fcm\u00fc d\u00fc\u015f\u00fcn\u00fclen 7 milyon konutun yeni revize edilecek mevzuatlara g\u00f6re d\u00f6n\u00fc\u015ft\u00fcr\u00fcld\u00fc\u011f\u00fcn\u00fc hesaba katarsak rakamlar \u00e7ok ciddi boyutlara ula\u015facakt\u0131r ve cari a\u00e7\u0131\u011f\u0131m\u0131z a\u00e7\u0131s\u0131ndan da \u00e7ok \u00f6nemli bir seviyeye geliriz.\u201d\u00a0<\/p>\n<p>\u201cMevcut mevzuatlar\u0131n revize edilmesi gerekiyor\u201d<br \/>\n\u00a0<br \/>\nSekt\u00f6r\u00fcn beklentilerini de dile getiren Ate\u015f, geli\u015fmi\u015f \u00fclkeler seviyesinde yasal mevzuatlara ve son kullan\u0131c\u0131ya sa\u011flanan imkanlara sahip olmalar\u0131 gerekti\u011finin alt\u0131n\u0131 \u00e7izdi. Mevcut \u0131s\u0131 yal\u0131t\u0131m\u0131 mevzuatlar\u0131n\u0131n revize edilmesini isteyen Ate\u015f, \u201cMevcut mevzuatlar\u0131m\u0131z\u0131 sadece yeni yap\u0131lan binalar i\u00e7in de\u011fil, yap\u0131 stokumuzu da kapsayacak \u015fekilde revize etmeliyiz. Ayr\u0131ca, son t\u00fcketiciye y\u00f6nelik uzun vadeli, d\u00fc\u015f\u00fck faizli kredi olanaklar\u0131 sunmay\u0131, vergi muafiyetleri ve indirim yapmay\u0131 bir devlet politikas\u0131 haline getirmemiz de gerekiyor\u201d dedi.\u00a0<br \/>\n\u00a0<\/p>\n<p>\u0130HA<\/p>\n","protected":false},"excerpt":{"rendered":"<p>Tekli, \u201cMevcutta \u015fu an 4\u2019\u00fcnc\u00fc OSB bitmek \u00fczere, 6 tane OSB\u2019miz de yap\u0131m a\u015famas\u0131nda. \u00dcretimde durmak yok.\u201d<\/p>\n","protected":false},"author":2,"featured_media":0,"comment_status":"open","ping_status":"open","sticky":false,"template":"","format":"standard","meta":{"footnotes":""},"categories":[],"tags":[],"class_list":["post-5268","post","type-post","status-publish","format-standard","hentry"],"views":22,"_links":{"self":[{"href":"https:\/\/mersingazetesi.com\/index.php\/wp-json\/wp\/v2\/posts\/5268","targetHints":{"allow":["GET"]}}],"collection":[{"href":"https:\/\/mersingazetesi.com\/index.php\/wp-json\/wp\/v2\/posts"}],"about":[{"href":"https:\/\/mersingazetesi.com\/index.php\/wp-json\/wp\/v2\/types\/post"}],"author":[{"embeddable":true,"href":"https:\/\/mersingazetesi.com\/index.php\/wp-json\/wp\/v2\/users\/2"}],"replies":[{"embeddable":true,"href":"https:\/\/mersingazetesi.com\/index.php\/wp-json\/wp\/v2\/comments?post=5268"}],"version-history":[{"count":0,"href":"https:\/\/mersingazetesi.com\/index.php\/wp-json\/wp\/v2\/posts\/5268\/revisions"}],"wp:attachment":[{"href":"https:\/\/mersingazetesi.com\/index.php\/wp-json\/wp\/v2\/media?parent=5268"}],"wp:term":[{"taxonomy":"category","embeddable":true,"href":"https:\/\/mersingazetesi.com\/index.php\/wp-json\/wp\/v2\/categories?post=5268"},{"taxonomy":"post_tag","embeddable":true,"href":"https:\/\/mersingazetesi.com\/index.php\/wp-json\/wp\/v2\/tags?post=5268"}],"curies":[{"name":"wp","href":"https:\/\/api.w.org\/{rel}","templated":true}]}}