{"id":5245,"date":"2021-11-23T11:54:04","date_gmt":"2021-11-23T08:54:04","guid":{"rendered":"http:\/\/mersin.mesiad.org\/index.php\/2021\/11\/23\/turkiye-avm-coplugu-olmasin\/"},"modified":"2021-11-23T11:54:04","modified_gmt":"2021-11-23T08:54:04","slug":"turkiye-avm-coplugu-olmasin","status":"publish","type":"post","link":"https:\/\/mersingazetesi.com\/index.php\/2021\/11\/23\/turkiye-avm-coplugu-olmasin\/","title":{"rendered":"T\u00dcRK\u0130YE, AVM  \u00c7\u00d6PL\u00dc\u011e\u00dc OLMASIN"},"content":{"rendered":"<p>CHP\u2019li vekil Orhan S\u00fcmer, \u201cdoyum noktas\u0131n\u0131\u201d a\u015fan AVM sekt\u00f6r\u00fcn\u00fcn art\u0131k \u201csanal al\u0131\u015fveri\u015fe\u201d teslim olmak \u00fczere oldu\u011funu belirterek, \u201cT\u00fcrkiye bir AVM \u00e7\u00f6pl\u00fc\u011f\u00fcne d\u00f6n\u00fc\u015fmeden \u00f6nlem al\u0131nmas\u0131 art\u0131k bir zaruret\u201d dedi.<br \/>\nMersin Marina\u2019n\u0131n da yasalara ayk\u0131r\u0131 bir \u015fekilde AVM\u2019ye d\u00f6n\u00fc\u015fmesine ili\u015fkin tepkiler dinmez iken, Mersin Milletvekillerinin konuyu g\u00fcndeme getirmemesi ve sessiz kalmas\u0131 da tepki \u00e7ekiyor..!<\/p>\n<p>Cumhuriyet Halk Partisi Adana Milletvekil ve Grup Y\u00f6netim Kurulu \u00dcyesi Orhan S\u00fcmer, 2020 Y\u0131l\u0131 Merkezi Y\u00f6netim B\u00fct\u00e7e Kanunu Teklifi&#8217;nin Ticaret Bakanl\u0131\u011f\u0131 b\u00fct\u00e7esi \u00fczerine partisi ad\u0131na TBMM Genel Kurulu\u2019nda konu\u015ftu. Say\u0131\u015ftay raporlar\u0131nda Ticaret Bakanl\u0131\u011f\u0131 hakk\u0131nda \u00e7ok say\u0131da usuls\u00fczl\u00fck oldu\u011funa de\u011finen S\u00fcmer, hemen her kurumda benzer usuls\u00fczl\u00fckler ya\u015fand\u0131\u011f\u0131na dikkat \u00e7ekti.<br \/>\nS\u00fcmer, esnaf ve sanatk\u00e2rlar\u0131n Ticaret Bakanl\u0131\u011f\u0131\u2019n\u0131n g\u00f6rev, yetki ve sorumluluk alan\u0131na girdi\u011fini an\u0131msatarak \u201cBu kesimin sorunlar\u0131n\u0131 \u00e7\u00f6z\u00fcm \u00f6nerileriyle birlikte s\u00fcrekli g\u00fcndeme getiriyoruz ama \u00e7\u00f6z\u00fcms\u00fczl\u00fckte de h\u00e2l\u00e2 \u0131srar ediyorlar\u201d dedi.<\/p>\n<p>MERS\u0130NL\u0130 VEK\u0130LLER NEDEN SESS\u0130Z?<\/p>\n<p>Mersin&#8217;de de 2011&#8217;de hizmete a\u00e7\u0131lan ve tonlarca para harcanan Mersin Yat Liman\u0131 (Marina)&#8217;da dev bir \u00a0AVM yap\u0131la\u015fmas\u0131na kimse dur demiyor. Amac\u0131 d\u0131\u015f\u0131nda kullan\u0131lan Marina\u2019da ticari ama\u00e7l\u0131 binalar\u0131n yap\u0131lmas\u0131, Anayasa ve k\u0131y\u0131 kanununun ilgili h\u00fck\u00fcmlerine ayk\u0131r\u0131 oldu\u011fu bilindi\u011fi halde AVM faaliyetleri devam ediyor.<br \/>\nMersin Marina\u2019da karar\u0131 Ankara verdi\u011fi i\u00e7in Mersin Milletvekilleri ve Mersin\u2019deki ilgili kurum ve kurulu\u015flar\u0131n seslerini dahi \u00e7\u0131karam\u0131yor olmalar\u0131 da esefle kar\u015f\u0131lan\u0131yor.\u00a0<br \/>\nGe\u00e7ti\u011fimiz aylarda Mersin Marina\u2019daki ilave in\u015faatlar\u0131n durdurulmas\u0131 i\u00e7in a\u00e7\u0131lan davada mahkeme, y\u00fcr\u00fctmeyi durdurma karar\u0131 vermi\u015fti.<\/p>\n<p>A\u00e7\u0131lan dava sonunda \u0130mar plan notu de\u011fi\u015fikli\u011finin iptali, plan notu gerek\u00e7e g\u00f6sterilerek yap\u0131lmas\u0131 planlanan ilave in\u015faatlar mahkeme karar\u0131yla durdurulmu\u015ftu. Ancak yine de engel tan\u0131mayan Marina\u2019da hi\u00e7bir yapt\u0131r\u0131m yap\u0131lmad\u0131\u011f\u0131 i\u00e7in sular da bir t\u00fcrl\u00fc durulmuyor.<\/p>\n<p>TEHL\u0130KE \u00c7OK B\u00dcY\u00dcK!<\/p>\n<p>AVM sekt\u00f6r\u00fcyle ilgili yeni bir d\u00fczenleme yap\u0131lmas\u0131 gerekti\u011fini kaydeden S\u00fcmer s\u00f6zlerini \u015f\u00f6yle s\u00fcrd\u00fcrd\u00fc: \u201cTehlike \u00e7ok b\u00fcy\u00fck. Art\u0131k hepimizin cebinde bulunan ak\u0131ll\u0131 telefonlar bir al\u0131\u015fveri\u015f platformu haline geldi. Sanal al\u0131\u015fveri\u015f siteleri \u00e7\u0131\u011f gibi b\u00fcy\u00fcmekte. 2010 y\u0131l\u0131nda sanal al\u0131\u015f i\u015flem say\u0131s\u0131 7 milyon 900 bin iken, bug\u00fcn 51 milyon 600 bine \u00e7\u0131kt\u0131. 2010 y\u0131l\u0131nda 1 milyar 300 milyon TL olan al\u0131\u015fveri\u015f miktar\u0131 \u015fu an 16 milyar 3 milyon TL&#8217;ye y\u00fckseldi. De\u011fer \u00fcreten, istihdam sa\u011flayan fabrikalar\u0131 kapatt\u0131n\u0131z, yerlerine g\u00f6steri\u015fli AVM&#8217;ler yapt\u0131n\u0131z. Doyum noktas\u0131n\u0131 a\u015fan bu sekt\u00f6r art\u0131k sanal al\u0131\u015fveri\u015fe teslim olmak \u00fczere. T\u00fcrkiye&#8217;nin bir AVM \u00e7\u00f6pl\u00fc\u011f\u00fcne d\u00f6n\u00fc\u015fmeden \u00f6nlem al\u0131nmas\u0131 art\u0131k bir zaruret. \u0130nternet \u00fczerinden al\u0131\u015fveri\u015fin artmas\u0131yla birlikte t\u00fcketiciyi aldatan kampanyalarda bir art\u0131\u015f s\u00f6z konusu. Bu konuda Ticaret Bakanl\u0131\u011f\u0131\u2019n\u0131n daha etkin bir \u00f6nlem almas\u0131 gerekmektedir diyorum.\u201d<\/p>\n<p>ADANA\u2019DA 55 FABR\u0130KA KAPANDI!<\/p>\n<p>TESK\u2019in verilerine g\u00f6re, 2019&#8217;un Ocak-Ekim d\u00f6neminde a\u00e7\u0131lan i\u015f yeri say\u0131s\u0131 2018&#8217;in ayn\u0131 d\u00f6nemine g\u00f6re 0,5 azald\u0131\u011f\u0131n\u0131, ayn\u0131 d\u00f6nemde kapanan i\u015f yeri say\u0131s\u0131n\u0131n da y\u00fczde 4,3 artarak 91 bin 40&#8217;a ula\u015ft\u0131\u011f\u0131n\u0131 belirten S\u00fcmer, \u201cSe\u00e7im b\u00f6lgem Adana&#8217;daki durum da maalesef, T\u00fcrkiye genelinden farkl\u0131 de\u011fil. Son on y\u0131lda 25 bin esnaf kepenk kapatt\u0131. Adana&#8217;n\u0131n istihdam y\u00fck\u00fcn\u00fc \u00e7eken 55 b\u00fcy\u00fck fabrika da kap\u0131s\u0131na kilit vurdu\u201d dedi. CHP\u2019li S\u00fcmer, iktidara yak\u0131n sermaye gruplar\u0131n\u0131n kontrol etti\u011fi market zincirlerinin mahalledeki \u201cbakkal amcay\u0131\u201d ya\u015fayamaz h\u00e2le getirdi\u011fini kaydederek yap\u0131lmas\u0131 d\u00fc\u015f\u00fcn\u00fclen yasa \u00e7al\u0131\u015fmas\u0131 i\u00e7in ge\u00e7 kal\u0131nd\u0131\u011f\u0131n\u0131 belirtti. S\u00fcmer, 2014&#8217;te T\u00fcrkiye genelindeki 361 AVM\u2019nin bug\u00fcn 432&#8217;ye y\u00fckseldi\u011fi bilgisini vererek, \u201cAdana&#8217;da on binlerce ki\u015fiyi istihdam eden,kentin ekonomisine b\u00fcy\u00fck de\u011fer katan 3 b\u00fcy\u00fck fabrikay\u0131 maalesef kapatt\u0131n\u0131z ve yerlerine 3 b\u00fcy\u00fck yeni AVM yap\u0131ld\u0131. Bu asl\u0131nda,ekonomi y\u00f6netiminizi de ortaya koyuyor yani \u00fcreten de\u011fil t\u00fcketen toplum\u201d diye konu\u015ftu.<\/p>\n<p>ARZU \u00d6ZER<\/p>\n","protected":false},"excerpt":{"rendered":"<p>CHP\u2019li vekil Orhan S\u00fcmer, \u201cdoyum noktas\u0131n\u0131\u201d a\u015fan AVM sekt\u00f6r\u00fcn\u00fcn art\u0131k \u201csanal al\u0131\u015fveri\u015fe\u201d teslim olmak \u00fczere oldu\u011funu belirterek, \u201cT\u00fcrkiye bir AVM \u00e7\u00f6pl\u00fc\u011f\u00fcne d\u00f6n\u00fc\u015fmeden \u00f6nlem al\u0131nmas\u0131 art\u0131k bir zaruret\u201d dedi. Mersin Marina\u2019n\u0131n da yasalara ayk\u0131r\u0131 bir \u015fekilde AVM\u2019ye d\u00f6n\u00fc\u015fmesine ili\u015fkin tepkiler dinmez iken, Mersin Milletvekillerinin konuyu g\u00fcndeme getirmemesi ve sessiz kalmas\u0131 da tepki \u00e7ekiyor..! Cumhuriyet Halk Partisi [&hellip;]<\/p>\n","protected":false},"author":2,"featured_media":0,"comment_status":"open","ping_status":"open","sticky":false,"template":"","format":"standard","meta":{"footnotes":""},"categories":[],"tags":[],"class_list":["post-5245","post","type-post","status-publish","format-standard","hentry"],"views":22,"_links":{"self":[{"href":"https:\/\/mersingazetesi.com\/index.php\/wp-json\/wp\/v2\/posts\/5245","targetHints":{"allow":["GET"]}}],"collection":[{"href":"https:\/\/mersingazetesi.com\/index.php\/wp-json\/wp\/v2\/posts"}],"about":[{"href":"https:\/\/mersingazetesi.com\/index.php\/wp-json\/wp\/v2\/types\/post"}],"author":[{"embeddable":true,"href":"https:\/\/mersingazetesi.com\/index.php\/wp-json\/wp\/v2\/users\/2"}],"replies":[{"embeddable":true,"href":"https:\/\/mersingazetesi.com\/index.php\/wp-json\/wp\/v2\/comments?post=5245"}],"version-history":[{"count":0,"href":"https:\/\/mersingazetesi.com\/index.php\/wp-json\/wp\/v2\/posts\/5245\/revisions"}],"wp:attachment":[{"href":"https:\/\/mersingazetesi.com\/index.php\/wp-json\/wp\/v2\/media?parent=5245"}],"wp:term":[{"taxonomy":"category","embeddable":true,"href":"https:\/\/mersingazetesi.com\/index.php\/wp-json\/wp\/v2\/categories?post=5245"},{"taxonomy":"post_tag","embeddable":true,"href":"https:\/\/mersingazetesi.com\/index.php\/wp-json\/wp\/v2\/tags?post=5245"}],"curies":[{"name":"wp","href":"https:\/\/api.w.org\/{rel}","templated":true}]}}