{"id":5244,"date":"2021-11-23T11:54:04","date_gmt":"2021-11-23T08:54:04","guid":{"rendered":"http:\/\/mersin.mesiad.org\/index.php\/2021\/11\/23\/mip-gunluk-konteyner-is-hacmiyle-yeni-bir-rekor-daha-kirdi\/"},"modified":"2021-11-23T11:54:04","modified_gmt":"2021-11-23T08:54:04","slug":"mip-gunluk-konteyner-is-hacmiyle-yeni-bir-rekor-daha-kirdi","status":"publish","type":"post","link":"https:\/\/mersingazetesi.com\/index.php\/2021\/11\/23\/mip-gunluk-konteyner-is-hacmiyle-yeni-bir-rekor-daha-kirdi\/","title":{"rendered":"MIP, g\u00fcnl\u00fck konteyner i\u015f hacmiyle yeni bir  rekor daha k\u0131rd\u0131"},"content":{"rendered":"<p>T\u00fcrkiye\u2019nin en b\u00fcy\u00fck konteyner liman\u0131 olma \u00f6zelli\u011fine sahip Mersin Uluslararas\u0131 Liman\u0131 (MIP), yeni bir rekora daha imza att\u0131. MIP, Kas\u0131m ay\u0131nda ger\u00e7ekle\u015ftirdi\u011fi g\u00fcnl\u00fck 7 bin 940 TEU konteyner i\u015f hacmi ile rekor k\u0131rd\u0131.<br \/>\n\u00a0<br \/>\nMersin Uluslararas\u0131 Liman \u0130\u015fletmecili\u011fi A.\u015e.\u2019den yap\u0131lan a\u00e7\u0131klamaya g\u00f6re, yapt\u0131\u011f\u0131 mega yat\u0131r\u0131mlar, ger\u00e7ekle\u015ftirdi\u011fi projeler ve kazand\u0131\u011f\u0131 \u00f6d\u00fcllerle s\u0131k s\u0131k g\u00fcndeme gelen MIP, g\u00fcnl\u00fck 7 bin 940 TEU konteyner hareketi ger\u00e7ekle\u015ftirerek rekorlar\u0131na bir yenisini daha ekledi. MIP, y\u0131l\u0131n ilk 11 ay\u0131nda 1 milyon 769 bin TEU konteyner i\u015f hacmine ula\u015farak, bir \u00f6nceki y\u0131l\u0131n ayn\u0131 d\u00f6nemine g\u00f6re y\u00fczde 14 art\u0131\u015f kaydetti. 2018 y\u0131l\u0131nda ula\u015ft\u0131\u011f\u0131 1 milyon 720 bin TEU rakam\u0131yla T\u00fcrkiye konteyner limanlar\u0131 aras\u0131nda ilk s\u0131raya yerle\u015fen MIP, bu y\u0131l\u0131n ilk 11 ay\u0131nda kendi rekorunu k\u0131rd\u0131.\u00a0<\/p>\n<p>\u201cYar\u0131m milyar dolar yat\u0131r\u0131m planlad\u0131k\u201d<br \/>\n\u00a0<br \/>\nMIP Genel M\u00fcd\u00fcr\u00fc Johan Van Daele, yap\u0131lan yat\u0131r\u0131mlar sayesinde liman\u0131n operasyon kabiliyetinin geli\u015fti\u011fini s\u00f6yledi. Van Daele, \u201cArtan gemi boylar\u0131na y\u00f6nelik kesintisiz hizmet verebilmek i\u00e7in kap\u0131lar\u0131n yap\u0131land\u0131r\u0131lmas\u0131, ekipman yat\u0131r\u0131mlar\u0131, geni\u015fleme projeleri ve operasyonun ihtiyac\u0131na paralel olarak iyile\u015ftirme \u00e7al\u0131\u015fmalar\u0131n\u0131 hayata ge\u00e7irmeye devam ediyoruz. T\u00fcm payda\u015flar\u0131m\u0131z\u0131n deste\u011fiyle limana en do\u011fru yat\u0131r\u0131mlar\u0131 yapmay\u0131 ama\u00e7l\u0131yoruz. Profesyonel hizmetimizi daha da geli\u015ftirmek ve b\u00f6lgedeki t\u00fcm liman kullan\u0131c\u0131lar\u0131 ile hinterland\u0131m\u0131z\u0131n beklentilerini kar\u015f\u0131layabilmek i\u00e7in yar\u0131m milyar dolar yat\u0131r\u0131m planlad\u0131k. Kaliteyi \u00f6n planda tutan hizmet anlay\u0131\u015f\u0131yla d\u00fcnya limanlar\u0131 aras\u0131ndaki konumumuzu g\u00fc\u00e7lendirmeye \u00e7al\u0131\u015f\u0131rken, di\u011fer taraftan \u00fclkenin kalk\u0131nmas\u0131na katk\u0131 sa\u011flayacak projelerin en b\u00fcy\u00fck destek\u00e7isi olmaya devam edece\u011fiz\u201d dedi.\u00a0<\/p>\n<p>\u0130HA<\/p>\n","protected":false},"excerpt":{"rendered":"<p>T\u00fcrkiye\u2019nin en b\u00fcy\u00fck konteyner liman\u0131 olma \u00f6zelli\u011fine sahip Mersin Uluslararas\u0131 Liman\u0131 (MIP), yeni bir rekora daha imza att\u0131. MIP, Kas\u0131m ay\u0131nda ger\u00e7ekle\u015ftirdi\u011fi g\u00fcnl\u00fck 7 bin 940 TEU konteyner i\u015f hacmi ile rekor k\u0131rd\u0131. \u00a0 Mersin Uluslararas\u0131 Liman \u0130\u015fletmecili\u011fi A.\u015e.\u2019den yap\u0131lan a\u00e7\u0131klamaya g\u00f6re, yapt\u0131\u011f\u0131 mega yat\u0131r\u0131mlar, ger\u00e7ekle\u015ftirdi\u011fi projeler ve kazand\u0131\u011f\u0131 \u00f6d\u00fcllerle s\u0131k s\u0131k g\u00fcndeme gelen MIP, [&hellip;]<\/p>\n","protected":false},"author":2,"featured_media":0,"comment_status":"open","ping_status":"open","sticky":false,"template":"","format":"standard","meta":{"footnotes":""},"categories":[],"tags":[],"class_list":["post-5244","post","type-post","status-publish","format-standard","hentry"],"views":19,"_links":{"self":[{"href":"https:\/\/mersingazetesi.com\/index.php\/wp-json\/wp\/v2\/posts\/5244","targetHints":{"allow":["GET"]}}],"collection":[{"href":"https:\/\/mersingazetesi.com\/index.php\/wp-json\/wp\/v2\/posts"}],"about":[{"href":"https:\/\/mersingazetesi.com\/index.php\/wp-json\/wp\/v2\/types\/post"}],"author":[{"embeddable":true,"href":"https:\/\/mersingazetesi.com\/index.php\/wp-json\/wp\/v2\/users\/2"}],"replies":[{"embeddable":true,"href":"https:\/\/mersingazetesi.com\/index.php\/wp-json\/wp\/v2\/comments?post=5244"}],"version-history":[{"count":0,"href":"https:\/\/mersingazetesi.com\/index.php\/wp-json\/wp\/v2\/posts\/5244\/revisions"}],"wp:attachment":[{"href":"https:\/\/mersingazetesi.com\/index.php\/wp-json\/wp\/v2\/media?parent=5244"}],"wp:term":[{"taxonomy":"category","embeddable":true,"href":"https:\/\/mersingazetesi.com\/index.php\/wp-json\/wp\/v2\/categories?post=5244"},{"taxonomy":"post_tag","embeddable":true,"href":"https:\/\/mersingazetesi.com\/index.php\/wp-json\/wp\/v2\/tags?post=5244"}],"curies":[{"name":"wp","href":"https:\/\/api.w.org\/{rel}","templated":true}]}}