{"id":5239,"date":"2021-11-23T11:54:04","date_gmt":"2021-11-23T08:54:04","guid":{"rendered":"http:\/\/mersin.mesiad.org\/index.php\/2021\/11\/23\/mersin-buyuksehir-meclisi-toplantisinda-prezervatif-tartismasi\/"},"modified":"2021-11-23T11:54:04","modified_gmt":"2021-11-23T08:54:04","slug":"mersin-buyuksehir-meclisi-toplantisinda-prezervatif-tartismasi","status":"publish","type":"post","link":"https:\/\/mersingazetesi.com\/index.php\/2021\/11\/23\/mersin-buyuksehir-meclisi-toplantisinda-prezervatif-tartismasi\/","title":{"rendered":"Mersin B\u00fcy\u00fck\u015fehir Meclisi toplant\u0131s\u0131nda prezervatif tart\u0131\u015fmas\u0131"},"content":{"rendered":"<p style=\"text-align: justify;\">Mersin B\u00fcy\u00fck\u015fehir Belediye Meclisi\u2019nde belediyenin kamp\u00fcste stant a\u00e7arak prezervatif da\u011f\u0131tmas\u0131 tart\u0131\u015fma konusu oldu.\u00a0<br \/>\n\u00a0 Mersin B\u00fcy\u00fck\u015fehir Belediyesi, ge\u00e7ti\u011fimiz g\u00fcnlerde Sa\u011fl\u0131k Bakanl\u0131\u011f\u0131 ve Mersin \u00dcniversitesi ile birlikte G\u00f6n\u00fcll\u00fc Dan\u0131\u015fmanl\u0131k ve Test Merkezlerine y\u00f6nelik d\u00fczenledi\u011fi \u00e7al\u0131\u015ftay kapsam\u0131nda, kamp\u00fcste stant a\u00e7arak prezervatif da\u011f\u0131tt\u0131. \u00dcniversitede prezervatif da\u011f\u0131t\u0131lmas\u0131, Mersin B\u00fcy\u00fck\u015fehir Belediyesinin aral\u0131k ay\u0131 toplant\u0131s\u0131nda g\u00fcndeme ta\u015f\u0131nd\u0131. AK Partili Meclis \u00dcyesi Mehmet Emin Kurt, gezici sa\u011fl\u0131k taramas\u0131na ili\u015fkin yap\u0131lan tart\u0131\u015fmalar s\u0131ras\u0131nda s\u00f6z alarak, B\u00fcy\u00fck\u015fehir Belediyesinin prezervatif da\u011f\u0131tmas\u0131na tepki g\u00f6sterdi. Kurt, \u201cBizim anla\u015famad\u0131\u011f\u0131m\u0131z nokta sa\u011fl\u0131\u011fa bak\u0131\u015f a\u00e7\u0131m\u0131z. Sa\u011fl\u0131k Daire Ba\u015fkanl\u0131\u011f\u0131m\u0131z gitti Mersin \u00dcniversitesinin i\u00e7inde prezervatif da\u011f\u0131tt\u0131. Bu, bizim toplumumuzun \u00f6rf ve adetlerine uygun mudur?\u201d dedi.\u00a0<br \/>\n\u00a0\u00a0<br \/>\n\u00a0 \u201cSa\u011fl\u0131k Bakanl\u0131\u011f\u0131 ile birlikte y\u00fcr\u00fct\u00fclm\u00fc\u015f bir proje\u201d\u00a0<\/p>\n<p style=\"text-align: justify;\">\n\u00a0 B\u00fcy\u00fck\u015fehir Belediye Ba\u015fkan\u0131 Vahap Se\u00e7er ise, \u201cSa\u011fl\u0131k Bakanl\u0131\u011f\u0131na soracaks\u0131n onu, bana de\u011fil. Sa\u011fl\u0131k Bakanl\u0131\u011f\u0131 ile birlikte y\u00fcr\u00fct\u00fclm\u00fc\u015f bir proje. Sa\u011fl\u0131k Bakanl\u0131\u011f\u0131 ile ilgili varsa sorunun, ona sor. Beraber y\u00fcr\u00fctm\u00fc\u015f\u00fcz\u201d ifadelerini kulland\u0131.\u00a0<br \/>\n\u00a0 Konunun \u00e7ok spek\u00fcle edildi\u011fini, \u00e7ok polemik nedeni oldu\u011funu ve gere\u011finden farkl\u0131 ama\u00e7lara y\u00f6neldi\u011fini belirten Se\u00e7er, B\u00fcy\u00fck\u015fehir Belediyesi Engelliler ve Sa\u011fl\u0131k Hizmetleri Dairesi Ba\u015fkan\u0131 Dr. H\u00fclya Atila\u2019dan konuya ili\u015fkin a\u00e7\u0131klama yapmas\u0131n\u0131 istedi.\u00a0<br \/>\n\u00a0\u00a0<br \/>\n\u00a0 \u201cSa\u011fl\u0131k Bakanl\u0131\u011f\u0131 bizimle protokol imzalad\u0131. Materyaller bize hibe olarak geldi\u201d\u00a0<\/p>\n<p style=\"text-align: justify;\">\n\u00a0 Sa\u011fl\u0131k Bakanl\u0131\u011f\u0131 ile B\u00fcy\u00fck\u015fehir Belediyesi aras\u0131nda yap\u0131lan protokol\u00fc meclis \u00fcyelerine okuyan Dr. Atila, 23 Mart 2018 tarihinde Sa\u011fl\u0131k Bakanl\u0131\u011f\u0131 Halk Sa\u011fl\u0131\u011f\u0131 Genel M\u00fcd\u00fcrl\u00fc\u011f\u00fc ile Mersin B\u00fcy\u00fck\u015fehir Belediyesi aras\u0131nda HIV\/AIDS alan\u0131nda i\u015fbirli\u011fi protokol imzaland\u0131\u011f\u0131n\u0131 s\u00f6yledi. Atila, \u201cT\u00fcm d\u00fcnyada HIV azal\u0131yor ama maalesef T\u00fcrkiye\u2019nin de aralar\u0131nda bulundu\u011fu \u00fc\u00e7 \u00fclkede bu konuda art\u0131\u015f var. Mersin ise T\u00fcrkiye genelinde ikinci en b\u00fcy\u00fck art\u0131\u015f g\u00f6steren iller aras\u0131nda yer al\u0131yor. Mersin \u00dcniversitesi ve Sa\u011fl\u0131k Bakanl\u0131\u011f\u0131 bizimle i\u015fbirli\u011fi yapt\u0131. Mersin \u00dcniversitesi, Birle\u015fmi\u015f Milletler ve \u00f6zellikle de Sa\u011fl\u0131k Bakanl\u0131\u011f\u0131 bizimle protokol yapt\u0131. Burada kullan\u0131lan t\u00fcm materyaller, Mersin B\u00fcy\u00fck\u015fehir Belediyesinin d\u0131\u015f\u0131nda bize hibe olarak geldi\u201d diye konu\u015ftu.\u00a0<br \/>\n\u00a0 Atila, 9-10 Aral\u0131k\u2019ta Birle\u015fmi\u015f Milletler yetkilileri, Mersin \u00dcniversitesi ve \u00e7e\u015fitli belediyelerden gelen temsilcilerle birlikte HIV Test ve G\u00f6n\u00fcll\u00fc Dan\u0131\u015fmanl\u0131k ile ilgili bir \u00e7al\u0131\u015ftay yap\u0131ld\u0131\u011f\u0131n\u0131, bu \u00e7al\u0131\u015ftayda yerel y\u00f6netimlerden \u00f6zellikle destek beklendi\u011finin ifade edildi\u011fini s\u00f6yledi.\u00a0<\/p>\n<p>\u0130HA<\/p>\n","protected":false},"excerpt":{"rendered":"<p>Mersin B\u00fcy\u00fck\u015fehir Belediye Meclisi\u2019nde belediyenin kamp\u00fcste stant a\u00e7arak prezervatif da\u011f\u0131tmas\u0131 tart\u0131\u015fma konusu oldu.\u00a0 \u00a0 Mersin B\u00fcy\u00fck\u015fehir Belediyesi, ge\u00e7ti\u011fimiz g\u00fcnlerde Sa\u011fl\u0131k Bakanl\u0131\u011f\u0131 ve Mersin \u00dcniversitesi ile birlikte G\u00f6n\u00fcll\u00fc Dan\u0131\u015fmanl\u0131k ve Test Merkezlerine y\u00f6nelik d\u00fczenledi\u011fi \u00e7al\u0131\u015ftay kapsam\u0131nda, kamp\u00fcste stant a\u00e7arak prezervatif da\u011f\u0131tt\u0131. \u00dcniversitede prezervatif da\u011f\u0131t\u0131lmas\u0131, Mersin B\u00fcy\u00fck\u015fehir Belediyesinin aral\u0131k ay\u0131 toplant\u0131s\u0131nda g\u00fcndeme ta\u015f\u0131nd\u0131. AK Partili Meclis \u00dcyesi [&hellip;]<\/p>\n","protected":false},"author":2,"featured_media":0,"comment_status":"open","ping_status":"open","sticky":false,"template":"","format":"standard","meta":{"footnotes":""},"categories":[],"tags":[],"class_list":["post-5239","post","type-post","status-publish","format-standard","hentry"],"views":18,"_links":{"self":[{"href":"https:\/\/mersingazetesi.com\/index.php\/wp-json\/wp\/v2\/posts\/5239","targetHints":{"allow":["GET"]}}],"collection":[{"href":"https:\/\/mersingazetesi.com\/index.php\/wp-json\/wp\/v2\/posts"}],"about":[{"href":"https:\/\/mersingazetesi.com\/index.php\/wp-json\/wp\/v2\/types\/post"}],"author":[{"embeddable":true,"href":"https:\/\/mersingazetesi.com\/index.php\/wp-json\/wp\/v2\/users\/2"}],"replies":[{"embeddable":true,"href":"https:\/\/mersingazetesi.com\/index.php\/wp-json\/wp\/v2\/comments?post=5239"}],"version-history":[{"count":0,"href":"https:\/\/mersingazetesi.com\/index.php\/wp-json\/wp\/v2\/posts\/5239\/revisions"}],"wp:attachment":[{"href":"https:\/\/mersingazetesi.com\/index.php\/wp-json\/wp\/v2\/media?parent=5239"}],"wp:term":[{"taxonomy":"category","embeddable":true,"href":"https:\/\/mersingazetesi.com\/index.php\/wp-json\/wp\/v2\/categories?post=5239"},{"taxonomy":"post_tag","embeddable":true,"href":"https:\/\/mersingazetesi.com\/index.php\/wp-json\/wp\/v2\/tags?post=5239"}],"curies":[{"name":"wp","href":"https:\/\/api.w.org\/{rel}","templated":true}]}}