{"id":5208,"date":"2021-11-23T11:53:56","date_gmt":"2021-11-23T08:53:56","guid":{"rendered":"http:\/\/mersin.mesiad.org\/index.php\/2021\/11\/23\/toroslarin-el-emegi-urunleri-belcikaya-uzandi\/"},"modified":"2021-11-23T11:53:56","modified_gmt":"2021-11-23T08:53:56","slug":"toroslarin-el-emegi-urunleri-belcikaya-uzandi","status":"publish","type":"post","link":"https:\/\/mersingazetesi.com\/index.php\/2021\/11\/23\/toroslarin-el-emegi-urunleri-belcikaya-uzandi\/","title":{"rendered":"Toroslar&#8217;\u0131n el eme\u011fi \u00fcr\u00fcnleri Bel\u00e7ika&#8217;ya uzand\u0131"},"content":{"rendered":"<p><span class=\"searchword\" style=\"box-sizing: border-box; font-weight: 700; text-decoration-line: underline; color: red; font-family: sans-serif; font-size: 14px; text-align: justify; background-color: rgb(242, 244, 245);\">Mersin<\/span><span style=\"font-family: sans-serif; font-size: 14px; text-align: justify; background-color: rgb(242, 244, 245);\">&#8216;in merkez Toroslar il\u00e7esinde ya\u015fayan kad\u0131nlar, Toroslar Belediyesi&#8217;nin a\u00e7t\u0131\u011f\u0131 meslek kurslar\u0131na kat\u0131larak hem sosyalle\u015fiyor hem de ev ekonomisine katk\u0131da bulunuyor.<\/span><br style=\"box-sizing: border-box; font-family: sans-serif; font-size: 14px; text-align: justify; background-color: rgb(242, 244, 245);\" \/><br \/>\n<span style=\"font-family: sans-serif; font-size: 14px; text-align: justify; background-color: rgb(242, 244, 245);\">Toroslar Belediyesi, belediye b\u00fcnyesinde faaliyet g\u00f6steren kurslara kat\u0131lan kad\u0131nlara hem ek gelir sa\u011flad\u0131klar\u0131 hem de ho\u015f\u00e7a vakit ge\u00e7irdikleri alanlar sunuyor. Ayr\u0131ca kad\u0131nlar, bu sayede mesleki becerilerini geli\u015ftirerek pasif t\u00fcketici olmaktan \u00e7\u0131k\u0131p aktif, \u00fcreten ve i\u015f g\u00fcc\u00fc piyasas\u0131n\u0131n talep etti\u011fi niteli\u011fi kar\u015f\u0131layacak elemanlar olarak yeti\u015fme f\u0131rsat\u0131 da buluyor.<\/span><br style=\"box-sizing: border-box; font-family: sans-serif; font-size: 14px; text-align: justify; background-color: rgb(242, 244, 245);\" \/><br \/>\n<span style=\"font-family: sans-serif; font-size: 14px; text-align: justify; background-color: rgb(242, 244, 245);\">Bel\u00e7ika\u2019da ya\u015fayan ve evlendikten sonra Toroslar il\u00e7esine yerle\u015fen Fatma Kocao\u011flan da bu f\u0131rsattan faydalanarak tak\u0131 tasar\u0131m\u0131n\u0131 \u00f6\u011frendi. Kocao\u011flan, \u201cBelediyemizin Tak\u0131 Tasar\u0131m Kursu oldu\u011funu \u00f6\u011frenince hemen kat\u0131ld\u0131m. Buras\u0131 sosyalle\u015fmemi, \u00e7evre edinmemi sa\u011flad\u0131. Tasarlad\u0131\u011f\u0131m \u00fcr\u00fcnleri Bel\u00e7ika\u2019ya g\u00f6t\u00fcrerek orada da satt\u0131m. \u00c7ok be\u011fendiler. Kendime ek gelir sa\u011flad\u0131m. Burada olmaktan dolay\u0131 \u00e7ok mutluyum. Belediye Ba\u015fkan\u0131m\u0131z Ats\u0131z Af\u015f\u0131n Y\u0131lmaz\u2019a bizlere b\u00f6yle bir imk\u00e2n sa\u011flad\u0131\u011f\u0131 i\u00e7in \u00e7ok te\u015fekk\u00fcr ederim\u201d dedi.<\/span><br style=\"box-sizing: border-box; font-family: sans-serif; font-size: 14px; text-align: justify; background-color: rgb(242, 244, 245);\" \/><br \/>\n<span style=\"font-family: sans-serif; font-size: 14px; text-align: justify; background-color: rgb(242, 244, 245);\">\u201cKurslar sayesinde kolumu tekrar kazand\u0131m&#8221;<\/span><br style=\"box-sizing: border-box; font-family: sans-serif; font-size: 14px; text-align: justify; background-color: rgb(242, 244, 245);\" \/><br \/>\n<span style=\"font-family: sans-serif; font-size: 14px; text-align: justify; background-color: rgb(242, 244, 245);\">Tak\u0131 Tasar\u0131m\u0131 Kursuna gelen kursiyerlerden 52 ya\u015f\u0131ndaki Filiz Apayd\u0131n ise belediye kurslar\u0131n\u0131n sa\u011flad\u0131\u011f\u0131 imk\u00e2nlar\u0131n yan\u0131nda sa\u011fl\u0131\u011f\u0131na kavu\u015fmas\u0131yla da belediyeye hakl\u0131 bir gurur ya\u015fatt\u0131.<\/span><br style=\"box-sizing: border-box; font-family: sans-serif; font-size: 14px; text-align: justify; background-color: rgb(242, 244, 245);\" \/><br \/>\n<span style=\"font-family: sans-serif; font-size: 14px; text-align: justify; background-color: rgb(242, 244, 245);\">52 ya\u015f\u0131nda oldu\u011funu ve fel\u00e7 ge\u00e7irdi\u011fini s\u00f6yleyen Apayd\u0131n, &#8220;Kurslar sayesinde kolumu tekrar kazand\u0131m. Ba\u015fkan\u0131m\u0131za, bizlere meslek edindirdi\u011fi ve aileme ekonomik olarak da katk\u0131da bulunmam\u0131 sa\u011flad\u0131\u011f\u0131 i\u00e7in \u00e7ok te\u015fekk\u00fcr ederim\u201d diye konu\u015ftu.<\/span><br style=\"box-sizing: border-box; font-family: sans-serif; font-size: 14px; text-align: justify; background-color: rgb(242, 244, 245);\" \/><br \/>\n<span style=\"font-family: sans-serif; font-size: 14px; text-align: justify; background-color: rgb(242, 244, 245);\">\u201cTasarlad\u0131\u011f\u0131m tak\u0131lar\u0131 satarak ehliyet ald\u0131m&#8221;<\/span><br style=\"box-sizing: border-box; font-family: sans-serif; font-size: 14px; text-align: justify; background-color: rgb(242, 244, 245);\" \/><br \/>\n<span style=\"font-family: sans-serif; font-size: 14px; text-align: justify; background-color: rgb(242, 244, 245);\">Toroslar\u2019da ya\u015fayan Rabia Erko\u00e7 da k\u00fc\u00e7\u00fck k\u0131z\u0131yla birlikte \u00c7a\u011fda\u015fkent Mahallesi\u2019nde faaliyet g\u00f6steren Tak\u0131 Tasar\u0131m Kursuna gelerek hem meslek \u00f6\u011freniyor hem de ev ekonomisine katk\u0131 sa\u011fl\u0131yor. Erko\u00e7, \u201cTak\u0131 Tasar\u0131m Kursunda \u00f6\u011frendi\u011fim bilgilerle bileklik, kolye gibi \u00fcr\u00fcnler tasarlayarak sat\u0131yorum. Biriktirdi\u011fim paralarla ehliyet kursuna giderek ehliyet ald\u0131m\u201d ifadelerini kulland\u0131.<\/span><br style=\"box-sizing: border-box; font-family: sans-serif; font-size: 14px; text-align: justify; background-color: rgb(242, 244, 245);\" \/><br \/>\n<span style=\"font-family: sans-serif; font-size: 14px; text-align: justify; background-color: rgb(242, 244, 245);\">\u00d6\u011frenmenin ya\u015f\u0131 yok<\/span><br style=\"box-sizing: border-box; font-family: sans-serif; font-size: 14px; text-align: justify; background-color: rgb(242, 244, 245);\" \/><br \/>\n<span style=\"font-family: sans-serif; font-size: 14px; text-align: justify; background-color: rgb(242, 244, 245);\">Toroslar Belediyesi\u2019nin a\u00e7m\u0131\u015f oldu\u011fu kurslara gelen kad\u0131nlar keyifli zaman ge\u00e7irmenin ve ek gelir sa\u011flaman\u0131n yan\u0131nda sosyalle\u015fme imk\u00e2n\u0131 da buluyor. \u00d6\u011frenmenin ya\u015f\u0131 olmad\u0131\u011f\u0131n\u0131 bir kez daha g\u00f6steren kurslar, ya\u015fl\u0131 insanlara zaman ge\u00e7irecekleri bir alan da sunuyor. 80 ya\u015f\u0131ndaki Sevim Yal\u00e7\u0131n da \u00f6zellikle sosyalle\u015fmek, evden d\u0131\u015far\u0131 \u00e7\u0131karak g\u00fczel zaman ge\u00e7irmek i\u00e7in Toroslar Belediyesi\u2019nin Tak\u0131 Tasar\u0131m Kursuna geliyor. Yal\u00e7\u0131n, \u201c\u00d6\u011frenmenin ya\u015f\u0131 yok. Burada olmaktan dolay\u0131 \u00e7ok mutluyum. Hem farkl\u0131 modeller \u00f6\u011frenerek tak\u0131 yapabiliyorum hem de evden d\u0131\u015far\u0131 \u00e7\u0131km\u0131\u015f oluyorum\u201d \u015feklinde konu\u015ftu.<\/span><br style=\"box-sizing: border-box; font-family: sans-serif; font-size: 14px; text-align: justify; background-color: rgb(242, 244, 245);\" \/><br \/>\n<span style=\"font-family: sans-serif; font-size: 14px; text-align: justify; background-color: rgb(242, 244, 245);\">\u201cAmac\u0131m\u0131z, Toroslar\u0131m\u0131z\u0131n her y\u00f6n\u00fcyle kalk\u0131nmas\u0131&#8221;<\/span><br style=\"box-sizing: border-box; font-family: sans-serif; font-size: 14px; text-align: justify; background-color: rgb(242, 244, 245);\" \/><br \/>\n<span style=\"font-family: sans-serif; font-size: 14px; text-align: justify; background-color: rgb(242, 244, 245);\">\u201cKad\u0131nlar\u0131n meslek \u00f6\u011frenmeleri ve istihdamda yer edinmelerini \u00e7ok \u00f6nemsiyoruz\u201d diyen Belediye Ba\u015fkan\u0131 Ats\u0131z Af\u015f\u0131n Y\u0131lmaz, \u201cT\u00fcrk hal\u0131lar\u0131, k\u00fclt\u00fcr\u00fcm\u00fcz\u00fcn en ba\u015far\u0131l\u0131 geleneksel sanatlar\u0131ndan biri. Bizler de kurslar\u0131m\u0131z ile el sanatlar\u0131n\u0131n g\u00fcn\u00fcm\u00fcze ta\u015f\u0131nmas\u0131 ve gelecek nesillere aktar\u0131lmas\u0131nda bir k\u00f6pr\u00fc g\u00f6revi \u00fcstleniyoruz. \u0130l\u00e7emizin farkl\u0131 mahallelerinde hizmete sundu\u011fumuz kurslar\u0131m\u0131za kat\u0131lan kad\u0131nlar, h\u00fcnerli ellerinden g\u00fczel \u00fcr\u00fcnler ortaya \u00e7\u0131kar\u0131yor. Ayn\u0131 zamanda yapt\u0131klar\u0131 \u00fcr\u00fcnleri satarak ev b\u00fct\u00e7elerine de katk\u0131 sunuyorlar. B\u00f6ylece kad\u0131nlar\u0131n \u00fcretim ekonomisine de d\u00e2hil olmalar\u0131n\u0131 sa\u011flam\u0131\u015f oluyoruz. Kurslar\u0131m\u0131za kat\u0131lan kad\u0131nlar\u0131n sosyalle\u015fmeleri, meslek \u00f6\u011frenmeleri ve istihdamda yer edinmelerini \u00e7ok \u00f6nemsiyoruz. Ve bunu ba\u015fard\u0131\u011f\u0131m\u0131z\u0131 g\u00f6rmek bizleri \u00e7ok mutlu ediyor. Yapt\u0131klar\u0131 \u00e7al\u0131\u015fmalarla g\u00fczel eserler ortaya \u00e7\u0131karan kursiyerlerimizi ve usta \u00f6\u011freticilerimizi tebrik ediyorum. Amac\u0131m\u0131z Toroslar\u0131m\u0131z\u0131n her y\u00f6n\u00fcyle kalk\u0131nmas\u0131\u201d dedi.<\/span><\/p>\n<p>\u0130HA<\/p>\n","protected":false},"excerpt":{"rendered":"<p>Mersin&#8216;in merkez Toroslar il\u00e7esinde ya\u015fayan kad\u0131nlar, Toroslar Belediyesi&#8217;nin a\u00e7t\u0131\u011f\u0131 meslek kurslar\u0131na kat\u0131larak hem sosyalle\u015fiyor hem de ev ekonomisine katk\u0131da bulunuyor. Toroslar Belediyesi, belediye b\u00fcnyesinde faaliyet g\u00f6steren kurslara kat\u0131lan kad\u0131nlara hem ek gelir sa\u011flad\u0131klar\u0131 hem de ho\u015f\u00e7a vakit ge\u00e7irdikleri alanlar sunuyor. Ayr\u0131ca kad\u0131nlar, bu sayede mesleki becerilerini geli\u015ftirerek pasif t\u00fcketici olmaktan \u00e7\u0131k\u0131p aktif, \u00fcreten ve i\u015f [&hellip;]<\/p>\n","protected":false},"author":2,"featured_media":0,"comment_status":"open","ping_status":"open","sticky":false,"template":"","format":"standard","meta":{"footnotes":""},"categories":[],"tags":[],"class_list":["post-5208","post","type-post","status-publish","format-standard","hentry"],"views":21,"_links":{"self":[{"href":"https:\/\/mersingazetesi.com\/index.php\/wp-json\/wp\/v2\/posts\/5208","targetHints":{"allow":["GET"]}}],"collection":[{"href":"https:\/\/mersingazetesi.com\/index.php\/wp-json\/wp\/v2\/posts"}],"about":[{"href":"https:\/\/mersingazetesi.com\/index.php\/wp-json\/wp\/v2\/types\/post"}],"author":[{"embeddable":true,"href":"https:\/\/mersingazetesi.com\/index.php\/wp-json\/wp\/v2\/users\/2"}],"replies":[{"embeddable":true,"href":"https:\/\/mersingazetesi.com\/index.php\/wp-json\/wp\/v2\/comments?post=5208"}],"version-history":[{"count":0,"href":"https:\/\/mersingazetesi.com\/index.php\/wp-json\/wp\/v2\/posts\/5208\/revisions"}],"wp:attachment":[{"href":"https:\/\/mersingazetesi.com\/index.php\/wp-json\/wp\/v2\/media?parent=5208"}],"wp:term":[{"taxonomy":"category","embeddable":true,"href":"https:\/\/mersingazetesi.com\/index.php\/wp-json\/wp\/v2\/categories?post=5208"},{"taxonomy":"post_tag","embeddable":true,"href":"https:\/\/mersingazetesi.com\/index.php\/wp-json\/wp\/v2\/tags?post=5208"}],"curies":[{"name":"wp","href":"https:\/\/api.w.org\/{rel}","templated":true}]}}