{"id":5170,"date":"2021-11-23T11:53:54","date_gmt":"2021-11-23T08:53:54","guid":{"rendered":"http:\/\/mersin.mesiad.org\/index.php\/2021\/11\/23\/yasa-var-uygulayan-yok\/"},"modified":"2021-11-23T11:53:54","modified_gmt":"2021-11-23T08:53:54","slug":"yasa-var-uygulayan-yok","status":"publish","type":"post","link":"https:\/\/mersingazetesi.com\/index.php\/2021\/11\/23\/yasa-var-uygulayan-yok\/","title":{"rendered":"YASA VAR UYGULAYAN YOK!"},"content":{"rendered":"<div>\u00a0<\/div>\n<div><span style=\"font-size: 12px;\">Mersin \u00c7aml\u0131bel&#8217;de\u00a0 kald\u0131r\u0131m \u00fczerine park eden ara\u00e7lar\u0131n yaya yolunu ve engelli ge\u00e7i\u015flerini kapamas\u0131na vatanda\u015flar tepki g\u00f6sterdi. B\u00f6lgedeki esnaflar\u0131n da\u00a0 kald\u0131r\u0131mlar\u0131 i\u015fgal edip vitrinlerinin g\u00f6r\u00fcnt\u00fc kirlili\u011fine sebep oldu\u011funu ve ya\u015fanan s\u0131k\u0131nt\u0131lar\u0131\u00a0 dile getiren vatanda\u015flar, &#8221;Engelsiz ve \u00e7a\u011fda\u015f kent yarataca\u011f\u0131z s\u00f6ylemlerini kullan\u0131rken ger\u00e7e\u011fi g\u00f6r\u00fcn art\u0131k. B\u00f6lge halk\u0131 hari\u00e7 bu durum kimsenin umurunda de\u011fil. B\u00fcy\u00fck \u015fehir Belediyesi ve Akdeniz Belediye Ba\u015fkan\u0131 , Engelliler g\u00fcn\u00fcnde \u015fov yap\u0131p engelsiz kent s\u00f6ylemleriniz bitti, ger\u00e7ekleri g\u00f6r\u00fcn art\u0131k &#8221; diye isyan etti.<\/span><\/div>\n<div>\u00a0<\/div>\n<div><span style=\"font-size: 12px;\">Kald\u0131r\u0131m ve Kamunun ortak alanlar\u0131n\u0131n i\u015fgalinin \u00f6nlenilmesi gerekti\u011fini belirten vatanda\u015flar, &#8221;Esnaflar o kadar rahat bir \u015fekilde i\u015fgal ediyorlar ki, art\u0131k sadece kald\u0131r\u0131mlarda yetmiyor yollara kadar ta\u015f\u0131yorlar. Hi\u00e7 bir yapt\u0131r\u0131m ve ceza uygulanm\u0131yor. Belediyeler bu durumu neden \u00f6nlemiyor? Yasa var uygulayan yok! \u0130\u015fte sahipsiz \u015fehrin hali..!\u201d\u00a0 ifadelerini kulland\u0131.<\/span><\/div>\n<p>MEHMET \u00d6ZCAN<\/p>\n","protected":false},"excerpt":{"rendered":"<p>\u00a0 Mersin \u00c7aml\u0131bel&#8217;de\u00a0 kald\u0131r\u0131m \u00fczerine park eden ara\u00e7lar\u0131n yaya yolunu ve engelli ge\u00e7i\u015flerini kapamas\u0131na vatanda\u015flar tepki g\u00f6sterdi. B\u00f6lgedeki esnaflar\u0131n da\u00a0 kald\u0131r\u0131mlar\u0131 i\u015fgal edip vitrinlerinin g\u00f6r\u00fcnt\u00fc kirlili\u011fine sebep oldu\u011funu ve ya\u015fanan s\u0131k\u0131nt\u0131lar\u0131\u00a0 dile getiren vatanda\u015flar, &#8221;Engelsiz ve \u00e7a\u011fda\u015f kent yarataca\u011f\u0131z s\u00f6ylemlerini kullan\u0131rken ger\u00e7e\u011fi g\u00f6r\u00fcn art\u0131k. B\u00f6lge halk\u0131 hari\u00e7 bu durum kimsenin umurunda de\u011fil. B\u00fcy\u00fck \u015fehir Belediyesi [&hellip;]<\/p>\n","protected":false},"author":2,"featured_media":0,"comment_status":"open","ping_status":"open","sticky":false,"template":"","format":"standard","meta":{"footnotes":""},"categories":[],"tags":[],"class_list":["post-5170","post","type-post","status-publish","format-standard","hentry"],"views":17,"_links":{"self":[{"href":"https:\/\/mersingazetesi.com\/index.php\/wp-json\/wp\/v2\/posts\/5170","targetHints":{"allow":["GET"]}}],"collection":[{"href":"https:\/\/mersingazetesi.com\/index.php\/wp-json\/wp\/v2\/posts"}],"about":[{"href":"https:\/\/mersingazetesi.com\/index.php\/wp-json\/wp\/v2\/types\/post"}],"author":[{"embeddable":true,"href":"https:\/\/mersingazetesi.com\/index.php\/wp-json\/wp\/v2\/users\/2"}],"replies":[{"embeddable":true,"href":"https:\/\/mersingazetesi.com\/index.php\/wp-json\/wp\/v2\/comments?post=5170"}],"version-history":[{"count":0,"href":"https:\/\/mersingazetesi.com\/index.php\/wp-json\/wp\/v2\/posts\/5170\/revisions"}],"wp:attachment":[{"href":"https:\/\/mersingazetesi.com\/index.php\/wp-json\/wp\/v2\/media?parent=5170"}],"wp:term":[{"taxonomy":"category","embeddable":true,"href":"https:\/\/mersingazetesi.com\/index.php\/wp-json\/wp\/v2\/categories?post=5170"},{"taxonomy":"post_tag","embeddable":true,"href":"https:\/\/mersingazetesi.com\/index.php\/wp-json\/wp\/v2\/tags?post=5170"}],"curies":[{"name":"wp","href":"https:\/\/api.w.org\/{rel}","templated":true}]}}