{"id":5153,"date":"2021-11-23T11:53:53","date_gmt":"2021-11-23T08:53:53","guid":{"rendered":"http:\/\/mersin.mesiad.org\/index.php\/2021\/11\/23\/serdar-erkandan-mgc-baskani-tepeye-ziyaret\/"},"modified":"2024-06-11T21:47:48","modified_gmt":"2024-06-11T18:47:48","slug":"serdar-erkandan-mgc-baskani-tepeye-ziyaret","status":"publish","type":"post","link":"https:\/\/mersingazetesi.com\/index.php\/2021\/11\/23\/serdar-erkandan-mgc-baskani-tepeye-ziyaret\/","title":{"rendered":"Serdar Erkan\u2019dan MGC Ba\u015fkan\u0131 Tepe\u2019ye ziyaret"},"content":{"rendered":"<div dir=\"ltr\">\n<div dir=\"ltr\">\n<p>Mersin Makine M\u00fchendisleri Odas\u0131 eski Ba\u015fkan\u0131 ve Mersin Gazetesi k\u00f6\u015fe yazar\u0131 Serdar Erkan, Mersin Gazeteciler Cemiyeti Ba\u015fkan\u0131 R\u00fcstem Kaya Tepe, Ba\u015fkan Vekili Ali Ekber \u015een ve Y\u00f6netim Kurulu \u00dcyelerini tebrik etti. Erkan \u00a0ger\u00e7ekle\u015fen ziyarette yeni y\u00f6netimin bas\u0131n camias\u0131 ad\u0131na \u00e7al\u0131\u015fmalarda ba\u015far\u0131l\u0131 olmalar\u0131n\u0131 temenni etti.<\/p>\n<\/div>\n<\/div>\n<p>SEYFETT\u0130N AKARCA<\/p>\n","protected":false},"excerpt":{"rendered":"<p>Mersin Makine M\u00fchendisleri Odas\u0131 eski Ba\u015fkan\u0131 ve Mersin Gazetesi k\u00f6\u015fe yazar\u0131 Serdar Erkan, Mersin Gazeteciler Cemiyeti Ba\u015fkan\u0131 R\u00fcstem Kaya Tepe, Ba\u015fkan Vekili Ali Ekber \u015een ve Y\u00f6netim Kurulu \u00dcyelerini tebrik etti. Erkan \u00a0ger\u00e7ekle\u015fen ziyarette yeni y\u00f6netimin bas\u0131n camias\u0131 ad\u0131na \u00e7al\u0131\u015fmalarda ba\u015far\u0131l\u0131 olmalar\u0131n\u0131 temenni etti. SEYFETT\u0130N AKARCA<\/p>\n","protected":false},"author":13,"featured_media":0,"comment_status":"open","ping_status":"open","sticky":false,"template":"","format":"standard","meta":{"footnotes":""},"categories":[28],"tags":[],"class_list":["post-5153","post","type-post","status-publish","format-standard","hentry","category-serdar-erkan"],"views":33,"_links":{"self":[{"href":"https:\/\/mersingazetesi.com\/index.php\/wp-json\/wp\/v2\/posts\/5153","targetHints":{"allow":["GET"]}}],"collection":[{"href":"https:\/\/mersingazetesi.com\/index.php\/wp-json\/wp\/v2\/posts"}],"about":[{"href":"https:\/\/mersingazetesi.com\/index.php\/wp-json\/wp\/v2\/types\/post"}],"author":[{"embeddable":true,"href":"https:\/\/mersingazetesi.com\/index.php\/wp-json\/wp\/v2\/users\/13"}],"replies":[{"embeddable":true,"href":"https:\/\/mersingazetesi.com\/index.php\/wp-json\/wp\/v2\/comments?post=5153"}],"version-history":[{"count":0,"href":"https:\/\/mersingazetesi.com\/index.php\/wp-json\/wp\/v2\/posts\/5153\/revisions"}],"wp:attachment":[{"href":"https:\/\/mersingazetesi.com\/index.php\/wp-json\/wp\/v2\/media?parent=5153"}],"wp:term":[{"taxonomy":"category","embeddable":true,"href":"https:\/\/mersingazetesi.com\/index.php\/wp-json\/wp\/v2\/categories?post=5153"},{"taxonomy":"post_tag","embeddable":true,"href":"https:\/\/mersingazetesi.com\/index.php\/wp-json\/wp\/v2\/tags?post=5153"}],"curies":[{"name":"wp","href":"https:\/\/api.w.org\/{rel}","templated":true}]}}