{"id":5146,"date":"2021-11-23T11:53:53","date_gmt":"2021-11-23T08:53:53","guid":{"rendered":"http:\/\/mersin.mesiad.org\/index.php\/2021\/11\/23\/150-yatakli-anamur-devlet-hastanesi-hizmete-girdi\/"},"modified":"2021-11-23T11:53:53","modified_gmt":"2021-11-23T08:53:53","slug":"150-yatakli-anamur-devlet-hastanesi-hizmete-girdi","status":"publish","type":"post","link":"https:\/\/mersingazetesi.com\/index.php\/2021\/11\/23\/150-yatakli-anamur-devlet-hastanesi-hizmete-girdi\/","title":{"rendered":"150 yatakl\u0131 Anamur Devlet Hastanesi hizmete girdi"},"content":{"rendered":"<p><span style=\"font-family: sans-serif; font-size: 14px; text-align: justify; background-color: rgb(242, 244, 245);\">Mersin\u2019in Anamur il\u00e7esinde TOK\u0130 taraf\u0131ndan in\u015fa edilen 150 yatakl\u0131 Anamur Devlet Hastanesi hizmet binas\u0131 tamamlanarak hizmet vermeye ba\u015flad\u0131.<\/span><br style=\"box-sizing: border-box; font-family: sans-serif; font-size: 14px; text-align: justify; background-color: rgb(242, 244, 245);\" \/><br \/>\n<span style=\"font-family: sans-serif; font-size: 14px; text-align: justify; background-color: rgb(242, 244, 245);\">TOK\u0130 taraf\u0131ndan 16 A\u011fustos 2017 tarihinde 22 bin metrekarelik alanda in\u015fas\u0131na ba\u015flanan Anamur Devlet Hastanesi, vatanda\u015flar\u0131n hizmetine sunuldu.<\/span><br style=\"box-sizing: border-box; font-family: sans-serif; font-size: 14px; text-align: justify; background-color: rgb(242, 244, 245);\" \/><br \/>\n<span style=\"font-family: sans-serif; font-size: 14px; text-align: justify; background-color: rgb(242, 244, 245);\">Yeni hizmete giren hastane binas\u0131n\u0131 yerinde inceleyen ve hastane y\u00f6netimi ile bir toplant\u0131 yapan Mersin \u0130l Sa\u011fl\u0131k M\u00fcd\u00fcr\u00fc Dr. Sinan Bah\u00e7ac\u0131, Anamur\u2019un modern bir hastaneye kavu\u015fmas\u0131nda eme\u011fi ge\u00e7en ba\u015fta Cumhurba\u015fkan\u0131 Recep Tayyip Erdo\u011fan olmak \u00fczere Sa\u011fl\u0131k Bakan\u0131, Mersin Valisi ve Mersin milletvekillerine, \u015fahs\u0131 ve ekibi ad\u0131na minnet duydu\u011funu s\u00f6yledi.<\/span><br style=\"box-sizing: border-box; font-family: sans-serif; font-size: 14px; text-align: justify; background-color: rgb(242, 244, 245);\" \/><br \/>\n<span style=\"font-family: sans-serif; font-size: 14px; text-align: justify; background-color: rgb(242, 244, 245);\">Toplant\u0131 sonras\u0131nda a\u00e7\u0131klama yapan Bah\u00e7ac\u0131, Anamur halk\u0131n\u0131n hizmetin en iyisine lay\u0131k oldu\u011funu vurgulad\u0131. Bah\u00e7ac\u0131, \u201cHastane y\u00f6netimimiz ve \u00e7al\u0131\u015fanlar\u0131m\u0131z, bu g\u00fczel binada vatanda\u015flar\u0131m\u0131za \u00e7ok g\u00fczel hizmetler sunacaklar. Bizim felsefemiz \u2018Halka hizmet, Hakka hizmet\u2019 anlay\u0131\u015f\u0131d\u0131r. Bu anlay\u0131\u015f ve Bakanl\u0131\u011f\u0131m\u0131z\u0131n misyonu do\u011frultusunda en g\u00fczel hizmeti sunaca\u011f\u0131n\u0131zdan eminim. Yeni hastane binam\u0131z ile Anamur modern bir sa\u011fl\u0131k tesisine kavu\u015ftu. 2019 y\u0131l\u0131 i\u00e7erisinde bir\u00e7ok sa\u011fl\u0131k tesisini tamamlayarak hizmete ald\u0131k. Yap\u0131m\u0131 devam eden Tarsus Devlet Hastanesi binam\u0131z da tamamland\u0131\u011f\u0131nda ilimizde hizmet veren yatakl\u0131 sa\u011fl\u0131k tesislerimizin tamam\u0131 nitelikli yata\u011fa sahip olacak. Tabi i\u015f sadece nitelikli yatakla bitmiyor. Sa\u011fl\u0131k tesislerimizi modern t\u0131bbi cihaz ve nitelikli personel ile takviye ediyoruz. Yeni hizmete ald\u0131\u011f\u0131m\u0131z bu hastane ayn\u0131 zamanda Anamur\u2019a \u00e7ok yak\u0131n mesafede bulunan Ayd\u0131nc\u0131k ve Bozyaz\u0131\u2019ya da hizmet verecek\u201d dedi.<\/span><br style=\"box-sizing: border-box; font-family: sans-serif; font-size: 14px; text-align: justify; background-color: rgb(242, 244, 245);\" \/><br \/>\n<span style=\"font-family: sans-serif; font-size: 14px; text-align: justify; background-color: rgb(242, 244, 245);\">Bah\u00e7ac\u0131 daha sonra hastane personeli ve hastalar\u0131 ziyaret ederek bir s\u00fcre sohbet etti.<\/span><\/p>\n<p>\u0130HA<\/p>\n","protected":false},"excerpt":{"rendered":"<p>Mersin\u2019in Anamur il\u00e7esinde TOK\u0130 taraf\u0131ndan in\u015fa edilen 150 yatakl\u0131 Anamur Devlet Hastanesi hizmet binas\u0131 tamamlanarak hizmet vermeye ba\u015flad\u0131. TOK\u0130 taraf\u0131ndan 16 A\u011fustos 2017 tarihinde 22 bin metrekarelik alanda in\u015fas\u0131na ba\u015flanan Anamur Devlet Hastanesi, vatanda\u015flar\u0131n hizmetine sunuldu. Yeni hizmete giren hastane binas\u0131n\u0131 yerinde inceleyen ve hastane y\u00f6netimi ile bir toplant\u0131 yapan Mersin \u0130l Sa\u011fl\u0131k M\u00fcd\u00fcr\u00fc Dr. [&hellip;]<\/p>\n","protected":false},"author":2,"featured_media":0,"comment_status":"open","ping_status":"open","sticky":false,"template":"","format":"standard","meta":{"footnotes":""},"categories":[],"tags":[],"class_list":["post-5146","post","type-post","status-publish","format-standard","hentry"],"views":16,"_links":{"self":[{"href":"https:\/\/mersingazetesi.com\/index.php\/wp-json\/wp\/v2\/posts\/5146","targetHints":{"allow":["GET"]}}],"collection":[{"href":"https:\/\/mersingazetesi.com\/index.php\/wp-json\/wp\/v2\/posts"}],"about":[{"href":"https:\/\/mersingazetesi.com\/index.php\/wp-json\/wp\/v2\/types\/post"}],"author":[{"embeddable":true,"href":"https:\/\/mersingazetesi.com\/index.php\/wp-json\/wp\/v2\/users\/2"}],"replies":[{"embeddable":true,"href":"https:\/\/mersingazetesi.com\/index.php\/wp-json\/wp\/v2\/comments?post=5146"}],"version-history":[{"count":0,"href":"https:\/\/mersingazetesi.com\/index.php\/wp-json\/wp\/v2\/posts\/5146\/revisions"}],"wp:attachment":[{"href":"https:\/\/mersingazetesi.com\/index.php\/wp-json\/wp\/v2\/media?parent=5146"}],"wp:term":[{"taxonomy":"category","embeddable":true,"href":"https:\/\/mersingazetesi.com\/index.php\/wp-json\/wp\/v2\/categories?post=5146"},{"taxonomy":"post_tag","embeddable":true,"href":"https:\/\/mersingazetesi.com\/index.php\/wp-json\/wp\/v2\/tags?post=5146"}],"curies":[{"name":"wp","href":"https:\/\/api.w.org\/{rel}","templated":true}]}}