{"id":5138,"date":"2021-11-23T11:53:53","date_gmt":"2021-11-23T08:53:53","guid":{"rendered":"http:\/\/mersin.mesiad.org\/index.php\/2021\/11\/23\/is-yerleri-kapaniyor\/"},"modified":"2021-11-23T11:53:53","modified_gmt":"2021-11-23T08:53:53","slug":"is-yerleri-kapaniyor","status":"publish","type":"post","link":"https:\/\/mersingazetesi.com\/index.php\/2021\/11\/23\/is-yerleri-kapaniyor\/","title":{"rendered":"\u0130\u015e YERLER\u0130 KAPANIYOR"},"content":{"rendered":"<p>Kas\u0131m sonu itibar\u0131yla esnaf ve sanatkar say\u0131s\u0131n\u0131n 1 milyon 789 bin 823 oldu\u011funu s\u00f6yleyen TESK Genel Ba\u015fkan\u0131 Bendevi Paland\u00f6ken, \u201cEsnaf ve Sanatkarlar Sicil Gazetesi\u2019nde yay\u0131mlanan ilanlara g\u00f6re 2019\u2019un ba\u015f\u0131nda 1 milyon 753 bin 213 olan esnaf ve sanatkar say\u0131s\u0131 36 bin 610 artarak Kas\u0131m sonu itibar\u0131yla 1 milyon 789 bin 823\u2019e ula\u015ft\u0131. Bu esnaf ve sanatkarlar\u0131m\u0131za ait i\u015f yeri say\u0131s\u0131 ise 39 bin 657 artarak 1 milyon 926 bin 823 oldu\u201d dedi.\u00a0<br \/>\nY\u0131l\u0131n 11 ay\u0131nda i\u015f yeri a\u00e7\u0131l\u0131\u015f\u0131 ve kapan\u0131\u015flar\u0131 hakk\u0131nda bilgi veren T\u00fcrkiye Esnaf ve Sanatkarlar\u0131 Konfederasyonu (TESK) Genel Ba\u015fkan\u0131 Bendevi Paland\u00f6ken, \u201cY\u0131l\u0131n 11 ay\u0131nda 215 bin 285 i\u015f yeri a\u00e7\u0131l\u0131rken, 100 bin 959 i\u015f yeri kapand\u0131. Bu d\u00f6nemde 74 bin 669 i\u015f yeri de vergi kay\u0131tlar\u0131 sona erdi\u011fi i\u00e7in resen terkin edildi. Ancak ilgilileri m\u00fcracaat etmedi\u011fi i\u00e7in terkin ilanlar\u0131 Sicil Gazetesi\u2019nde yay\u0131mlanmad\u0131. B\u00f6ylece y\u0131l\u0131n 11 ay\u0131nda esnaf ve sanatkarlara ait i\u015f yeri say\u0131s\u0131 39 bin 657 artt\u0131\u201d diye konu\u015ftu.\u00a0<br \/>\nY\u0131l\u0131n ilk 11 ayl\u0131k d\u00f6neminde ge\u00e7en y\u0131l\u0131n ayn\u0131 d\u00f6nemine g\u00f6re i\u015f yeri kapan\u0131\u015flar\u0131n\u0131n y\u00fczde 6,2 artt\u0131\u011f\u0131na dikkati \u00e7eken Paland\u00f6ken, \u201c2018\u2019in 11 ayl\u0131k d\u00f6neminde 210 bin 312 olan i\u015f yeri a\u00e7\u0131l\u0131\u015flar\u0131, bu y\u0131l\u0131n ayn\u0131 d\u00f6neminde 4 bin 973 artarak 215 bin 285 oldu. \u0130\u015f yeri a\u00e7\u0131l\u0131\u015flar\u0131 ge\u00e7en y\u0131l\u0131n ayn\u0131 d\u00f6nemine g\u00f6re y\u00fczde 2,3 artt\u0131. 2018\u2019in 11 ayl\u0131k d\u00f6neminde 95 bin 25 olan i\u015f yeri kapan\u0131\u015flar\u0131 ise 5 bin 934 artarak 100 bin 959 oldu. \u0130\u015f yeri kapan\u0131\u015flar\u0131 ge\u00e7en y\u0131l\u0131n ayn\u0131 d\u00f6nemine g\u00f6re y\u00fczde 6,2 artt\u0131\u201d \u015feklinde konu\u015ftu.\u00a0<\/p>\n<p>\u201c\u0130stanbul\u2019daki i\u015f yeri say\u0131s\u0131 11 ayda\u00a0<br \/>\n9 bin 384 artt\u0131\u201d<br \/>\n\u00a0<br \/>\nEsnaf ve sanatkarlara ait i\u015f yeri art\u0131\u015f\u0131n\u0131n illere g\u00f6re da\u011f\u0131l\u0131m\u0131 hakk\u0131nda bilgi veren Paland\u00f6ken, \u201cOcak ay\u0131 ba\u015f\u0131ndan Kas\u0131m ay\u0131 sonuna kadar i\u015f yeri a\u00e7an esnaf ve sanatkarlardan i\u015f yeri kapatan esnaf ve sanatkarlar\u0131n say\u0131s\u0131 \u00e7\u0131kar\u0131ld\u0131\u011f\u0131nda en fazla i\u015f yeri art\u0131\u015f\u0131 \u0130stanbul\u2019da g\u00f6r\u00fcld\u00fc. 11 ayl\u0131k d\u00f6nemde \u0130stanbul\u2019da i\u015f yeri say\u0131s\u0131 9 bin 384 artt\u0131. \u0130stanbul\u2019un ard\u0131ndan i\u015f yeri say\u0131s\u0131 Antalya\u2019da 3 bin 254, \u0130zmir\u2019de 3 bin 49, Bursa\u2019da 2 bin 982 ve Ankara\u2019da 2 bin 686 artt\u0131. \u00d6te yandan 11 ayl\u0131k d\u00f6nemde i\u015f yeri say\u0131s\u0131nda en fazla d\u00fc\u015f\u00fc\u015f g\u00f6r\u00fclen iller ise 667 ile Van, 363 ile Giresun, 259 ile Aksaray, 255 ile Rize ve 253 ile Bitlis oldu\u201d dedi.\u00a0<\/p>\n<p>\u0130HA<\/p>\n","protected":false},"excerpt":{"rendered":"<p>TESK Genel Ba\u015fkan\u0131 Paland\u00f6ken, \u0130\u015f yeri kapan\u0131\u015flar\u0131<br \/>\ny\u00fczde 6,2 artarken, a\u00e7\u0131l\u0131\u015flar\u0131n ise 2,3 artt\u0131\u011f\u0131n\u0131 s\u00f6yledi.<\/p>\n","protected":false},"author":2,"featured_media":0,"comment_status":"open","ping_status":"open","sticky":false,"template":"","format":"standard","meta":{"footnotes":""},"categories":[],"tags":[],"class_list":["post-5138","post","type-post","status-publish","format-standard","hentry"],"views":19,"_links":{"self":[{"href":"https:\/\/mersingazetesi.com\/index.php\/wp-json\/wp\/v2\/posts\/5138","targetHints":{"allow":["GET"]}}],"collection":[{"href":"https:\/\/mersingazetesi.com\/index.php\/wp-json\/wp\/v2\/posts"}],"about":[{"href":"https:\/\/mersingazetesi.com\/index.php\/wp-json\/wp\/v2\/types\/post"}],"author":[{"embeddable":true,"href":"https:\/\/mersingazetesi.com\/index.php\/wp-json\/wp\/v2\/users\/2"}],"replies":[{"embeddable":true,"href":"https:\/\/mersingazetesi.com\/index.php\/wp-json\/wp\/v2\/comments?post=5138"}],"version-history":[{"count":0,"href":"https:\/\/mersingazetesi.com\/index.php\/wp-json\/wp\/v2\/posts\/5138\/revisions"}],"wp:attachment":[{"href":"https:\/\/mersingazetesi.com\/index.php\/wp-json\/wp\/v2\/media?parent=5138"}],"wp:term":[{"taxonomy":"category","embeddable":true,"href":"https:\/\/mersingazetesi.com\/index.php\/wp-json\/wp\/v2\/categories?post=5138"},{"taxonomy":"post_tag","embeddable":true,"href":"https:\/\/mersingazetesi.com\/index.php\/wp-json\/wp\/v2\/tags?post=5138"}],"curies":[{"name":"wp","href":"https:\/\/api.w.org\/{rel}","templated":true}]}}