{"id":5137,"date":"2021-11-23T11:53:51","date_gmt":"2021-11-23T08:53:51","guid":{"rendered":"http:\/\/mersin.mesiad.org\/index.php\/2021\/11\/23\/yesil-alan-tas-parke-park-alani-oldu\/"},"modified":"2021-11-23T11:53:51","modified_gmt":"2021-11-23T08:53:51","slug":"yesil-alan-tas-parke-park-alani-oldu","status":"publish","type":"post","link":"https:\/\/mersingazetesi.com\/index.php\/2021\/11\/23\/yesil-alan-tas-parke-park-alani-oldu\/","title":{"rendered":"YE\u015e\u0130L ALAN TA\u015e PARKE PARK ALANI OLDU"},"content":{"rendered":"<p>Yeni\u015fehir Pirireis Mahallesi\u2019ne ait yerde a\u00e7\u0131lacak olan zincir marketin \u00f6n\u00fcnde bulunan ye\u015fil alan kilit parke ta\u015flar\u0131yla d\u00f6\u015fenerek tahrip edildi. Gerekli izinlerin ve onaylar\u0131n al\u0131n\u0131p al\u0131nmad\u0131\u011f\u0131 muamma olan alan daha \u00f6nceki belediye yetkilileri taraf\u0131ndan s\u00fcrekli bak\u0131m\u0131 yap\u0131larak korunuyordu.<br \/>\n\u00a0<br \/>\n\u201cYeni\u015fehir Belediye\u2019si Neden G\u00f6z Yumuyor?\u201d<br \/>\n\u00a0<br \/>\nVatanda\u015flar ye\u015fil alanlar\u0131 \u00e7o\u011faltma y\u00fck\u00fcml\u00fcl\u00fc\u011f\u00fcnde olan belediyelerin, bir zincir marketin \u00f6n\u00fcndeki yine belediyeye ait olan ye\u015fil alan\u0131n tahrip edilmesine b\u00fcy\u00fck tepki g\u00f6sterdi.<br \/>\nYeni\u015fehir Belediyesi\u2019nin kontrol edip bu talan\u0131 engellemedi\u011fini ve buna g\u00f6z yumdu\u011funun alt\u0131n\u0131 \u00e7izen vatanda\u015flar, \u201cBuras\u0131 yollard\u0131r ye\u015fil alan olarak g\u00f6r\u00fcn\u00fcyor. Eskiden s\u00fcre gelen bir anlay\u0131\u015fla s\u00fcrekli olarak belediye taraf\u0131ndan bak\u0131m\u0131 yap\u0131lan, yenilenen bir yer olarak g\u00f6r\u00fcyorduk. \u015eimdi ise her yerde oldu\u011fu gibi buradaki ye\u015fil alan zincir market istilas\u0131na u\u011fram\u0131\u015f oldu. Buray\u0131 kafalar\u0131na g\u00f6re ye\u015fil alandan \u00e7\u0131kart\u0131p, kafalar\u0131nda g\u00f6re kilit ta\u015f parke d\u00f6\u015fediler. Ara\u00e7 park alan\u0131 olarak kullanacaklar. Bu duruma g\u00f6z yuman yetkilileri kutluyoruz!\u201d diyerek b\u00fcy\u00fck tepki g\u00f6sterdiler.<\/p>\n<p>ARZU \u00d6ZER<\/p>\n","protected":false},"excerpt":{"rendered":"<p>Belediye\u2019ye ait ye\u015fil alanlar\u0131n tahribi durdurulmuyor. Zincir marketlerin yasa gere\u011fi de\u011fi\u015ftiremeyece\u011fi alanlar kanuna ra\u011fmen ta\u015f parke ta\u015flar\u0131yla d\u00f6\u015fenmesi \u015fok etkisi yaratt\u0131<\/p>\n","protected":false},"author":2,"featured_media":0,"comment_status":"open","ping_status":"open","sticky":false,"template":"","format":"standard","meta":{"footnotes":""},"categories":[],"tags":[],"class_list":["post-5137","post","type-post","status-publish","format-standard","hentry"],"views":19,"_links":{"self":[{"href":"https:\/\/mersingazetesi.com\/index.php\/wp-json\/wp\/v2\/posts\/5137","targetHints":{"allow":["GET"]}}],"collection":[{"href":"https:\/\/mersingazetesi.com\/index.php\/wp-json\/wp\/v2\/posts"}],"about":[{"href":"https:\/\/mersingazetesi.com\/index.php\/wp-json\/wp\/v2\/types\/post"}],"author":[{"embeddable":true,"href":"https:\/\/mersingazetesi.com\/index.php\/wp-json\/wp\/v2\/users\/2"}],"replies":[{"embeddable":true,"href":"https:\/\/mersingazetesi.com\/index.php\/wp-json\/wp\/v2\/comments?post=5137"}],"version-history":[{"count":0,"href":"https:\/\/mersingazetesi.com\/index.php\/wp-json\/wp\/v2\/posts\/5137\/revisions"}],"wp:attachment":[{"href":"https:\/\/mersingazetesi.com\/index.php\/wp-json\/wp\/v2\/media?parent=5137"}],"wp:term":[{"taxonomy":"category","embeddable":true,"href":"https:\/\/mersingazetesi.com\/index.php\/wp-json\/wp\/v2\/categories?post=5137"},{"taxonomy":"post_tag","embeddable":true,"href":"https:\/\/mersingazetesi.com\/index.php\/wp-json\/wp\/v2\/tags?post=5137"}],"curies":[{"name":"wp","href":"https:\/\/api.w.org\/{rel}","templated":true}]}}