{"id":5059,"date":"2021-11-23T11:53:48","date_gmt":"2021-11-23T08:53:48","guid":{"rendered":"http:\/\/mersin.mesiad.org\/index.php\/2021\/11\/23\/mutlu-belediyecilik-anlayisi-buysa-mutlu-degiliz-neset-tarhana-tepki\/"},"modified":"2021-11-23T11:53:48","modified_gmt":"2021-11-23T08:53:48","slug":"mutlu-belediyecilik-anlayisi-buysa-mutlu-degiliz-neset-tarhana-tepki","status":"publish","type":"post","link":"https:\/\/mersingazetesi.com\/index.php\/2021\/11\/23\/mutlu-belediyecilik-anlayisi-buysa-mutlu-degiliz-neset-tarhana-tepki\/","title":{"rendered":"Mutlu Belediyecilik Anlay\u0131\u015f\u0131 Buysa, \u2018Mutlu De\u011filiz..!\u2019 NE\u015eET TARHAN\u2019A TEPK\u0130!"},"content":{"rendered":"<p style=\"text-align: justify;\">Mezitli Belediyesi\u2019nin \u2019mutlu belediye\u2019 anlay\u0131\u015f\u0131n\u0131 ifadeleri vatanda\u015f\u0131 \u015fa\u015f\u0131rtmaya devam ediyor. \u0130l\u00e7enin g\u00f6zle g\u00f6r\u00fcl\u00fcr eksiklikleri tepkilere neden oluyor.<br \/>\n\u00a0<br \/>\nMezitli Belediyesi Ba\u015fkan\u0131 Ne\u015fet Tarhan\u2019\u0131n se\u00e7im m\u00fczi\u011finde yer alan \u2018Mezitli mutluysa bizden bilin\u2019 slogan\u0131 tersine mi d\u00f6n\u00fcyor? \u00c7al\u0131\u015fma sahalar\u0131ndaki eksiklikler ve bak\u0131ms\u0131zl\u0131k vatanda\u015ftan b\u00fcy\u00fck tepki topluyor.<br \/>\nMezitli\u2019nin temizli\u011fi, ziyaret\u00e7ileri ve vatanda\u015flar\u0131 rahats\u0131z edecek g\u00f6r\u00fcnt\u00fc kirlili\u011fi yarat\u0131yor. Bisiklet ve y\u00fcr\u00fcy\u00fc\u015f yolu olarak kullan\u0131lan alan i\u00e7erisindeki kirlilik, kullanan vatanda\u015flar taraf\u0131ndan ele\u015ftiri ya\u011fmuruna tutuluyor. G\u00fcndelik spor aktivitelerini ger\u00e7ekle\u015ftiren vatanda\u015flar belediyenin temizlik konusunda bak\u0131ms\u0131zl\u0131\u011f\u0131ndan s\u00f6z ederek, \u201cBu \u015fekilde kulland\u0131\u011f\u0131m\u0131z yolun ne halde oldu\u011funa bak\u0131n. Buralar\u0131n g\u00fcn i\u00e7erisinde temizlenmesi gerekmekte. K\u00fc\u00e7\u00fck bir sorun olarak g\u00f6r\u00fcnse de her g\u00fcn kulland\u0131\u011f\u0131m\u0131z alanlar buralar. Belediyenin yapt\u0131\u011f\u0131 \u00e7al\u0131\u015fmalar d\u0131\u015f\u0131nda bu \u015fekilde yo\u011fun kullan\u0131lan yol ve hizmet veren alanlar\u0131 daha \u00e7ok kontrol edip temizlenmeli. Mezitli mutlu belediyecilik anlay\u0131\u015f\u0131na geri d\u00f6nmeli. Bizler bu \u015fekilde mutlu de\u011filiz..!\u201d diyerek ele\u015ftirdi.<\/p>\n<p style=\"text-align: justify;\">\u201cK\u00d6PR\u00dc YANI \u00c7\u00d6P KONTEYNER\u0130 M\u0130?\u201d<br \/>\n\u00a0<br \/>\nAyr\u0131ca Mezitli merkezinde bulunan Gazi Mustafa Kemal Bulvar\u0131 \u00fczerindeki Mezitli k\u00f6pr\u00fcs\u00fc yan\u0131ndaki kirlilik de \u00e7ok\u00e7a ele\u015ftirildi. Ger\u00e7ekle\u015ftirilen temizlik \u00e7al\u0131\u015fmalar\u0131n\u0131n eksikli\u011finden yak\u0131nan vatanda\u015flar bu t\u00fcr kirlili\u011fin g\u00f6rmezden gelindi\u011fini savundu. \u00c7\u00f6p konteyneri gibi kullan\u0131lan k\u00f6pr\u00fc yan\u0131ndaki bo\u015fluk temizlenmedi\u011fi i\u00e7in pis koku ve dikkat \u00e7ekici bir kirlili\u011fe sahip.<br \/>\nVatanda\u015flar, \u201cBuras\u0131 s\u00fcrekli bu \u015fekilde ne yaz\u0131k ki vatanda\u015flar taraf\u0131ndan \u00e7\u00f6p alan\u0131 gibi kullan\u0131lan bir yer, bu \u00e7ok \u00fcz\u00fcc\u00fc. Fakat Mezitli\u2019nin hem g\u00f6be\u011finde ve hem de \u00e7ok kullan\u0131lan bu alan\u0131 g\u00f6ren ve temizlemesi gerekenlerin de g\u00f6rmezden gelmesi olaydan daha da \u00fcz\u00fcc\u00fc.\u201d dedi.<br \/>\n\u00a0<br \/>\n\u201c\u0130NSANLARIN HAYATI UMURSANMIYOR..!\u201d<br \/>\n\u00a0<br \/>\nMezitli il\u00e7esine ait s\u00fcrekli kullan\u0131lan Gazi Mustafa Kemal Bulvar\u0131 \u00fczerindeki Mezitli k\u00f6pr\u00fcs\u00fc yaya yolunun dar ve korumas\u0131z olmas\u0131ndan dolay\u0131 da her an olu\u015facak tehlikeye dikkat \u00e7ekiliyor. Ayn\u0131 anda iki ki\u015finin zor ge\u00e7ti\u011fi kald\u0131r\u0131mlar seyir halindeki ara\u00e7lar ile bir araya gelince kazaya davetiye \u00e7\u0131kart\u0131yor. Trafikte seyir halindeki ara\u00e7larla aras\u0131nda hi\u00e7bir\u00a0 bariyer ve korkuluk olmayan yaya yolunda herhangi bir \u00e7al\u0131\u015fman\u0131n olmamas\u0131 da ele\u015ftirildi.<br \/>\nMezitli\u2019de ya\u015fayan vatanda\u015flar, \u201cBelediyemizin il\u00e7e merkezindeki bu noktaya \u015fimdiye kadar ilgili bir \u00e7al\u0131\u015fma g\u00f6stermemi\u015f olmas\u0131 ger\u00e7ekten ironi. Kaza ile y\u00fcz y\u00fcze gelinebilinecek bir nokta buras\u0131 ve bizim gibi vatanda\u015flar mecburen kullan\u0131yor. Karayollar\u0131 veya kim bunu yapacaksa bu i\u015f acilen yap\u0131lmal\u0131 veya yapt\u0131r\u0131lmal\u0131. Bu i\u015fi Belediye Ba\u015fkan\u0131 takip etmeli. G\u00fcc\u00fc yetmiyorsa kamuoyuna a\u00e7\u0131klamal\u0131. Gelece\u011fe temel atan ve hepimize kucak a\u00e7an Ne\u015fet Tarhan\u2019\u0131n bu \u015fekilde \u00e7al\u0131\u015fmas\u0131 \u015fa\u015f\u0131rt\u0131c\u0131. \u0130nsanlar\u0131n hayatlar\u0131 s\u00f6z konusu g\u00f6rmemezlikten geliniyor. Do\u011fal olarak orada olacak bir kaza sonras\u0131 yaralanma veya \u00f6l\u00fcm\u00fcn sorumlusu Belediye Ba\u015fkan\u0131 olarak kendisi olacakt\u0131r.\u201d \u015feklinde konu\u015ftu.<\/p>\n<p>\u0130HA<\/p>\n","protected":false},"excerpt":{"rendered":"<p>Mezitli Belediyesi\u2019nin \u2019mutlu belediye\u2019 anlay\u0131\u015f\u0131n\u0131 ifadeleri vatanda\u015f\u0131 \u015fa\u015f\u0131rtmaya devam ediyor. \u0130l\u00e7enin g\u00f6zle g\u00f6r\u00fcl\u00fcr eksiklikleri tepkilere neden oluyor. \u00a0 Mezitli Belediyesi Ba\u015fkan\u0131 Ne\u015fet Tarhan\u2019\u0131n se\u00e7im m\u00fczi\u011finde yer alan \u2018Mezitli mutluysa bizden bilin\u2019 slogan\u0131 tersine mi d\u00f6n\u00fcyor? \u00c7al\u0131\u015fma sahalar\u0131ndaki eksiklikler ve bak\u0131ms\u0131zl\u0131k vatanda\u015ftan b\u00fcy\u00fck tepki topluyor. Mezitli\u2019nin temizli\u011fi, ziyaret\u00e7ileri ve vatanda\u015flar\u0131 rahats\u0131z edecek g\u00f6r\u00fcnt\u00fc kirlili\u011fi yarat\u0131yor. Bisiklet [&hellip;]<\/p>\n","protected":false},"author":2,"featured_media":0,"comment_status":"open","ping_status":"open","sticky":false,"template":"","format":"standard","meta":{"footnotes":""},"categories":[],"tags":[],"class_list":["post-5059","post","type-post","status-publish","format-standard","hentry"],"views":24,"_links":{"self":[{"href":"https:\/\/mersingazetesi.com\/index.php\/wp-json\/wp\/v2\/posts\/5059","targetHints":{"allow":["GET"]}}],"collection":[{"href":"https:\/\/mersingazetesi.com\/index.php\/wp-json\/wp\/v2\/posts"}],"about":[{"href":"https:\/\/mersingazetesi.com\/index.php\/wp-json\/wp\/v2\/types\/post"}],"author":[{"embeddable":true,"href":"https:\/\/mersingazetesi.com\/index.php\/wp-json\/wp\/v2\/users\/2"}],"replies":[{"embeddable":true,"href":"https:\/\/mersingazetesi.com\/index.php\/wp-json\/wp\/v2\/comments?post=5059"}],"version-history":[{"count":0,"href":"https:\/\/mersingazetesi.com\/index.php\/wp-json\/wp\/v2\/posts\/5059\/revisions"}],"wp:attachment":[{"href":"https:\/\/mersingazetesi.com\/index.php\/wp-json\/wp\/v2\/media?parent=5059"}],"wp:term":[{"taxonomy":"category","embeddable":true,"href":"https:\/\/mersingazetesi.com\/index.php\/wp-json\/wp\/v2\/categories?post=5059"},{"taxonomy":"post_tag","embeddable":true,"href":"https:\/\/mersingazetesi.com\/index.php\/wp-json\/wp\/v2\/tags?post=5059"}],"curies":[{"name":"wp","href":"https:\/\/api.w.org\/{rel}","templated":true}]}}