{"id":5058,"date":"2021-11-23T11:53:48","date_gmt":"2021-11-23T08:53:48","guid":{"rendered":"http:\/\/mersin.mesiad.org\/index.php\/2021\/11\/23\/gorun-bizi-projesi-tanitildi\/"},"modified":"2021-11-23T11:53:48","modified_gmt":"2021-11-23T08:53:48","slug":"gorun-bizi-projesi-tanitildi","status":"publish","type":"post","link":"https:\/\/mersingazetesi.com\/index.php\/2021\/11\/23\/gorun-bizi-projesi-tanitildi\/","title":{"rendered":"&#8216;G\u00f6r\u00fcn Bizi Projesi&#8217; tan\u0131t\u0131ld\u0131"},"content":{"rendered":"<p style=\"text-align: justify;\"><span style=\"font-family: sans-serif; font-size: 14px; text-align: justify; background-color: rgb(242, 244, 245);\">Mersin Valili\u011fi himayesinde Aile \u00c7al\u0131\u015fma ve Sosyal Hizmetler \u0130l M\u00fcd\u00fcrl\u00fc\u011f\u00fc ve T\u00fcrkiye Soroptimist Kul\u00fcpleri Federasyonu ortakl\u0131\u011f\u0131nda k\u0131z \u00e7ocuklar\u0131n\u0131n erken ya da zorla evlendirilmesi sorununa dikkat \u00e7ekmek amac\u0131yla haz\u0131rlanan &#8216;G\u00f6r\u00fcn Bizi Projesi&#8217;, Vali Ali \u0130hsan Su\u2019nun e\u015fi Zeliha Su&#8217;nun da kat\u0131ld\u0131\u011f\u0131 toplant\u0131yla Mersin&#8217;de tan\u0131t\u0131ld\u0131.<\/span><br style=\"box-sizing: border-box; font-family: sans-serif; font-size: 14px; text-align: justify; background-color: rgb(242, 244, 245);\" \/><br \/>\n<span style=\"font-family: sans-serif; font-size: 14px; text-align: justify; background-color: rgb(242, 244, 245);\">Edebiyat\u00e7\u0131 yazar \u0130pek Ongun\u2019un da destek verdi\u011fi proje kapsam\u0131nda ilk etapta Mersin\u2019de ebeveyn ve yeti\u015fkinlere y\u00f6nelik bilin\u00e7lendirme e\u011fitimleri yap\u0131lacak. Proje sonras\u0131nda Anadolu\u2019nun farkl\u0131 kentlerine de ta\u015f\u0131nacak.<\/span><br style=\"box-sizing: border-box; font-family: sans-serif; font-size: 14px; text-align: justify; background-color: rgb(242, 244, 245);\" \/><br \/>\n<span style=\"font-family: sans-serif; font-size: 14px; text-align: justify; background-color: rgb(242, 244, 245);\">Yeni\u015fehir Belediyesi Nikah Salonu&#8217;ndaki tan\u0131t\u0131m toplant\u0131s\u0131nda konu\u015fan Mersin \u00c7al\u0131\u015fma ve Sosyal Hizmetler \u0130l M\u00fcd\u00fcr\u00fc Veysel Topkaya, erken ya\u015fta evlili\u011fin d\u00fcnyada oldu\u011fu gibi T\u00fcrkiye&#8217;de de sorun oldu\u011funu belirterek, &#8220;E\u015flerden birinin ya da ikisinin birden 18 ya\u015f\u0131n\u0131n alt\u0131nda oldu\u011fu evliliklere erken ya\u015fta evlilik diyoruz. Fiziksel ve psikolojik a\u00e7\u0131dan evlili\u011fe haz\u0131r olmayan bu \u00e7ocuklar, kendi istekleri d\u0131\u015f\u0131nda evlendirilmektedir. Ve ne yaz\u0131k ki bu evlilikler k\u0131zlar\u0131m\u0131z\u0131n ma\u011fduriyeti ile sonu\u00e7lanmaktad\u0131r. Erken ya\u015fta evlilik d\u00fcnyada oldu\u011fu gibi \u00fclkemizde de bir sorun. \u0130statistiklere g\u00f6re 2030 y\u0131l\u0131nda d\u00fcnyada yakla\u015f\u0131k 950 milyon \u00e7ocuk bu sorun ile y\u00fcz y\u00fcze kalacak. Aile, \u00c7al\u0131\u015fma ve Sosyal Hizmetler Bakanl\u0131\u011f\u0131 ve Mersin \u00c7al\u0131\u015fma ve Sosyal Hizmetler \u0130l M\u00fcd\u00fcrl\u00fc\u011f\u00fc olarak, kad\u0131nlar\u0131m\u0131z\u0131n ve k\u0131zlar\u0131m\u0131z\u0131n ya\u015famlar\u0131n\u0131 e\u011fitim ile g\u00fc\u00e7lendirmeye odaklanan, k\u0131z \u00e7ocuklar\u0131n\u0131n e\u011fitimlerine destek olan, onlar\u0131n geli\u015fimine y\u00f6nelik toplumumuzu ayd\u0131nlatmaya y\u00f6nelik \u00e7al\u0131\u015fmalar yapmaktay\u0131z. &#8216;G\u00f6r\u00fcn Bizi Projesi\u2019ni, valili\u011fimiz himayesinde beraberce y\u00fcr\u00fctecek, bu konuda bilin\u00e7lendirme e\u011fitimleri d\u00fczenleyece\u011fiz. E\u011fitimlerimizi \u00fc\u00e7 ay gibi bir s\u00fcre i\u00e7inde h\u0131zla ve geni\u015f kitlelere eri\u015fme hedefiyle yapmay\u0131 planl\u0131yoruz\u201d dedi.<\/span><\/p>\n<p style=\"text-align: justify;\"><br style=\"box-sizing: border-box; font-family: sans-serif; font-size: 14px; text-align: justify; background-color: rgb(242, 244, 245);\" \/><br \/>\n<span style=\"font-family: sans-serif; font-size: 14px; text-align: justify; background-color: rgb(242, 244, 245);\">&#8220;K\u0131z \u00e7ocuklar\u0131n\u0131n sesi olaca\u011f\u0131z&#8221;<\/span><\/p>\n<p style=\"text-align: justify;\"><br style=\"box-sizing: border-box; font-family: sans-serif; font-size: 14px; text-align: justify; background-color: rgb(242, 244, 245);\" \/><br \/>\n<span style=\"font-family: sans-serif; font-size: 14px; text-align: justify; background-color: rgb(242, 244, 245);\">T\u00fcrkiye Soroptimist Kul\u00fcpleri Federasyonu Ba\u015fkan\u0131 Nur Velidedeo\u011flu Kavuncu ise projeyle k\u0131z \u00e7ocuklar\u0131n\u0131n sesi olacaklar\u0131n\u0131 ve d\u00fczenlenecek e\u011fitimlerle bu konuda sosyal bilinci y\u00fckseltmeyi hedeflediklerini s\u00f6yledi. Kavuncu, \u201cEvlilik, iki yeti\u015fkin aras\u0131ndaki kar\u015f\u0131l\u0131kl\u0131 \u00f6zg\u00fcr iradeye dayanan me\u015fru bir birlikteliktir. Bir k\u0131z hen\u00fcz \u00e7ocukken evlenmeye zorland\u0131\u011f\u0131nda, bunun hem k\u0131sa hem de uzun vadede ya\u015fam\u0131 boyunca s\u00fcrecek sonu\u00e7lar\u0131na katlanmak zorunda b\u0131rak\u0131lmaktad\u0131r. Bu nedenle bizler k\u0131z \u00e7ocuklar\u0131m\u0131z\u0131n sesi olup, ba\u015fta aileler olmak \u00fczere toplumsal fark\u0131ndal\u0131\u011f\u0131 artt\u0131rmak ad\u0131na bu \u00f6zel projeyi ba\u015flatt\u0131k. K\u0131z \u00e7ocuklar\u0131m\u0131z\u0131n erken veya zorla evlendirilmesine y\u00f6nelik ba\u015flatt\u0131\u011f\u0131m\u0131z toplumsal sosyal sorumluluk projemiz \u2018G\u00f6r\u00fcn Bizi Projesi\u2019 ile k\u0131z \u00e7ocuklar\u0131n\u0131n sesi olup, d\u00fczenlenecek panel ve e\u011fitimlerle bu konuda sosyal bilinci y\u00fckseltmeyi hedefliyoruz&#8221; diye konu\u015ftu.<\/span><br style=\"box-sizing: border-box; font-family: sans-serif; font-size: 14px; text-align: justify; background-color: rgb(242, 244, 245);\" \/><br \/>\n<span style=\"font-family: sans-serif; font-size: 14px; text-align: justify; background-color: rgb(242, 244, 245);\">Yazar \u0130pek Ongun\u2019dan projeye destek<\/span><br style=\"box-sizing: border-box; font-family: sans-serif; font-size: 14px; text-align: justify; background-color: rgb(242, 244, 245);\" \/><br \/>\n<span style=\"font-family: sans-serif; font-size: 14px; text-align: justify; background-color: rgb(242, 244, 245);\">Projeye destek veren edebiyat\u00e7\u0131, yazar \u0130pek Ongun, \u2018Bir erke\u011fi yeti\u015ftir bir birey kazan\u0131rs\u0131n, bir kad\u0131n\u0131 yeti\u015ftir bir aile kazan\u0131rs\u0131n&#8217; s\u00f6z\u00fcn\u00fc hat\u0131rlatarak, &#8220;Peki, bir kad\u0131n\u0131 13 -14 ya\u015f\u0131nda evlendirirsek, o hangi bilgi birikimiyle gelecek ku\u015faklar\u0131 yeti\u015ftirecek? O ya\u015fta evlenen bir k\u0131z \u00e7ocu\u011fu ne ortay\u0131 ne de liseyi bitirme \u015fans\u0131na sahip. \u00dcniversiteyi ise hayalinde bile g\u00f6remeyecektir. O zaman do\u011fru d\u00fcr\u00fcst e\u011fitim alamam\u0131\u015f, daha kendisi \u00e7ocuk bu kad\u0131n, nas\u0131l bir ku\u015fak yeti\u015ftirecektir? O nedenle mesaj\u0131m\u0131z \u2018bir erke\u011fi e\u011fit topluma bir birey kazand\u0131r\u0131rs\u0131n, bir k\u0131z \u00e7ocu\u011funun e\u011fitimini engelleme bir aile kazan\u0131rs\u0131n\u2019 olmal\u0131\u201d ifadelerini kulland\u0131.<\/span><br style=\"box-sizing: border-box; font-family: sans-serif; font-size: 14px; text-align: justify; background-color: rgb(242, 244, 245);\" \/><br \/>\n<span style=\"font-family: sans-serif; font-size: 14px; text-align: justify; background-color: rgb(242, 244, 245);\">Etkinlik kapsam\u0131nda, &#8216;\u00c7ocuk ve evlilik, \u00e7ocuk ve gelin kavramlar\u0131 neden yan yana olmamal\u0131&#8217; temal\u0131 panel d\u00fczenlendi.<\/span><br style=\"box-sizing: border-box; font-family: sans-serif; font-size: 14px; text-align: justify; background-color: rgb(242, 244, 245);\" \/><br \/>\n<span style=\"font-family: sans-serif; font-size: 14px; text-align: justify; background-color: rgb(242, 244, 245);\">Proje, Mersin\u2019de ebeveyn ve yeti\u015fkinlere y\u00f6nelik ger\u00e7ekle\u015ftirilecek bilin\u00e7lendirme e\u011fitimleri ile devam edecek. Kocaeli\u2019nde ba\u015flayan proje, Mersin\u2019deki ikinci etap sonras\u0131nda Adana, Ankara, Antakya, \u0130stanbul, \u0130zmir ve Samsun olmak \u00fczere T\u00fcrkiye\u2019nin di\u011fer \u015fehirlerinde de uygulanmas\u0131 ama\u00e7lan\u0131yor.<\/span><\/p>\n<p>\u0130HA<\/p>\n","protected":false},"excerpt":{"rendered":"<p>Mersin Valili\u011fi himayesinde Aile \u00c7al\u0131\u015fma ve Sosyal Hizmetler \u0130l M\u00fcd\u00fcrl\u00fc\u011f\u00fc ve T\u00fcrkiye Soroptimist Kul\u00fcpleri Federasyonu ortakl\u0131\u011f\u0131nda k\u0131z \u00e7ocuklar\u0131n\u0131n erken ya da zorla evlendirilmesi sorununa dikkat \u00e7ekmek amac\u0131yla haz\u0131rlanan &#8216;G\u00f6r\u00fcn Bizi Projesi&#8217;, Vali Ali \u0130hsan Su\u2019nun e\u015fi Zeliha Su&#8217;nun da kat\u0131ld\u0131\u011f\u0131 toplant\u0131yla Mersin&#8217;de tan\u0131t\u0131ld\u0131. Edebiyat\u00e7\u0131 yazar \u0130pek Ongun\u2019un da destek verdi\u011fi proje kapsam\u0131nda ilk etapta Mersin\u2019de [&hellip;]<\/p>\n","protected":false},"author":2,"featured_media":0,"comment_status":"open","ping_status":"open","sticky":false,"template":"","format":"standard","meta":{"footnotes":""},"categories":[],"tags":[],"class_list":["post-5058","post","type-post","status-publish","format-standard","hentry"],"views":18,"_links":{"self":[{"href":"https:\/\/mersingazetesi.com\/index.php\/wp-json\/wp\/v2\/posts\/5058","targetHints":{"allow":["GET"]}}],"collection":[{"href":"https:\/\/mersingazetesi.com\/index.php\/wp-json\/wp\/v2\/posts"}],"about":[{"href":"https:\/\/mersingazetesi.com\/index.php\/wp-json\/wp\/v2\/types\/post"}],"author":[{"embeddable":true,"href":"https:\/\/mersingazetesi.com\/index.php\/wp-json\/wp\/v2\/users\/2"}],"replies":[{"embeddable":true,"href":"https:\/\/mersingazetesi.com\/index.php\/wp-json\/wp\/v2\/comments?post=5058"}],"version-history":[{"count":0,"href":"https:\/\/mersingazetesi.com\/index.php\/wp-json\/wp\/v2\/posts\/5058\/revisions"}],"wp:attachment":[{"href":"https:\/\/mersingazetesi.com\/index.php\/wp-json\/wp\/v2\/media?parent=5058"}],"wp:term":[{"taxonomy":"category","embeddable":true,"href":"https:\/\/mersingazetesi.com\/index.php\/wp-json\/wp\/v2\/categories?post=5058"},{"taxonomy":"post_tag","embeddable":true,"href":"https:\/\/mersingazetesi.com\/index.php\/wp-json\/wp\/v2\/tags?post=5058"}],"curies":[{"name":"wp","href":"https:\/\/api.w.org\/{rel}","templated":true}]}}