{"id":5020,"date":"2021-11-23T11:53:44","date_gmt":"2021-11-23T08:53:44","guid":{"rendered":"http:\/\/mersin.mesiad.org\/index.php\/2021\/11\/23\/mersinde-24-kasim-ogretmenler-gunu-torenle-kutlandi\/"},"modified":"2021-11-23T11:53:44","modified_gmt":"2021-11-23T08:53:44","slug":"mersinde-24-kasim-ogretmenler-gunu-torenle-kutlandi","status":"publish","type":"post","link":"https:\/\/mersingazetesi.com\/index.php\/2021\/11\/23\/mersinde-24-kasim-ogretmenler-gunu-torenle-kutlandi\/","title":{"rendered":"Mersin&#8217;de 24 Kas\u0131m \u00d6\u011fretmenler G\u00fcn\u00fc t\u00f6renle kutland\u0131"},"content":{"rendered":"<p><span style=\"font-family: sans-serif; font-size: 14px; text-align: justify; background-color: rgb(242, 244, 245);\">Mersin&#8217;de 24 Kas\u0131m \u00d6\u011fretmenler G\u00fcn\u00fc \u00e7e\u015fitli etkinliklerle kutland\u0131.<\/span><br style=\"box-sizing: border-box; font-family: sans-serif; font-size: 14px; text-align: justify; background-color: rgb(242, 244, 245);\" \/><br \/>\n<span style=\"font-family: sans-serif; font-size: 14px; text-align: justify; background-color: rgb(242, 244, 245);\">Mersin Cumhuriyet Meydan\u0131&#8217;nda Atat\u00fcrk An\u0131t\u0131na \u0130l Milli E\u011fitim M\u00fcd\u00fcrl\u00fc\u011f\u00fc&#8217;n\u00fcn \u00e7elenk sunmas\u0131yla ba\u015flayan t\u00f6ren, K\u00fclt\u00fcr Merkezi&#8217;nde ger\u00e7ekle\u015ftirilen programla devam etti. Sayg\u0131 duru\u015fu ve \u0130stiklal Mar\u015f\u0131&#8217;n\u0131n okunmas\u0131yla ba\u015flayan programda, \u00f6\u011fretmenler g\u00fcn\u00fcne \u00f6zel video g\u00f6sterimi yap\u0131ld\u0131.<\/span><br style=\"box-sizing: border-box; font-family: sans-serif; font-size: 14px; text-align: justify; background-color: rgb(242, 244, 245);\" \/><br \/>\n<span style=\"font-family: sans-serif; font-size: 14px; text-align: justify; background-color: rgb(242, 244, 245);\">T\u00f6rende konu\u015fan Mersin Valisi Ali \u0130hsan Su, \u00f6\u011fretmenlerin her insan\u0131n hayat\u0131nda mutlaka izi oldu\u011funu s\u00f6yledi. \u00d6\u011fretmenlerin rol model oldu\u011funu vurgulayan Su, &#8220;\u00d6\u011fretmenlerimiz \u00f6\u011frencilerin hayat\u0131na dokunur, onlar\u0131 hayata kazand\u0131r\u0131r. Onlar\u0131n karakterini en g\u00fczel \u015fekilde olu\u015fturur&#8221; dedi.<\/span><br style=\"box-sizing: border-box; font-family: sans-serif; font-size: 14px; text-align: justify; background-color: rgb(242, 244, 245);\" \/><br \/>\n<span style=\"font-family: sans-serif; font-size: 14px; text-align: justify; background-color: rgb(242, 244, 245);\">\u0130l Milli E\u011fitim M\u00fcd\u00fcr\u00fc Adem Koca da \u00f6\u011fretmenlerin, e\u011fitim sisteminin temel yap\u0131 ta\u015flar\u0131 oldu\u011funu belirtti. &#8220;\u00d6\u011fretmenlik, kendi can\u0131ndan olmayan\u0131 can\u0131n yapabilmektir&#8221; diyen Koca, &#8220;\u00d6\u011fretmen hem mazidir hem gelecektir. Bir \u00f6\u011fretmen ebediyete h\u00fckmeden insand\u0131r, tesirlerinin nerede bitece\u011fi asla tahayy\u00fcl edilemez. Kutsal oldu\u011fu kadar mesuliyeti de a\u011f\u0131r olan bu mesle\u011fi icra eden b\u00fct\u00fcn meslekta\u015flar\u0131m, vatan topra\u011f\u0131m\u0131z \u00fczerinde \u015fanl\u0131 bayra\u011f\u0131m\u0131z\u0131n dalgaland\u0131\u011f\u0131 her k\u00f6\u015fede birer me\u015fale gibi parlamaktad\u0131rlar&#8221; ifadelerini kulland\u0131.<\/span><br style=\"box-sizing: border-box; font-family: sans-serif; font-size: 14px; text-align: justify; background-color: rgb(242, 244, 245);\" \/><br \/>\n<span style=\"font-family: sans-serif; font-size: 14px; text-align: justify; background-color: rgb(242, 244, 245);\">Konu\u015fmalar\u0131n ard\u0131ndan Vali Su, emekli \u00f6\u011fretmenlere Hizmet \u015eeref Belgesi takdim etti. \u00c7e\u015fitli yar\u0131\u015fmalarda derecelere giren \u00f6\u011frencilere \u00f6d\u00fcllerinin verilmesinin ard\u0131ndan program, \u00f6\u011fretmenler korosunun konseriyle sona erdi.<\/span><\/p>\n<p>\u0130HA<\/p>\n","protected":false},"excerpt":{"rendered":"<p>Mersin&#8217;de 24 Kas\u0131m \u00d6\u011fretmenler G\u00fcn\u00fc \u00e7e\u015fitli etkinliklerle kutland\u0131. Mersin Cumhuriyet Meydan\u0131&#8217;nda Atat\u00fcrk An\u0131t\u0131na \u0130l Milli E\u011fitim M\u00fcd\u00fcrl\u00fc\u011f\u00fc&#8217;n\u00fcn \u00e7elenk sunmas\u0131yla ba\u015flayan t\u00f6ren, K\u00fclt\u00fcr Merkezi&#8217;nde ger\u00e7ekle\u015ftirilen programla devam etti. Sayg\u0131 duru\u015fu ve \u0130stiklal Mar\u015f\u0131&#8217;n\u0131n okunmas\u0131yla ba\u015flayan programda, \u00f6\u011fretmenler g\u00fcn\u00fcne \u00f6zel video g\u00f6sterimi yap\u0131ld\u0131. T\u00f6rende konu\u015fan Mersin Valisi Ali \u0130hsan Su, \u00f6\u011fretmenlerin her insan\u0131n hayat\u0131nda mutlaka izi oldu\u011funu [&hellip;]<\/p>\n","protected":false},"author":2,"featured_media":0,"comment_status":"open","ping_status":"open","sticky":false,"template":"","format":"standard","meta":{"footnotes":""},"categories":[],"tags":[],"class_list":["post-5020","post","type-post","status-publish","format-standard","hentry"],"views":18,"_links":{"self":[{"href":"https:\/\/mersingazetesi.com\/index.php\/wp-json\/wp\/v2\/posts\/5020","targetHints":{"allow":["GET"]}}],"collection":[{"href":"https:\/\/mersingazetesi.com\/index.php\/wp-json\/wp\/v2\/posts"}],"about":[{"href":"https:\/\/mersingazetesi.com\/index.php\/wp-json\/wp\/v2\/types\/post"}],"author":[{"embeddable":true,"href":"https:\/\/mersingazetesi.com\/index.php\/wp-json\/wp\/v2\/users\/2"}],"replies":[{"embeddable":true,"href":"https:\/\/mersingazetesi.com\/index.php\/wp-json\/wp\/v2\/comments?post=5020"}],"version-history":[{"count":0,"href":"https:\/\/mersingazetesi.com\/index.php\/wp-json\/wp\/v2\/posts\/5020\/revisions"}],"wp:attachment":[{"href":"https:\/\/mersingazetesi.com\/index.php\/wp-json\/wp\/v2\/media?parent=5020"}],"wp:term":[{"taxonomy":"category","embeddable":true,"href":"https:\/\/mersingazetesi.com\/index.php\/wp-json\/wp\/v2\/categories?post=5020"},{"taxonomy":"post_tag","embeddable":true,"href":"https:\/\/mersingazetesi.com\/index.php\/wp-json\/wp\/v2\/tags?post=5020"}],"curies":[{"name":"wp","href":"https:\/\/api.w.org\/{rel}","templated":true}]}}