{"id":5012,"date":"2021-11-23T11:53:41","date_gmt":"2021-11-23T08:53:41","guid":{"rendered":"http:\/\/mersin.mesiad.org\/index.php\/2021\/11\/23\/tarihi-lamos-kalesinde-yangin\/"},"modified":"2021-11-23T11:53:41","modified_gmt":"2021-11-23T08:53:41","slug":"tarihi-lamos-kalesinde-yangin","status":"publish","type":"post","link":"https:\/\/mersingazetesi.com\/index.php\/2021\/11\/23\/tarihi-lamos-kalesinde-yangin\/","title":{"rendered":"Tarihi Lamos Kalesi&#8217;nde yang\u0131n"},"content":{"rendered":"<p><span style=\"font-family: sans-serif; font-size: 14px; text-align: justify; background-color: rgb(242, 244, 245);\">Mersin&#8217;in Erdemli il\u00e7esinde bulunan tarihi Lamos Kalesi&#8217;nde yang\u0131n \u00e7\u0131kt\u0131. Yang\u0131na, orman araz\u00f6zleri ile itfaiye ekipleri m\u00fcdahalede bulundu.<\/span><br style=\"box-sizing: border-box; font-family: sans-serif; font-size: 14px; text-align: justify; background-color: rgb(242, 244, 245);\" \/><br \/>\n<span style=\"font-family: sans-serif; font-size: 14px; text-align: justify; background-color: rgb(242, 244, 245);\">Edinilen bilgiye g\u00f6re \u00f6\u011fle saatlerinde Limonlu Mahallesinde bulunan etraf\u0131 \u00e7al\u0131larla kapl\u0131 tarihi Lamos kalesinden dumanlar ve alevler y\u00fckseldi\u011fini g\u00f6ren vatanda\u015flar durumu itfaiyeye haber verdi. \u0130hbar \u00fczerine yanan kaleye Erdemli Orman \u0130\u015fletme M\u00fcd\u00fcrl\u00fc\u011f\u00fcne ba\u011fl\u0131 araz\u00f6zler ile Mersin B\u00fcy\u00fck\u015fehir Belediyesine ait itfaiye ekipleri gelerek m\u00fcdahalede bulundu. \u00c7evredeki evlere s\u0131\u00e7ramadan yang\u0131n kontrol alt\u0131na al\u0131narak s\u00f6nd\u00fcr\u00fcld\u00fc. Yang\u0131n\u0131n \u00e7\u0131k\u0131\u015f sebebinin belirlenmesi i\u00e7in inceleme yap\u0131l\u0131rken, ekiplerin y\u00fcr\u00fctt\u00fc\u011f\u00fc so\u011futma \u00e7al\u0131\u015fmas\u0131 ise halen s\u00fcr\u00fcyor.<\/span><\/p>\n<p>\u0130HA<\/p>\n","protected":false},"excerpt":{"rendered":"<p>Mersin&#8217;in Erdemli il\u00e7esinde bulunan tarihi Lamos Kalesi&#8217;nde yang\u0131n \u00e7\u0131kt\u0131. Yang\u0131na, orman araz\u00f6zleri ile itfaiye ekipleri m\u00fcdahalede bulundu. Edinilen bilgiye g\u00f6re \u00f6\u011fle saatlerinde Limonlu Mahallesinde bulunan etraf\u0131 \u00e7al\u0131larla kapl\u0131 tarihi Lamos kalesinden dumanlar ve alevler y\u00fckseldi\u011fini g\u00f6ren vatanda\u015flar durumu itfaiyeye haber verdi. \u0130hbar \u00fczerine yanan kaleye Erdemli Orman \u0130\u015fletme M\u00fcd\u00fcrl\u00fc\u011f\u00fcne ba\u011fl\u0131 araz\u00f6zler ile Mersin B\u00fcy\u00fck\u015fehir Belediyesine [&hellip;]<\/p>\n","protected":false},"author":2,"featured_media":0,"comment_status":"open","ping_status":"open","sticky":false,"template":"","format":"standard","meta":{"footnotes":""},"categories":[],"tags":[],"class_list":["post-5012","post","type-post","status-publish","format-standard","hentry"],"views":25,"_links":{"self":[{"href":"https:\/\/mersingazetesi.com\/index.php\/wp-json\/wp\/v2\/posts\/5012","targetHints":{"allow":["GET"]}}],"collection":[{"href":"https:\/\/mersingazetesi.com\/index.php\/wp-json\/wp\/v2\/posts"}],"about":[{"href":"https:\/\/mersingazetesi.com\/index.php\/wp-json\/wp\/v2\/types\/post"}],"author":[{"embeddable":true,"href":"https:\/\/mersingazetesi.com\/index.php\/wp-json\/wp\/v2\/users\/2"}],"replies":[{"embeddable":true,"href":"https:\/\/mersingazetesi.com\/index.php\/wp-json\/wp\/v2\/comments?post=5012"}],"version-history":[{"count":0,"href":"https:\/\/mersingazetesi.com\/index.php\/wp-json\/wp\/v2\/posts\/5012\/revisions"}],"wp:attachment":[{"href":"https:\/\/mersingazetesi.com\/index.php\/wp-json\/wp\/v2\/media?parent=5012"}],"wp:term":[{"taxonomy":"category","embeddable":true,"href":"https:\/\/mersingazetesi.com\/index.php\/wp-json\/wp\/v2\/categories?post=5012"},{"taxonomy":"post_tag","embeddable":true,"href":"https:\/\/mersingazetesi.com\/index.php\/wp-json\/wp\/v2\/tags?post=5012"}],"curies":[{"name":"wp","href":"https:\/\/api.w.org\/{rel}","templated":true}]}}