{"id":4979,"date":"2021-11-23T11:53:40","date_gmt":"2021-11-23T08:53:40","guid":{"rendered":"http:\/\/mersin.mesiad.org\/index.php\/2021\/11\/23\/dogu-akdenizde-taskin-riski-olan-alanlar-belirlendi\/"},"modified":"2021-11-23T11:53:40","modified_gmt":"2021-11-23T08:53:40","slug":"dogu-akdenizde-taskin-riski-olan-alanlar-belirlendi","status":"publish","type":"post","link":"https:\/\/mersingazetesi.com\/index.php\/2021\/11\/23\/dogu-akdenizde-taskin-riski-olan-alanlar-belirlendi\/","title":{"rendered":"Do\u011fu Akdeniz&#8217;de ta\u015fk\u0131n riski olan alanlar belirlendi"},"content":{"rendered":"<p>&#8211; Do\u011fu Akdeniz havzas\u0131nda ta\u015fk\u0131n riski olan alanlar\u0131n belirlenerek, belirlenmi\u015f olan riskin y\u00f6netilmesi i\u00e7in tedbirleri i\u00e7eren ta\u015fk\u0131n y\u00f6netim plan\u0131n\u0131n haz\u0131rland\u0131\u011f\u0131 bildirildi.\u00a0<br \/>\nTar\u0131m ve Orman Bakanl\u0131\u011f\u0131 Su Y\u00f6netimi Genel M\u00fcd\u00fcrl\u00fc\u011f\u00fc taraf\u0131ndan haz\u0131rlanan &#8216;Do\u011fu Akdeniz Havzas\u0131 Ta\u015fk\u0131n Y\u00f6netim Plan\u0131n\u0131n Haz\u0131rlanmas\u0131 Projesi&#8217;nin kapan\u0131\u015f toplant\u0131s\u0131, Mersin Valisi Ali \u0130hsan Su ve Su Y\u00f6netimi Genel M\u00fcd\u00fcr\u00fc Bilal Dikmen\u2019in kat\u0131l\u0131mlar\u0131yla ger\u00e7ekle\u015ftirildi. Bir otelde d\u00fczenlenen toplant\u0131ya, Su Y\u00f6netimi Genel M\u00fcd\u00fcrl\u00fc\u011f\u00fc, Mersin \u0130l Tar\u0131m ve Orman M\u00fcd\u00fcrl\u00fc\u011f\u00fc, Meteoroloji B\u00f6lge M\u00fcd\u00fcrl\u00fc\u011f\u00fc ile firma temsilcileri kat\u0131l\u0131m sa\u011flad\u0131.\u00a0<\/p>\n<p>Toplant\u0131da konu\u015fan Mersin Valisi Ali \u0130hsan Su, suyun b\u00fct\u00fcn canl\u0131lar ve ekonomik faaliyetler a\u00e7\u0131s\u0131ndan \u00f6nemli oldu\u011funu belirterek, &#8220;Su, bug\u00fcn d\u00fcnyada sanayi i\u00e7in vazge\u00e7ilmez bir unsur olmaktad\u0131r. Tar\u0131m i\u00e7in vazge\u00e7ilmez bir kaynakt\u0131r. Yani su olmazsa sanayi ertesi g\u00fcn durur, su olmazsa tar\u0131m ertesi g\u00fcn bitmi\u015ftir. D\u00fcnyada her \u015fey suya ba\u011fl\u0131 y\u00fcr\u00fcyor. Tabi bu kadar \u00f6nemli bir madde ama d\u00fcnya sular\u0131n\u0131n y\u00fczde 2.5\u2019i canl\u0131lar taraf\u0131ndan kullan\u0131labilir su. Bu a\u00e7\u0131dan sular\u0131 korumam\u0131z ve kullanmada da tasarruflu olmam\u0131z \u00e7ok \u00f6nemli. Biz de \u00fclke olarak su zengini de\u011filiz, o y\u00fczden kaynaklar\u0131m\u0131z\u0131 iyi kullanmak zorunday\u0131z&#8221; dedi.\u00a0<br \/>\nCanl\u0131lar\u0131n hayat\u0131 i\u00e7in son derece \u00f6nemi bulunan suyun, iklimlerin de\u011fi\u015fmesi ve k\u00fcresel \u0131s\u0131nma ile beraber olumsuz etkenler ve ya\u011f\u0131\u015flar sebebiyle de bir felakete sebep olabildi\u011fini kaydeden Su, &#8220;Su Y\u00f6netimi Genel M\u00fcd\u00fcrl\u00fc\u011f\u00fc taraf\u0131ndan yeni ve \u00e7ok ciddi bir \u00e7al\u0131\u015fmayla T\u00fcrkiye&#8217;de Do\u011fu Akdeniz Havzas\u0131 ile birlikte toplam 25 havzada bu \u00e7al\u0131\u015fma ger\u00e7ekle\u015ftirilmektedir. Bu \u00e7al\u0131\u015fma \u00e7er\u00e7evesinde her kurumun g\u00f6revi belli, herkes buna g\u00f6re yap\u0131lacak \u00e7al\u0131\u015fmalar\u0131 takip edip ger\u00e7ekle\u015ftirecek. B\u00f6ylelikle ta\u015fk\u0131n ve a\u015f\u0131r\u0131 ya\u011f\u0131\u015flar nedeniyle olu\u015fabilecek zararlar\u0131n \u00f6n\u00fcne ge\u00e7ebilece\u011fiz. Ya\u011f\u0131\u015flarla meydana gelebilecek ta\u015fk\u0131nlar, ta\u015fk\u0131n \u00f6ncesi, ta\u015fk\u0131n an\u0131 ve ta\u015fk\u0131n sonras\u0131 al\u0131nmas\u0131 gereken tedbirler, hangi b\u00f6lgeler risk alt\u0131nda, b\u00f6yle bir ya\u011f\u0131\u015f zaman\u0131nda neler olabilir, bunlar\u0131n olmamas\u0131 i\u00e7in hangi tedbirleri almal\u0131y\u0131z&#8221; diye konu\u015ftu.\u00a0<\/p>\n<p>&#8220;Ta\u015fk\u0131n riski olan alanlar belirlendi&#8221;<br \/>\n\u00a0<br \/>\nSu Y\u00f6netimi Genel M\u00fcd\u00fcr\u00fc Bilal Dikmen ise su kaynaklar\u0131n\u0131n korunmas\u0131 ve s\u00fcrd\u00fcr\u00fclebilir y\u00f6netimi maksad\u0131yla yap\u0131lan mevzuat \u00e7al\u0131\u015fmalar\u0131na de\u011finerek, 2017 y\u0131l\u0131 Kas\u0131m ay\u0131nda ba\u015flayan Do\u011fu Akdeniz havzas\u0131 ta\u015fk\u0131n y\u00f6netim plan\u0131 haz\u0131rlama projesinin bug\u00fcn itibariyle tamamland\u0131\u011f\u0131n\u0131 belirtti. Proje kapsam\u0131nda ta\u015fk\u0131n riski \u00f6n de\u011ferlendirmesi yap\u0131larak, havzada ta\u015fk\u0131n riski a\u00e7\u0131s\u0131ndan riskli alanlar\u0131n belirlendi\u011fini a\u00e7\u0131klayan Dikmen, &#8220;Tehlikeler riski a\u00e7\u0131s\u0131ndan s\u0131n\u0131fland\u0131r\u0131larak belirlenmi\u015f olan riskin y\u00f6netilmesi i\u00e7in tedbirleri i\u00e7eren ta\u015fk\u0131n y\u00f6netim plan\u0131 haz\u0131rlanm\u0131\u015ft\u0131r. Payda\u015f kurumlar\u0131n\u0131n g\u00f6r\u00fc\u015f ve \u00f6nerileri al\u0131narak, projenin \u00e7\u0131kt\u0131lar\u0131na yans\u0131t\u0131lm\u0131\u015ft\u0131r. Proje kapsam\u0131nda 254 tedbir belirlenmi\u015ftir. Belirlenen tedbirlerin uygulanmas\u0131 i\u00e7in ilgili kurum ve kurulu\u015flar ile halk\u0131n i\u015f birli\u011fi i\u00e7erisinde \u00e7al\u0131\u015fmas\u0131n\u0131n ta\u015fk\u0131n riskinin azalt\u0131lmas\u0131na katk\u0131 sa\u011flanmas\u0131 beklenmektedir&#8221; \u015feklinde konu\u015ftu.<br \/>\n\u00a0<br \/>\nKonu\u015fmalar\u0131n ard\u0131ndan toplant\u0131, Su Y\u00f6netimi Genel M\u00fcd\u00fcrl\u00fc\u011f\u00fc yetkilileri taraf\u0131ndan ta\u015fk\u0131n y\u00f6netim plan\u0131 ile ilgili detayl\u0131 sunum ger\u00e7ekle\u015ftirilmesi ile devam etti.\u00a0<\/p>\n<p>\u0130HA<\/p>\n","protected":false},"excerpt":{"rendered":"<p>&#8211; Do\u011fu Akdeniz havzas\u0131nda ta\u015fk\u0131n riski olan alanlar\u0131n belirlenerek, belirlenmi\u015f olan riskin y\u00f6netilmesi i\u00e7in tedbirleri i\u00e7eren ta\u015fk\u0131n y\u00f6netim plan\u0131n\u0131n haz\u0131rland\u0131\u011f\u0131 bildirildi.\u00a0 Tar\u0131m ve Orman Bakanl\u0131\u011f\u0131 Su Y\u00f6netimi Genel M\u00fcd\u00fcrl\u00fc\u011f\u00fc taraf\u0131ndan haz\u0131rlanan &#8216;Do\u011fu Akdeniz Havzas\u0131 Ta\u015fk\u0131n Y\u00f6netim Plan\u0131n\u0131n Haz\u0131rlanmas\u0131 Projesi&#8217;nin kapan\u0131\u015f toplant\u0131s\u0131, Mersin Valisi Ali \u0130hsan Su ve Su Y\u00f6netimi Genel M\u00fcd\u00fcr\u00fc Bilal Dikmen\u2019in kat\u0131l\u0131mlar\u0131yla ger\u00e7ekle\u015ftirildi. [&hellip;]<\/p>\n","protected":false},"author":2,"featured_media":0,"comment_status":"open","ping_status":"open","sticky":false,"template":"","format":"standard","meta":{"footnotes":""},"categories":[],"tags":[],"class_list":["post-4979","post","type-post","status-publish","format-standard","hentry"],"views":35,"_links":{"self":[{"href":"https:\/\/mersingazetesi.com\/index.php\/wp-json\/wp\/v2\/posts\/4979","targetHints":{"allow":["GET"]}}],"collection":[{"href":"https:\/\/mersingazetesi.com\/index.php\/wp-json\/wp\/v2\/posts"}],"about":[{"href":"https:\/\/mersingazetesi.com\/index.php\/wp-json\/wp\/v2\/types\/post"}],"author":[{"embeddable":true,"href":"https:\/\/mersingazetesi.com\/index.php\/wp-json\/wp\/v2\/users\/2"}],"replies":[{"embeddable":true,"href":"https:\/\/mersingazetesi.com\/index.php\/wp-json\/wp\/v2\/comments?post=4979"}],"version-history":[{"count":0,"href":"https:\/\/mersingazetesi.com\/index.php\/wp-json\/wp\/v2\/posts\/4979\/revisions"}],"wp:attachment":[{"href":"https:\/\/mersingazetesi.com\/index.php\/wp-json\/wp\/v2\/media?parent=4979"}],"wp:term":[{"taxonomy":"category","embeddable":true,"href":"https:\/\/mersingazetesi.com\/index.php\/wp-json\/wp\/v2\/categories?post=4979"},{"taxonomy":"post_tag","embeddable":true,"href":"https:\/\/mersingazetesi.com\/index.php\/wp-json\/wp\/v2\/tags?post=4979"}],"curies":[{"name":"wp","href":"https:\/\/api.w.org\/{rel}","templated":true}]}}